{"id":10984,"date":"2023-06-30T12:22:51","date_gmt":"2023-06-30T15:22:51","guid":{"rendered":"https:\/\/pc.sc.gov.br\/?p=10984"},"modified":"2023-06-30T12:26:51","modified_gmt":"2023-06-30T15:26:51","slug":"policia-civil-deflagra-operacoes-irmaos-em-armas-e-genesis-nesta-sexta-feira-30","status":"publish","type":"post","link":"https:\/\/pc.sc.gov.br\/?p=10984","title":{"rendered":"Pol\u00edcia Civil deflagra opera\u00e7\u00f5es \u201cIrm\u00e3os em Armas\u201d e \u201cG\u00eanesis\u201d nesta sexta-feira (30)"},"content":{"rendered":"\t\t<div data-elementor-type=\"wp-post\" data-elementor-id=\"10984\" class=\"elementor elementor-10984\" data-elementor-post-type=\"post\">\n\t\t\t\t\t\t<section class=\"elementor-section elementor-top-section elementor-element elementor-element-4693ff7 elementor-section-boxed elementor-section-height-default elementor-section-height-default\" data-id=\"4693ff7\" data-element_type=\"section\">\n\t\t\t\t\t\t<div class=\"elementor-container elementor-column-gap-default\">\n\t\t\t\t\t<div class=\"elementor-column elementor-col-100 elementor-top-column elementor-element elementor-element-6e0dd63\" data-id=\"6e0dd63\" data-element_type=\"column\">\n\t\t\t<div class=\"elementor-widget-wrap elementor-element-populated\">\n\t\t\t\t\t\t<div class=\"elementor-element elementor-element-c652c3c elementor-widget elementor-widget-heading\" data-id=\"c652c3c\" data-element_type=\"widget\" data-widget_type=\"heading.default\">\n\t\t\t\t<div class=\"elementor-widget-container\">\n\t\t\t\t\t<h2 class=\"elementor-heading-title elementor-size-default\">Pol\u00edcia Civil deflagra opera\u00e7\u00f5es \u201cIrm\u00e3os em Armas\u201d e \u201cG\u00eanesis\u201d nesta sexta-feira (30)<\/h2>\t\t\t\t<\/div>\n\t\t\t\t<\/div>\n\t\t\t\t\t<\/div>\n\t\t<\/div>\n\t\t\t\t\t<\/div>\n\t\t<\/section>\n\t\t\t\t<section class=\"elementor-section elementor-top-section elementor-element elementor-element-0223ba3 elementor-section-boxed elementor-section-height-default elementor-section-height-default\" data-id=\"0223ba3\" data-element_type=\"section\">\n\t\t\t\t\t\t<div class=\"elementor-container elementor-column-gap-default\">\n\t\t\t\t\t<div class=\"elementor-column elementor-col-100 elementor-top-column elementor-element elementor-element-e89ad40\" data-id=\"e89ad40\" data-element_type=\"column\">\n\t\t\t<div class=\"elementor-widget-wrap elementor-element-populated\">\n\t\t\t\t\t\t<div class=\"elementor-element elementor-element-8f9b98f elementor--h-position-center elementor--v-position-middle elementor-arrows-position-inside elementor-pagination-position-inside elementor-widget elementor-widget-slides\" data-id=\"8f9b98f\" data-element_type=\"widget\" data-settings=\"{&quot;navigation&quot;:&quot;both&quot;,&quot;autoplay&quot;:&quot;yes&quot;,&quot;pause_on_hover&quot;:&quot;yes&quot;,&quot;pause_on_interaction&quot;:&quot;yes&quot;,&quot;autoplay_speed&quot;:5000,&quot;infinite&quot;:&quot;yes&quot;,&quot;transition&quot;:&quot;slide&quot;,&quot;transition_speed&quot;:500}\" data-widget_type=\"slides.default\">\n\t\t\t\t<div class=\"elementor-widget-container\">\n\t\t\t\t\t\t\t\t\t<div class=\"elementor-swiper\">\n\t\t\t\t\t<div class=\"elementor-slides-wrapper elementor-main-swiper swiper\" role=\"region\" aria-roledescription=\"carousel\" aria-label=\"Slides\" dir=\"ltr\" data-animation=\"fadeInUp\">\n\t\t\t\t<div class=\"swiper-wrapper elementor-slides\">\n\t\t\t\t\t\t\t\t\t\t<div class=\"elementor-repeater-item-7467bbc swiper-slide\" role=\"group\" aria-roledescription=\"slide\"><div class=\"swiper-slide-bg\" role=\"img\" aria-label=\"WhatsApp-Image-2023-06-30-at-07.23.10\"><\/div><div class=\"swiper-slide-inner\" ><div class=\"swiper-slide-contents\"><\/div><\/div><\/div><div class=\"elementor-repeater-item-4784837 swiper-slide\" role=\"group\" aria-roledescription=\"slide\"><div class=\"swiper-slide-bg\" role=\"img\" aria-label=\"WhatsApp Image 2023-06-30 at 07.11.38\"><\/div><div class=\"swiper-slide-inner\" ><div class=\"swiper-slide-contents\"><\/div><\/div><\/div>\t\t\t\t<\/div>\n\t\t\t\t\t\t\t\t\t\t\t\t\t\t\t<div class=\"elementor-swiper-button elementor-swiper-button-prev\" role=\"button\" tabindex=\"0\" aria-label=\"Previous slide\">\n\t\t\t\t\t\t\t<i aria-hidden=\"true\" class=\"eicon-chevron-left\"><\/i>\t\t\t\t\t\t<\/div>\n\t\t\t\t\t\t<div class=\"elementor-swiper-button elementor-swiper-button-next\" role=\"button\" tabindex=\"0\" aria-label=\"Next slide\">\n\t\t\t\t\t\t\t<i aria-hidden=\"true\" class=\"eicon-chevron-right\"><\/i>\t\t\t\t\t\t<\/div>\n\t\t\t\t\t\t\t\t\t\t\t\t\t\t\t\t<div class=\"swiper-pagination\"><\/div>\n\t\t\t\t\t\t\t\t\t\t\t\t<\/div>\n\t\t\t\t<\/div>\n\t\t\t\t\t\t\t\t<\/div>\n\t\t\t\t<\/div>\n\t\t\t\t\t<\/div>\n\t\t<\/div>\n\t\t\t\t\t<\/div>\n\t\t<\/section>\n\t\t\t\t<section class=\"elementor-section elementor-top-section elementor-element elementor-element-5ac7d8f elementor-section-boxed elementor-section-height-default elementor-section-height-default\" data-id=\"5ac7d8f\" data-element_type=\"section\">\n\t\t\t\t\t\t<div class=\"elementor-container elementor-column-gap-default\">\n\t\t\t\t\t<div class=\"elementor-column elementor-col-100 elementor-top-column elementor-element elementor-element-c74af04\" data-id=\"c74af04\" data-element_type=\"column\">\n\t\t\t<div class=\"elementor-widget-wrap elementor-element-populated\">\n\t\t\t\t\t\t<div class=\"elementor-element elementor-element-e7e995d elementor-widget elementor-widget-text-editor\" data-id=\"e7e995d\" data-element_type=\"widget\" data-widget_type=\"text-editor.default\">\n\t\t\t\t<div class=\"elementor-widget-container\">\n\t\t\t\t\t\t\t\t\t<p>Nesta sexta-feira (30), a Pol\u00edcia Civil de Santa Catarina, por meio da Delegacia de Combate \u00e0 Corrup\u00e7\u00e3o e da Delegacia de Investiga\u00e7\u00e3o \u00e0 Lavagem de Dinheiro, com apoio Laborat\u00f3rio Lavagem de Dinheiro e da Coordenadoria Estadual de Combate \u00e0 Corrup\u00e7\u00e3o, deflagrou as opera\u00e7\u00f5es \u201cIrm\u00e3os em Armas\u201d e \u201cG\u00eanesis\u201d, nas cidades de Florian\u00f3polis, S\u00e3o Jos\u00e9, Palho\u00e7a, em Santa Catarina, e em Canoas, no Rio Grande do Sul. No total, foram expedidos pelo Poder Judici\u00e1rio nove mandados de busca e apreens\u00e3o.<br><b><br>Primeiro inqu\u00e9rito policial<\/b><br>O primeiro Inqu\u00e9rito Policial foi instaurado pela Diretoria Estadual de Investiga\u00e7\u00f5es Criminais (DEIC) a fim de apurar irregularidades e ilicitudes ocorridas nas contrata\u00e7\u00f5es diretas realizadas pela Secretaria de Estado da Administra\u00e7\u00e3o e pelo Porto de S\u00e3o Francisco do Sul durante o governo passado. <br>Trata-se da contrata\u00e7\u00e3o de um software de uma empresa de Florian\u00f3polis, cujo sistema foi constru\u00eddo com base na Metodologia Multicrit\u00e9rio de Apoio \u00e0 Decis\u00e3o Construtivista &#8211; MCDA-C, escolhida pelo Governo de Santa Catarina para gerir os indicadores de desempenho. <br>A investiga\u00e7\u00e3o apontou que os agentes pol\u00edticos da SEA e os servidores do alto escal\u00e3o do Porto envolvidos na contrata\u00e7\u00e3o, bem como o representante da empresa fornecedora do software, possu\u00edam v\u00ednculos com a Pol\u00edcia Militar de Santa Catarina e foram os respons\u00e1veis pela utiliza\u00e7\u00e3o e implementa\u00e7\u00e3o da metodologia MCDA-C no \u00e2mbito da institui\u00e7\u00e3o. <br>A metodologia come\u00e7ou a ser colocada em pr\u00e1tica na Pol\u00edcia Militar de Santa Catarina a partir 2013, fruto de estudos acad\u00eamicos realizados pelos investigados na Universidade Federal de Santa Catarina, utilizando-se, para a gest\u00e3o dos indicadores de desempenho, de software com valor infinitamente mais barato, o qual \u00e9 disponibilizado pela Secretaria de Seguran\u00e7a P\u00fablica aos \u00f3rg\u00e3os policiais.<br>A contrata\u00e7\u00e3o da empresa ocorreu por dispensa de licita\u00e7\u00e3o ap\u00f3s a juntada de algumas solicita\u00e7\u00f5es de or\u00e7amentos, destinadas a empresas estabelecidas em Santa Catarina e em outros estados, sendo que de todas as solicita\u00e7\u00f5es encaminhadas, apenas a empresa contratada respondeu. <br>Assim, com base nas negativas dos or\u00e7amentos solicitados, foi realizada a compra direta com fundamento no fato de ser a \u00fanica ferramenta adaptada e dispon\u00edvel no mercado para o uso da metodologia MCDA-C. J\u00e1 a contrata\u00e7\u00e3o no Porto de S\u00e3o Francisco do Sul apenas replicou o processo de inexigibilidade conduzido pela Secretaria de Estado de Administra\u00e7\u00e3o. Al\u00e9m disso, constatou-se que o termo de refer\u00eancia anexado ao SGPe, para a abertura do processo de contrata\u00e7\u00e3o do software pelo Porto, foi confeccionado pelo propriet\u00e1rio da empresa.<br>Por fim, h\u00e1 v\u00e1rios ind\u00edcios de que o programa sequer chegou a ser utilizado no Porto de S\u00e3o Francisco do Sul. O preju\u00edzo estimado com a contrata\u00e7\u00e3o da empresa \u00e9 de aproximadamente R$ 1.500.000,00 (um milh\u00e3o e quinhentos mil reais).<\/p><p>&nbsp; <br><b>Segundo inqu\u00e9rito policial<\/b><br>O segundo Inqu\u00e9rito Policial tramitando na DEIC decorre do compartilhamento de provas realizado pela Pol\u00edcia Civil de Rond\u00f4nia com base na investiga\u00e7\u00e3o que culminou com a Opera\u00e7\u00e3o Mobilis. A apura\u00e7\u00e3o teve in\u00edcio a partir de uma den\u00fancia an\u00f4nima dando conta de supostas irregularidades no certame licitat\u00f3rio que resultou na aquisi\u00e7\u00e3o de software, tablets e demais acess\u00f3rios para a implementa\u00e7\u00e3o do \u201cSISTEMA MOBILE\u201d, cujo objetivo \u00e9 possibilitar o registro de ocorr\u00eancia policial e a lavratura do Termo Circunstanciado no local dos fatos. <br>Ao analisar os dados obtidos atrav\u00e9s das medidas cautelares, os policiais civis de Rond\u00f4nia constataram fortuitamente que a empresa investigada tamb\u00e9m transacionou com outras unidades da federa\u00e7\u00e3o. <br>Em Santa Catarina, a mesma empresa presta servi\u00e7os \u00e0 Pol\u00edcia Militar desde 2011. Consequentemente, antecede \u2013 e muito, aos fatos ocorridos em 2018, os quais foram objeto da investiga\u00e7\u00e3o de Rond\u00f4nia. Isto \u00e9, a instru\u00e7\u00e3o do procedimento aponta que inauguralmente os crimes foram praticados no estado e em seguida a \u201cexpertise\u201d delitiva foi exportada para outras institui\u00e7\u00f5es militares, raz\u00e3o pela qual a opera\u00e7\u00e3o foi batizada de G\u00caNESIS. <br>Em s\u00edntese, a investiga\u00e7\u00e3o apontou que as licita\u00e7\u00f5es para criar\/manter o Sistema de Atendimento de Despacho de Emerg\u00eancia \u2013 SADE (PM MOBILE), da Pol\u00edcia Militar de Santa Catarina, foram direcionadas com a inclus\u00e3o de cl\u00e1usulas restritivas, exig\u00eancia de atestados de qualifica\u00e7\u00e3o expedido pela pr\u00f3pria Pol\u00edcia Militar e prazos ex\u00edguos para desenvolver o produto, o que afastou a participa\u00e7\u00e3o de outras empresas de tecnologia nos certames desde 2011. <br>Tamb\u00e9m, foi poss\u00edvel identificar a utiliza\u00e7\u00e3o de agentes p\u00fablicos para promover a empresa fora de Santa Catarina, com a finalidade de vender o produto para outras institui\u00e7\u00f5es militares, como ocorrido no estado de Rond\u00f4nia, bem como o recebimento de presentes pelos agentes p\u00fablicos e a elabora\u00e7\u00e3o conjunta entre empres\u00e1rio e agentes p\u00fablicos dos Termos de Refer\u00eancia.<br>A investiga\u00e7\u00e3o foi cindida pelo Poder Judici\u00e1rio pelo fato de os crimes terem sido praticados pelos militares na ativa, em desfavor da institui\u00e7\u00e3o e por estarem desenvolvendo posto de mando na PMSC. Ou seja, foram expedidas buscas e apreens\u00f5es tanto pela justi\u00e7a comum como pela justi\u00e7a castrense, sendo de responsabilidade da Pol\u00edcia Civil o cumprimento dos mandados nas resid\u00eancias\/empresas dos civis investigados, enquanto que a Pol\u00edcia Militar cumprir\u00e1 as ordens expedidas em desfavor dos militares envolvidos. <br>Por fim, os dois Inqu\u00e9ritos Policiais instaurados pela DEIC apuram crimes de associa\u00e7\u00e3o criminosa, corrup\u00e7\u00e3o ativa e passiva e fraude em licita\u00e7\u00e3o.<br>Os trabalhos contaram com apoio das Delegacia da DEIC, Pol\u00edcia Cient\u00edfica, 1\u00aa DECOR da Capital e da DECCOR\/DEIC do Rio Grande do Sul.<\/p>\t\t\t\t\t\t\t\t<\/div>\n\t\t\t\t<\/div>\n\t\t\t\t\t<\/div>\n\t\t<\/div>\n\t\t\t\t\t<\/div>\n\t\t<\/section>\n\t\t\t\t<section class=\"elementor-section elementor-top-section elementor-element elementor-element-f90680a elementor-section-boxed elementor-section-height-default elementor-section-height-default\" data-id=\"f90680a\" data-element_type=\"section\">\n\t\t\t\t\t\t<div class=\"elementor-container elementor-column-gap-default\">\n\t\t\t\t\t<div class=\"elementor-column elementor-col-100 elementor-top-column elementor-element elementor-element-e1492ea\" data-id=\"e1492ea\" data-element_type=\"column\">\n\t\t\t<div class=\"elementor-widget-wrap elementor-element-populated\">\n\t\t\t\t\t\t<div class=\"elementor-element elementor-element-c644bf2 elementor-widget elementor-widget-video\" data-id=\"c644bf2\" data-element_type=\"widget\" data-settings=\"{&quot;video_type&quot;:&quot;hosted&quot;,&quot;controls&quot;:&quot;yes&quot;}\" data-widget_type=\"video.default\">\n\t\t\t\t<div class=\"elementor-widget-container\">\n\t\t\t\t\t\t\t<div class=\"e-hosted-video elementor-wrapper elementor-open-inline\">\n\t\t\t\t\t<video class=\"elementor-video\" src=\"https:\/\/pc.sc.gov.br\/wp-content\/uploads\/2023\/06\/WhatsApp-Video-2023-06-30-at-07.11.39.mp4\" controls=\"\" preload=\"metadata\"><\/video>\n\t\t\t\t<\/div>\n\t\t\t\t\t\t<\/div>\n\t\t\t\t<\/div>\n\t\t\t\t\t<\/div>\n\t\t<\/div>\n\t\t\t\t\t<\/div>\n\t\t<\/section>\n\t\t\t\t<\/div>\n\t\t","protected":false},"excerpt":{"rendered":"<p>Pol\u00edcia Civil deflagra opera\u00e7\u00f5es \u201cIrm\u00e3os em Armas\u201d e \u201cG\u00eanesis\u201d nesta sexta-feira (30) Previous Next Nesta sexta-feira (30), a Pol\u00edcia Civil de Santa Catarina, por meio da Delegacia de Combate \u00e0 Corrup\u00e7\u00e3o e da Delegacia de Investiga\u00e7\u00e3o \u00e0 Lavagem de Dinheiro, com apoio Laborat\u00f3rio Lavagem de Dinheiro e da Coordenadoria Estadual de Combate \u00e0 Corrup\u00e7\u00e3o, deflagrou [&hellip;]<\/p>\n","protected":false},"author":5,"featured_media":10985,"comment_status":"closed","ping_status":"open","sticky":false,"template":"","format":"standard","meta":{"_monsterinsights_skip_tracking":false,"_monsterinsights_sitenote_active":false,"_monsterinsights_sitenote_note":"","_monsterinsights_sitenote_category":0,"footnotes":""},"categories":[1],"tags":[],"class_list":["post-10984","post","type-post","status-publish","format-standard","has-post-thumbnail","hentry","category-sem-categoria"],"_links":{"self":[{"href":"https:\/\/pc.sc.gov.br\/index.php?rest_route=\/wp\/v2\/posts\/10984","targetHints":{"allow":["GET"]}}],"collection":[{"href":"https:\/\/pc.sc.gov.br\/index.php?rest_route=\/wp\/v2\/posts"}],"about":[{"href":"https:\/\/pc.sc.gov.br\/index.php?rest_route=\/wp\/v2\/types\/post"}],"author":[{"embeddable":true,"href":"https:\/\/pc.sc.gov.br\/index.php?rest_route=\/wp\/v2\/users\/5"}],"replies":[{"embeddable":true,"href":"https:\/\/pc.sc.gov.br\/index.php?rest_route=%2Fwp%2Fv2%2Fcomments&post=10984"}],"version-history":[{"count":4,"href":"https:\/\/pc.sc.gov.br\/index.php?rest_route=\/wp\/v2\/posts\/10984\/revisions"}],"predecessor-version":[{"id":10991,"href":"https:\/\/pc.sc.gov.br\/index.php?rest_route=\/wp\/v2\/posts\/10984\/revisions\/10991"}],"wp:featuredmedia":[{"embeddable":true,"href":"https:\/\/pc.sc.gov.br\/index.php?rest_route=\/wp\/v2\/media\/10985"}],"wp:attachment":[{"href":"https:\/\/pc.sc.gov.br\/index.php?rest_route=%2Fwp%2Fv2%2Fmedia&parent=10984"}],"wp:term":[{"taxonomy":"category","embeddable":true,"href":"https:\/\/pc.sc.gov.br\/index.php?rest_route=%2Fwp%2Fv2%2Fcategories&post=10984"},{"taxonomy":"post_tag","embeddable":true,"href":"https:\/\/pc.sc.gov.br\/index.php?rest_route=%2Fwp%2Fv2%2Ftags&post=10984"}],"curies":[{"name":"wp","href":"https:\/\/api.w.org\/{rel}","templated":true}]}}