{"id":11485,"date":"2023-07-12T16:33:01","date_gmt":"2023-07-12T19:33:01","guid":{"rendered":"https:\/\/pc.sc.gov.br\/?p=11485"},"modified":"2023-07-12T16:35:46","modified_gmt":"2023-07-12T19:35:46","slug":"caoagro-da-policia-civil-participa-de-operacao-conjunta-e-interrompe-criacao-irregular-de-javalis-em-benedito-novo","status":"publish","type":"post","link":"https:\/\/pc.sc.gov.br\/?p=11485","title":{"rendered":"CAOAGRO da Pol\u00edcia Civil participa de opera\u00e7\u00e3o conjunta e interrompe cria\u00e7\u00e3o irregular de javalis em Benedito Novo"},"content":{"rendered":"\t\t<div data-elementor-type=\"wp-post\" data-elementor-id=\"11485\" class=\"elementor elementor-11485\" data-elementor-post-type=\"post\">\n\t\t\t\t\t\t<section class=\"elementor-section elementor-top-section elementor-element elementor-element-94aa63a elementor-section-boxed elementor-section-height-default elementor-section-height-default\" data-id=\"94aa63a\" data-element_type=\"section\">\n\t\t\t\t\t\t<div class=\"elementor-container elementor-column-gap-default\">\n\t\t\t\t\t<div class=\"elementor-column elementor-col-100 elementor-top-column elementor-element elementor-element-f4fbac5\" data-id=\"f4fbac5\" data-element_type=\"column\">\n\t\t\t<div class=\"elementor-widget-wrap elementor-element-populated\">\n\t\t\t\t\t\t<div class=\"elementor-element elementor-element-f04d85a elementor-widget elementor-widget-heading\" data-id=\"f04d85a\" data-element_type=\"widget\" data-widget_type=\"heading.default\">\n\t\t\t\t<div class=\"elementor-widget-container\">\n\t\t\t\t\t<h2 class=\"elementor-heading-title elementor-size-default\">CAOAGRO da Pol\u00edcia Civil participa de opera\u00e7\u00e3o conjunta e interrompe cria\u00e7\u00e3o irregular de javalis em Benedito Novo<\/h2>\t\t\t\t<\/div>\n\t\t\t\t<\/div>\n\t\t\t\t\t<\/div>\n\t\t<\/div>\n\t\t\t\t\t<\/div>\n\t\t<\/section>\n\t\t\t\t<section class=\"elementor-section elementor-top-section elementor-element elementor-element-7aafcd6 elementor-section-boxed elementor-section-height-default elementor-section-height-default\" data-id=\"7aafcd6\" data-element_type=\"section\">\n\t\t\t\t\t\t<div class=\"elementor-container elementor-column-gap-default\">\n\t\t\t\t\t<div class=\"elementor-column elementor-col-100 elementor-top-column elementor-element elementor-element-8ed8479\" data-id=\"8ed8479\" data-element_type=\"column\">\n\t\t\t<div class=\"elementor-widget-wrap elementor-element-populated\">\n\t\t\t\t\t\t<div class=\"elementor-element elementor-element-7cc7521 elementor-widget elementor-widget-image\" data-id=\"7cc7521\" data-element_type=\"widget\" data-widget_type=\"image.default\">\n\t\t\t\t<div class=\"elementor-widget-container\">\n\t\t\t\t\t\t\t\t\t\t\t\t\t\t\t<img fetchpriority=\"high\" decoding=\"async\" width=\"696\" height=\"696\" src=\"https:\/\/pc.sc.gov.br\/\/wp-content\/uploads\/2023\/07\/WhatsApp-Image-2023-07-12-at-15.48.56-1024x1024.jpeg\" class=\"attachment-large size-large wp-image-11487\" alt=\"\" srcset=\"https:\/\/pc.sc.gov.br\/\/wp-content\/uploads\/2023\/07\/WhatsApp-Image-2023-07-12-at-15.48.56-1024x1024.jpeg 1024w, https:\/\/pc.sc.gov.br\/\/wp-content\/uploads\/2023\/07\/WhatsApp-Image-2023-07-12-at-15.48.56-300x300.jpeg 300w, https:\/\/pc.sc.gov.br\/\/wp-content\/uploads\/2023\/07\/WhatsApp-Image-2023-07-12-at-15.48.56-150x150.jpeg 150w, https:\/\/pc.sc.gov.br\/\/wp-content\/uploads\/2023\/07\/WhatsApp-Image-2023-07-12-at-15.48.56-768x768.jpeg 768w, https:\/\/pc.sc.gov.br\/\/wp-content\/uploads\/2023\/07\/WhatsApp-Image-2023-07-12-at-15.48.56.jpeg 1200w\" sizes=\"(max-width: 696px) 100vw, 696px\" \/>\t\t\t\t\t\t\t\t\t\t\t\t\t\t\t<\/div>\n\t\t\t\t<\/div>\n\t\t\t\t\t<\/div>\n\t\t<\/div>\n\t\t\t\t\t<\/div>\n\t\t<\/section>\n\t\t\t\t<section class=\"elementor-section elementor-top-section elementor-element elementor-element-69d5e7a elementor-section-boxed elementor-section-height-default elementor-section-height-default\" data-id=\"69d5e7a\" data-element_type=\"section\">\n\t\t\t\t\t\t<div class=\"elementor-container elementor-column-gap-default\">\n\t\t\t\t\t<div class=\"elementor-column elementor-col-100 elementor-top-column elementor-element elementor-element-742faa5\" data-id=\"742faa5\" data-element_type=\"column\">\n\t\t\t<div class=\"elementor-widget-wrap elementor-element-populated\">\n\t\t\t\t\t\t<div class=\"elementor-element elementor-element-b1087a1 elementor-widget elementor-widget-text-editor\" data-id=\"b1087a1\" data-element_type=\"widget\" data-widget_type=\"text-editor.default\">\n\t\t\t\t<div class=\"elementor-widget-container\">\n\t\t\t\t\t\t\t\t\t<p>A Pol\u00edcia Civil de Santa Catarina, por meio do Centro Estadual de Apoio Operacional de Combate aos Crimes Contra o Agroneg\u00f3cio (CAOAGRO), juntamente com a Pol\u00edcia Militar Ambiental de Blumenau, IBAMA, IMA de Florian\u00f3polis e veterin\u00e1rios da CIDASC da regional de Blumenau, realizou na ter\u00e7a-feira (11)&nbsp; fiscaliza\u00e7\u00e3o em duas propriedades rurais suspeitas de manter esp\u00e9cies nocivas, no interior de Benedito Novo.<\/p>\n<p>Durante inspe\u00e7\u00e3o foi flagrada a cria\u00e7\u00e3o de 10 javalis\/javaporcos, o que \u00e9 proibido pela legisla\u00e7\u00e3o, isso porque se trata de fauna ex\u00f3tica invasora, selvagem\/asselvajada, capaz de destruir lavouras e causar danos \u00e0 flora e \u00e0 fauna. N\u00e3o \u00e9 s\u00f3, o javali e o javaporco podem transmitir graves doen\u00e7as aos su\u00ednos e aos seres humanos.&nbsp;<span style=\"font-family: var( --e-global-typography-primary-font-family ), Sans-serif; font-size: var( --e-global-typography-primary-font-size ); font-weight: var( --e-global-typography-primary-font-weight ); letter-spacing: var( --e-global-typography-primary-letter-spacing );\">Para preservar a sanidade catarinense, os profissionais habilitados, com o aux\u00edlio dos propriet\u00e1rios, realizaram o abate humanit\u00e1rio dos animais.<\/span><\/p>\n<p>Esses locais possuem hist\u00f3rico de cria\u00e7\u00e3o de mais de 100 javalis\/javaporcos ao longo dos anos. Os propriet\u00e1rios foram notificados administrativamente por infra\u00e7\u00e3o \u00e0s normas sanit\u00e1rias e, al\u00e9m da aplica\u00e7\u00e3o de multas, ser\u00e1 lavrado procedimento policial em seu desfavor por crime ambiental. A cria\u00e7\u00e3o de javalis e sua cruza com o porco dom\u00e9stico \u00e9 um risco \u00e0 agricultura e \u00e0 sa\u00fade p\u00fablica.<\/p>\n<p>Os policiais forneceram suporte para que os fiscais e veterin\u00e1rios realizassem a adequa\u00e7\u00e3o do local. A uni\u00e3o de esfor\u00e7os entre a Pol\u00edcia Civil, CIDASC, IMA, IBAMA e PMA tem por objetivo ampliar as a\u00e7\u00f5es de defesa agropecu\u00e1ria no Estado, bem como evitar a ocorr\u00eancia de crimes patrimoniais contra o agroneg\u00f3cio.<span style=\"color: var( --e-global-color-text ); font-family: var( --e-global-typography-primary-font-family ), Sans-serif; font-size: var( --e-global-typography-primary-font-size ); font-weight: var( --e-global-typography-primary-font-weight ); letter-spacing: var( --e-global-typography-primary-letter-spacing );\">&nbsp;<\/span><\/p>\t\t\t\t\t\t\t\t<\/div>\n\t\t\t\t<\/div>\n\t\t\t\t\t<\/div>\n\t\t<\/div>\n\t\t\t\t\t<\/div>\n\t\t<\/section>\n\t\t\t\t<\/div>\n\t\t","protected":false},"excerpt":{"rendered":"<p>CAOAGRO da Pol\u00edcia Civil participa de opera\u00e7\u00e3o conjunta e interrompe cria\u00e7\u00e3o irregular de javalis em Benedito Novo A Pol\u00edcia Civil de Santa Catarina, por meio do Centro Estadual de Apoio Operacional de Combate aos Crimes Contra o Agroneg\u00f3cio (CAOAGRO), juntamente com a Pol\u00edcia Militar Ambiental de Blumenau, IBAMA, IMA de Florian\u00f3polis e veterin\u00e1rios da CIDASC [&hellip;]<\/p>\n","protected":false},"author":5,"featured_media":11486,"comment_status":"closed","ping_status":"open","sticky":false,"template":"","format":"standard","meta":{"_monsterinsights_skip_tracking":false,"_monsterinsights_sitenote_active":false,"_monsterinsights_sitenote_note":"","_monsterinsights_sitenote_category":0,"footnotes":""},"categories":[1],"tags":[],"class_list":["post-11485","post","type-post","status-publish","format-standard","has-post-thumbnail","hentry","category-sem-categoria"],"_links":{"self":[{"href":"https:\/\/pc.sc.gov.br\/index.php?rest_route=\/wp\/v2\/posts\/11485","targetHints":{"allow":["GET"]}}],"collection":[{"href":"https:\/\/pc.sc.gov.br\/index.php?rest_route=\/wp\/v2\/posts"}],"about":[{"href":"https:\/\/pc.sc.gov.br\/index.php?rest_route=\/wp\/v2\/types\/post"}],"author":[{"embeddable":true,"href":"https:\/\/pc.sc.gov.br\/index.php?rest_route=\/wp\/v2\/users\/5"}],"replies":[{"embeddable":true,"href":"https:\/\/pc.sc.gov.br\/index.php?rest_route=%2Fwp%2Fv2%2Fcomments&post=11485"}],"version-history":[{"count":4,"href":"https:\/\/pc.sc.gov.br\/index.php?rest_route=\/wp\/v2\/posts\/11485\/revisions"}],"predecessor-version":[{"id":11491,"href":"https:\/\/pc.sc.gov.br\/index.php?rest_route=\/wp\/v2\/posts\/11485\/revisions\/11491"}],"wp:featuredmedia":[{"embeddable":true,"href":"https:\/\/pc.sc.gov.br\/index.php?rest_route=\/wp\/v2\/media\/11486"}],"wp:attachment":[{"href":"https:\/\/pc.sc.gov.br\/index.php?rest_route=%2Fwp%2Fv2%2Fmedia&parent=11485"}],"wp:term":[{"taxonomy":"category","embeddable":true,"href":"https:\/\/pc.sc.gov.br\/index.php?rest_route=%2Fwp%2Fv2%2Fcategories&post=11485"},{"taxonomy":"post_tag","embeddable":true,"href":"https:\/\/pc.sc.gov.br\/index.php?rest_route=%2Fwp%2Fv2%2Ftags&post=11485"}],"curies":[{"name":"wp","href":"https:\/\/api.w.org\/{rel}","templated":true}]}}