{"id":11503,"date":"2023-07-12T19:13:34","date_gmt":"2023-07-12T22:13:34","guid":{"rendered":"https:\/\/pc.sc.gov.br\/?p=11503"},"modified":"2023-07-12T19:14:51","modified_gmt":"2023-07-12T22:14:51","slug":"divisao-de-protecao-animal-continua-verificando-denuncias-de-maus-tratos-em-canis-irregulares-na-capital","status":"publish","type":"post","link":"https:\/\/pc.sc.gov.br\/?p=11503","title":{"rendered":"Divis\u00e3o de Prote\u00e7\u00e3o Animal continua verificando den\u00fancias de maus-tratos em canis irregulares na Capital"},"content":{"rendered":"\t\t<div data-elementor-type=\"wp-post\" data-elementor-id=\"11503\" class=\"elementor elementor-11503\" data-elementor-post-type=\"post\">\n\t\t\t\t\t\t<section class=\"elementor-section elementor-top-section elementor-element elementor-element-568a26e elementor-section-boxed elementor-section-height-default elementor-section-height-default\" data-id=\"568a26e\" data-element_type=\"section\">\n\t\t\t\t\t\t<div class=\"elementor-container elementor-column-gap-default\">\n\t\t\t\t\t<div class=\"elementor-column elementor-col-100 elementor-top-column elementor-element elementor-element-9d92032\" data-id=\"9d92032\" data-element_type=\"column\">\n\t\t\t<div class=\"elementor-widget-wrap elementor-element-populated\">\n\t\t\t\t\t\t<div class=\"elementor-element elementor-element-e89d2c3 elementor-widget elementor-widget-heading\" data-id=\"e89d2c3\" data-element_type=\"widget\" data-widget_type=\"heading.default\">\n\t\t\t\t<div class=\"elementor-widget-container\">\n\t\t\t\t\t<h2 class=\"elementor-heading-title elementor-size-default\">Divis\u00e3o de Prote\u00e7\u00e3o Animal continua verificando den\u00fancias de maus-tratos em canis irregulares na Capital<\/h2>\t\t\t\t<\/div>\n\t\t\t\t<\/div>\n\t\t\t\t\t<\/div>\n\t\t<\/div>\n\t\t\t\t\t<\/div>\n\t\t<\/section>\n\t\t\t\t<section class=\"elementor-section elementor-top-section elementor-element elementor-element-8c8bf69 elementor-section-boxed elementor-section-height-default elementor-section-height-default\" data-id=\"8c8bf69\" data-element_type=\"section\">\n\t\t\t\t\t\t<div class=\"elementor-container elementor-column-gap-default\">\n\t\t\t\t\t<div class=\"elementor-column elementor-col-100 elementor-top-column elementor-element elementor-element-89d1f65\" data-id=\"89d1f65\" data-element_type=\"column\">\n\t\t\t<div class=\"elementor-widget-wrap elementor-element-populated\">\n\t\t\t\t\t\t<div class=\"elementor-element elementor-element-7e10b45 elementor-widget elementor-widget-image\" data-id=\"7e10b45\" data-element_type=\"widget\" data-widget_type=\"image.default\">\n\t\t\t\t<div class=\"elementor-widget-container\">\n\t\t\t\t\t\t\t\t\t\t\t\t\t\t\t<img fetchpriority=\"high\" decoding=\"async\" width=\"696\" height=\"928\" src=\"https:\/\/pc.sc.gov.br\/\/wp-content\/uploads\/2023\/07\/WhatsApp-Image-2023-07-12-at-18.57.44-768x1024.jpeg\" class=\"attachment-large size-large wp-image-11504\" alt=\"\" srcset=\"https:\/\/pc.sc.gov.br\/\/wp-content\/uploads\/2023\/07\/WhatsApp-Image-2023-07-12-at-18.57.44-768x1024.jpeg 768w, https:\/\/pc.sc.gov.br\/\/wp-content\/uploads\/2023\/07\/WhatsApp-Image-2023-07-12-at-18.57.44-225x300.jpeg 225w, https:\/\/pc.sc.gov.br\/\/wp-content\/uploads\/2023\/07\/WhatsApp-Image-2023-07-12-at-18.57.44-1152x1536.jpeg 1152w, https:\/\/pc.sc.gov.br\/\/wp-content\/uploads\/2023\/07\/WhatsApp-Image-2023-07-12-at-18.57.44.jpeg 1200w\" sizes=\"(max-width: 696px) 100vw, 696px\" \/>\t\t\t\t\t\t\t\t\t\t\t\t\t\t\t<\/div>\n\t\t\t\t<\/div>\n\t\t\t\t\t<\/div>\n\t\t<\/div>\n\t\t\t\t\t<\/div>\n\t\t<\/section>\n\t\t\t\t<section class=\"elementor-section elementor-top-section elementor-element elementor-element-3732d2c elementor-section-boxed elementor-section-height-default elementor-section-height-default\" data-id=\"3732d2c\" data-element_type=\"section\">\n\t\t\t\t\t\t<div class=\"elementor-container elementor-column-gap-default\">\n\t\t\t\t\t<div class=\"elementor-column elementor-col-100 elementor-top-column elementor-element elementor-element-069ff0c\" data-id=\"069ff0c\" data-element_type=\"column\">\n\t\t\t<div class=\"elementor-widget-wrap elementor-element-populated\">\n\t\t\t\t\t\t<div class=\"elementor-element elementor-element-307d2b0 elementor-widget elementor-widget-text-editor\" data-id=\"307d2b0\" data-element_type=\"widget\" data-widget_type=\"text-editor.default\">\n\t\t\t\t<div class=\"elementor-widget-container\">\n\t\t\t\t\t\t\t\t\t<p>Nesta semana, a Pol\u00edcia Civil de Santa Catarina, por meio da Divis\u00e3o de Prote\u00e7\u00e3o Animal da Grande Florian\u00f3polis, em opera\u00e7\u00e3o conjunta com a Diretoria de Bem-Estar Animal da Capital verificou tr\u00eas den\u00fancias de maus-tratos em canis irregulares das ra\u00e7as boxer, labrador, shih-tzu, bulldog franc\u00eas, pug e lulu da pomer\u00e2nia em Florian\u00f3polis.<br><br>Ap\u00f3s receber registros de ocorr\u00eancia acerca de supostos criadores de c\u00e3es em estabelecimentos n\u00e3o regularizados, afirmando que os animais estavam em situa\u00e7\u00e3o de maus-tratos, as institui\u00e7\u00f5es verificaram os locais, tomando as provid\u00eancias cab\u00edveis nas suas esferas de atribui\u00e7\u00f5es.<br><br>Com rela\u00e7\u00e3o \u00e0 regulariza\u00e7\u00e3o da atividade de canil, foram exigidos os documentos cab\u00edveis pelo \u00f3rg\u00e3o de fiscaliza\u00e7\u00e3o, tais como alvar\u00e1s de vigil\u00e2ncia sanit\u00e1ria e de zoneamento urbano, m\u00e9dico-veterin\u00e1rio respons\u00e1vel e carteiras de vacina\u00e7\u00e3o dos animais.<br><br>Sobre eventuais situa\u00e7\u00f5es de maus-tratos, os m\u00e9dicos-veterin\u00e1rios presentes constataram que os animais encontravam-se em boas condi\u00e7\u00f5es de sa\u00fade, n\u00e3o se evidenciando, portanto, necessidade imediata de resgate. Todavia, foram expedidas as devidas notifica\u00e7\u00f5es para algumas adequa\u00e7\u00f5es necess\u00e1rias nos ambientes, com prazo para ajuste, o que ser\u00e1 verificado em retorno de dilig\u00eancias<\/p>\t\t\t\t\t\t\t\t<\/div>\n\t\t\t\t<\/div>\n\t\t\t\t\t<\/div>\n\t\t<\/div>\n\t\t\t\t\t<\/div>\n\t\t<\/section>\n\t\t\t\t<\/div>\n\t\t","protected":false},"excerpt":{"rendered":"<p>Divis\u00e3o de Prote\u00e7\u00e3o Animal continua verificando den\u00fancias de maus-tratos em canis irregulares na Capital Nesta semana, a Pol\u00edcia Civil de Santa Catarina, por meio da Divis\u00e3o de Prote\u00e7\u00e3o Animal da Grande Florian\u00f3polis, em opera\u00e7\u00e3o conjunta com a Diretoria de Bem-Estar Animal da Capital verificou tr\u00eas den\u00fancias de maus-tratos em canis irregulares das ra\u00e7as boxer, labrador, [&hellip;]<\/p>\n","protected":false},"author":5,"featured_media":11504,"comment_status":"closed","ping_status":"open","sticky":false,"template":"","format":"standard","meta":{"_monsterinsights_skip_tracking":false,"_monsterinsights_sitenote_active":false,"_monsterinsights_sitenote_note":"","_monsterinsights_sitenote_category":0,"footnotes":""},"categories":[1],"tags":[],"class_list":["post-11503","post","type-post","status-publish","format-standard","has-post-thumbnail","hentry","category-sem-categoria"],"_links":{"self":[{"href":"https:\/\/pc.sc.gov.br\/index.php?rest_route=\/wp\/v2\/posts\/11503","targetHints":{"allow":["GET"]}}],"collection":[{"href":"https:\/\/pc.sc.gov.br\/index.php?rest_route=\/wp\/v2\/posts"}],"about":[{"href":"https:\/\/pc.sc.gov.br\/index.php?rest_route=\/wp\/v2\/types\/post"}],"author":[{"embeddable":true,"href":"https:\/\/pc.sc.gov.br\/index.php?rest_route=\/wp\/v2\/users\/5"}],"replies":[{"embeddable":true,"href":"https:\/\/pc.sc.gov.br\/index.php?rest_route=%2Fwp%2Fv2%2Fcomments&post=11503"}],"version-history":[{"count":4,"href":"https:\/\/pc.sc.gov.br\/index.php?rest_route=\/wp\/v2\/posts\/11503\/revisions"}],"predecessor-version":[{"id":11508,"href":"https:\/\/pc.sc.gov.br\/index.php?rest_route=\/wp\/v2\/posts\/11503\/revisions\/11508"}],"wp:featuredmedia":[{"embeddable":true,"href":"https:\/\/pc.sc.gov.br\/index.php?rest_route=\/wp\/v2\/media\/11504"}],"wp:attachment":[{"href":"https:\/\/pc.sc.gov.br\/index.php?rest_route=%2Fwp%2Fv2%2Fmedia&parent=11503"}],"wp:term":[{"taxonomy":"category","embeddable":true,"href":"https:\/\/pc.sc.gov.br\/index.php?rest_route=%2Fwp%2Fv2%2Fcategories&post=11503"},{"taxonomy":"post_tag","embeddable":true,"href":"https:\/\/pc.sc.gov.br\/index.php?rest_route=%2Fwp%2Fv2%2Ftags&post=11503"}],"curies":[{"name":"wp","href":"https:\/\/api.w.org\/{rel}","templated":true}]}}