{"id":11530,"date":"2023-07-13T17:07:43","date_gmt":"2023-07-13T20:07:43","guid":{"rendered":"https:\/\/pc.sc.gov.br\/?p=11530"},"modified":"2023-07-13T18:48:54","modified_gmt":"2023-07-13T21:48:54","slug":"servico-aeropolicial-da-fronteira-da-policia-civil-participa-de-operacao-conjunta-e-apreende-grande-quantidade-de-drogas","status":"publish","type":"post","link":"https:\/\/pc.sc.gov.br\/?p=11530","title":{"rendered":"Pol\u00edcia Civil e Pol\u00edcia Rodovi\u00e1ria Federal deflagram opera\u00e7\u00e3o conjunta e apreendem grande quantidade de drogas"},"content":{"rendered":"\t\t<div data-elementor-type=\"wp-post\" data-elementor-id=\"11530\" class=\"elementor elementor-11530\" data-elementor-post-type=\"post\">\n\t\t\t\t\t\t<section class=\"elementor-section elementor-top-section elementor-element elementor-element-f15c49f elementor-section-boxed elementor-section-height-default elementor-section-height-default\" data-id=\"f15c49f\" data-element_type=\"section\">\n\t\t\t\t\t\t<div class=\"elementor-container elementor-column-gap-default\">\n\t\t\t\t\t<div class=\"elementor-column elementor-col-100 elementor-top-column elementor-element elementor-element-f8e805c\" data-id=\"f8e805c\" data-element_type=\"column\">\n\t\t\t<div class=\"elementor-widget-wrap elementor-element-populated\">\n\t\t\t\t\t\t<div class=\"elementor-element elementor-element-87eeca3 elementor-widget elementor-widget-heading\" data-id=\"87eeca3\" data-element_type=\"widget\" data-widget_type=\"heading.default\">\n\t\t\t\t<div class=\"elementor-widget-container\">\n\t\t\t\t\t<h2 class=\"elementor-heading-title elementor-size-default\">Pol\u00edcia Civil e Pol\u00edcia Rodovi\u00e1ria Federal deflagram opera\u00e7\u00e3o conjunta e apreendem grande quantidade de drogas<\/h2>\t\t\t\t<\/div>\n\t\t\t\t<\/div>\n\t\t\t\t\t<\/div>\n\t\t<\/div>\n\t\t\t\t\t<\/div>\n\t\t<\/section>\n\t\t\t\t<section class=\"elementor-section elementor-top-section elementor-element elementor-element-5b199d3 elementor-section-boxed elementor-section-height-default elementor-section-height-default\" data-id=\"5b199d3\" data-element_type=\"section\">\n\t\t\t\t\t\t<div class=\"elementor-container elementor-column-gap-default\">\n\t\t\t\t\t<div class=\"elementor-column elementor-col-100 elementor-top-column elementor-element elementor-element-b3fbf75\" data-id=\"b3fbf75\" data-element_type=\"column\">\n\t\t\t<div class=\"elementor-widget-wrap elementor-element-populated\">\n\t\t\t\t\t\t<div class=\"elementor-element elementor-element-1632ec3 elementor-widget elementor-widget-text-editor\" data-id=\"1632ec3\" data-element_type=\"widget\" data-widget_type=\"text-editor.default\">\n\t\t\t\t<div class=\"elementor-widget-container\">\n\t\t\t\t\t\t\t\t\t<p>Na quarta-feira (12), a Pol\u00edcia Civil de Santa Catarina, por meio do Servi\u00e7o Aeropolicial da Fronteira (SAER-FRON), e a Pol\u00edcia Rodovi\u00e1ria Federal deflagraram opera\u00e7\u00e3o conjunta, que resultou na apreens\u00e3o de 211 quilos de maconha, pris\u00e3o de um suspeito e apreens\u00e3o de ve\u00edculo adulterado.&nbsp;<span style=\"font-family: var( --e-global-typography-primary-font-family ), Sans-serif; font-size: var( --e-global-typography-primary-font-size ); font-weight: var( --e-global-typography-primary-font-weight ); letter-spacing: var( --e-global-typography-primary-letter-spacing );\">A a\u00e7\u00e3o contou com o apoio da Policia Civil do Rio Grande do Sul e a Brigada Militar.<\/span><\/p>\n<p>Durante verifica\u00e7\u00e3o de ve\u00edculos trafegando na regi\u00e3o de fronteira, envolvendo institui\u00e7\u00f5es que atuam na Opera\u00e7\u00e3o Horus, suspeitou-se de um ve\u00edculo Fiat Uno, que foi localizado e abordado pelas equipes policiais na RS 480, pr\u00f3ximo \u00e0 cidade de Nonoai no Rio Grande do Sul.&nbsp;<\/p>\n<p>No momento da abordagem o condutor n\u00e3o obedeceu \u00e0 ordem de parada, iniciando uma persegui\u00e7\u00e3o que contou com a equipe e helic\u00f3ptero do SAER-FRON.<br>Durante a fuga, o condutor do ve\u00edculo realizou diversas manobras perigosas que quase causaram acidentes na via, at\u00e9 que abandonou o ve\u00edculo sendo preso em seguida pelos policiais envolvidos na opera\u00e7\u00e3o.<span style=\"font-family: var( --e-global-typography-primary-font-family ), Sans-serif; font-size: var( --e-global-typography-primary-font-size ); font-weight: var( --e-global-typography-primary-font-weight ); letter-spacing: var( --e-global-typography-primary-letter-spacing );\">&nbsp;<\/span><\/p>\n<p>O suspeito foi conduzido para a Delegacia da Pol\u00edcia Civil de Nonoai, sendo autuado em flagrante pelo crime de tr\u00e1fico de drogas.<\/p>\n<p>&nbsp;Verificou-se tamb\u00e9m que contra o autor pesava dois mandados de pris\u00e3o expedidos pelo Poder judici\u00e1rio do Paran\u00e1, pelos crimes de homic\u00eddio e tr\u00e1fico de drogas.<\/p>\t\t\t\t\t\t\t\t<\/div>\n\t\t\t\t<\/div>\n\t\t\t\t\t<\/div>\n\t\t<\/div>\n\t\t\t\t\t<\/div>\n\t\t<\/section>\n\t\t\t\t<section class=\"elementor-section elementor-top-section elementor-element elementor-element-ec01ea0 elementor-section-boxed elementor-section-height-default elementor-section-height-default\" data-id=\"ec01ea0\" data-element_type=\"section\">\n\t\t\t\t\t\t<div class=\"elementor-container elementor-column-gap-default\">\n\t\t\t\t\t<div class=\"elementor-column elementor-col-100 elementor-top-column elementor-element elementor-element-71b6ded\" data-id=\"71b6ded\" data-element_type=\"column\">\n\t\t\t<div class=\"elementor-widget-wrap elementor-element-populated\">\n\t\t\t\t\t\t<div class=\"elementor-element elementor-element-4894a8c elementor-widget elementor-widget-image\" data-id=\"4894a8c\" data-element_type=\"widget\" data-widget_type=\"image.default\">\n\t\t\t\t<div class=\"elementor-widget-container\">\n\t\t\t\t\t\t\t\t\t\t\t\t\t\t\t<img fetchpriority=\"high\" decoding=\"async\" width=\"696\" height=\"556\" src=\"https:\/\/pc.sc.gov.br\/\/wp-content\/uploads\/2023\/07\/WhatsApp-Image-2023-07-13-at-17.05.56.jpeg\" class=\"attachment-large size-large wp-image-11531\" alt=\"\" srcset=\"https:\/\/pc.sc.gov.br\/\/wp-content\/uploads\/2023\/07\/WhatsApp-Image-2023-07-13-at-17.05.56.jpeg 1024w, https:\/\/pc.sc.gov.br\/\/wp-content\/uploads\/2023\/07\/WhatsApp-Image-2023-07-13-at-17.05.56-300x240.jpeg 300w, https:\/\/pc.sc.gov.br\/\/wp-content\/uploads\/2023\/07\/WhatsApp-Image-2023-07-13-at-17.05.56-768x614.jpeg 768w\" sizes=\"(max-width: 696px) 100vw, 696px\" \/>\t\t\t\t\t\t\t\t\t\t\t\t\t\t\t<\/div>\n\t\t\t\t<\/div>\n\t\t\t\t\t<\/div>\n\t\t<\/div>\n\t\t\t\t\t<\/div>\n\t\t<\/section>\n\t\t\t\t<section class=\"elementor-section elementor-top-section elementor-element elementor-element-7e3f2f3 elementor-section-boxed elementor-section-height-default elementor-section-height-default\" data-id=\"7e3f2f3\" data-element_type=\"section\">\n\t\t\t\t\t\t<div class=\"elementor-container elementor-column-gap-default\">\n\t\t\t\t\t<div class=\"elementor-column elementor-col-100 elementor-top-column elementor-element elementor-element-da0e3bb\" data-id=\"da0e3bb\" data-element_type=\"column\">\n\t\t\t<div class=\"elementor-widget-wrap elementor-element-populated\">\n\t\t\t\t\t\t<div class=\"elementor-element elementor-element-11ab7f6 elementor-widget elementor-widget-video\" data-id=\"11ab7f6\" data-element_type=\"widget\" data-settings=\"{&quot;video_type&quot;:&quot;hosted&quot;,&quot;autoplay&quot;:&quot;yes&quot;,&quot;play_on_mobile&quot;:&quot;yes&quot;,&quot;loop&quot;:&quot;yes&quot;,&quot;controls&quot;:&quot;yes&quot;}\" data-widget_type=\"video.default\">\n\t\t\t\t<div class=\"elementor-widget-container\">\n\t\t\t\t\t\t\t<div class=\"e-hosted-video elementor-wrapper elementor-open-inline\">\n\t\t\t\t\t<video class=\"elementor-video\" src=\"https:\/\/pc.sc.gov.br\/wp-content\/uploads\/2023\/07\/SAER-PRISAO.mp4\" autoplay=\"\" loop=\"\" controls=\"\" playsinline=\"\"><\/video>\n\t\t\t\t<\/div>\n\t\t\t\t\t\t<\/div>\n\t\t\t\t<\/div>\n\t\t\t\t\t<\/div>\n\t\t<\/div>\n\t\t\t\t\t<\/div>\n\t\t<\/section>\n\t\t\t\t<\/div>\n\t\t","protected":false},"excerpt":{"rendered":"<p>Pol\u00edcia Civil e Pol\u00edcia Rodovi\u00e1ria Federal deflagram opera\u00e7\u00e3o conjunta e apreendem grande quantidade de drogas Na quarta-feira (12), a Pol\u00edcia Civil de Santa Catarina, por meio do Servi\u00e7o Aeropolicial da Fronteira (SAER-FRON), e a Pol\u00edcia Rodovi\u00e1ria Federal deflagraram opera\u00e7\u00e3o conjunta, que resultou na apreens\u00e3o de 211 quilos de maconha, pris\u00e3o de um suspeito e apreens\u00e3o [&hellip;]<\/p>\n","protected":false},"author":5,"featured_media":11531,"comment_status":"closed","ping_status":"open","sticky":false,"template":"","format":"standard","meta":{"_monsterinsights_skip_tracking":false,"_monsterinsights_sitenote_active":false,"_monsterinsights_sitenote_note":"","_monsterinsights_sitenote_category":0,"footnotes":""},"categories":[1],"tags":[],"class_list":["post-11530","post","type-post","status-publish","format-standard","has-post-thumbnail","hentry","category-sem-categoria"],"_links":{"self":[{"href":"https:\/\/pc.sc.gov.br\/index.php?rest_route=\/wp\/v2\/posts\/11530","targetHints":{"allow":["GET"]}}],"collection":[{"href":"https:\/\/pc.sc.gov.br\/index.php?rest_route=\/wp\/v2\/posts"}],"about":[{"href":"https:\/\/pc.sc.gov.br\/index.php?rest_route=\/wp\/v2\/types\/post"}],"author":[{"embeddable":true,"href":"https:\/\/pc.sc.gov.br\/index.php?rest_route=\/wp\/v2\/users\/5"}],"replies":[{"embeddable":true,"href":"https:\/\/pc.sc.gov.br\/index.php?rest_route=%2Fwp%2Fv2%2Fcomments&post=11530"}],"version-history":[{"count":14,"href":"https:\/\/pc.sc.gov.br\/index.php?rest_route=\/wp\/v2\/posts\/11530\/revisions"}],"predecessor-version":[{"id":11554,"href":"https:\/\/pc.sc.gov.br\/index.php?rest_route=\/wp\/v2\/posts\/11530\/revisions\/11554"}],"wp:featuredmedia":[{"embeddable":true,"href":"https:\/\/pc.sc.gov.br\/index.php?rest_route=\/wp\/v2\/media\/11531"}],"wp:attachment":[{"href":"https:\/\/pc.sc.gov.br\/index.php?rest_route=%2Fwp%2Fv2%2Fmedia&parent=11530"}],"wp:term":[{"taxonomy":"category","embeddable":true,"href":"https:\/\/pc.sc.gov.br\/index.php?rest_route=%2Fwp%2Fv2%2Fcategories&post=11530"},{"taxonomy":"post_tag","embeddable":true,"href":"https:\/\/pc.sc.gov.br\/index.php?rest_route=%2Fwp%2Fv2%2Ftags&post=11530"}],"curies":[{"name":"wp","href":"https:\/\/api.w.org\/{rel}","templated":true}]}}