{"id":11543,"date":"2023-07-13T18:11:05","date_gmt":"2023-07-13T21:11:05","guid":{"rendered":"https:\/\/pc.sc.gov.br\/?p=11543"},"modified":"2023-07-13T18:17:38","modified_gmt":"2023-07-13T21:17:38","slug":"em-chapeco-policia-civil-ativa-base-do-noc-sala-lilas-sala-especial-de-depoimentos-e-inaugura-galeria-de-fotos-de-ex-delegados-da-drp","status":"publish","type":"post","link":"https:\/\/pc.sc.gov.br\/?p=11543","title":{"rendered":"Em Chapec\u00f3, Pol\u00edcia Civil ativa base do NOC, Sala Lil\u00e1s, Sala Especial de Depoimentos e inaugura galeria de fotos de ex-delegados da DRP"},"content":{"rendered":"\t\t<div data-elementor-type=\"wp-post\" data-elementor-id=\"11543\" class=\"elementor elementor-11543\" data-elementor-post-type=\"post\">\n\t\t\t\t\t\t<section class=\"elementor-section elementor-top-section elementor-element elementor-element-ffd0a33 elementor-section-boxed elementor-section-height-default elementor-section-height-default\" data-id=\"ffd0a33\" data-element_type=\"section\">\n\t\t\t\t\t\t<div class=\"elementor-container elementor-column-gap-default\">\n\t\t\t\t\t<div class=\"elementor-column elementor-col-100 elementor-top-column elementor-element elementor-element-a882075\" data-id=\"a882075\" data-element_type=\"column\">\n\t\t\t<div class=\"elementor-widget-wrap elementor-element-populated\">\n\t\t\t\t\t\t<div class=\"elementor-element elementor-element-d767ce2 elementor-widget elementor-widget-heading\" data-id=\"d767ce2\" data-element_type=\"widget\" data-widget_type=\"heading.default\">\n\t\t\t\t<div class=\"elementor-widget-container\">\n\t\t\t\t\t<h2 class=\"elementor-heading-title elementor-size-default\">Em Chapec\u00f3, Pol\u00edcia Civil ativa base do NOC, Sala Lil\u00e1s e homenageia ex-delegados da DRP com galeria de fotos<\/h2>\t\t\t\t<\/div>\n\t\t\t\t<\/div>\n\t\t\t\t\t<\/div>\n\t\t<\/div>\n\t\t\t\t\t<\/div>\n\t\t<\/section>\n\t\t\t\t<section class=\"elementor-section elementor-top-section elementor-element elementor-element-ccd924b elementor-section-boxed elementor-section-height-default elementor-section-height-default\" data-id=\"ccd924b\" data-element_type=\"section\">\n\t\t\t\t\t\t<div class=\"elementor-container elementor-column-gap-default\">\n\t\t\t\t\t<div class=\"elementor-column elementor-col-100 elementor-top-column elementor-element elementor-element-f59052f\" data-id=\"f59052f\" data-element_type=\"column\">\n\t\t\t<div class=\"elementor-widget-wrap elementor-element-populated\">\n\t\t\t\t\t\t<div class=\"elementor-element elementor-element-c0c8a2b elementor-widget elementor-widget-image\" data-id=\"c0c8a2b\" data-element_type=\"widget\" data-widget_type=\"image.default\">\n\t\t\t\t<div class=\"elementor-widget-container\">\n\t\t\t\t\t\t\t\t\t\t\t\t\t\t\t<img fetchpriority=\"high\" decoding=\"async\" width=\"696\" height=\"522\" src=\"https:\/\/pc.sc.gov.br\/\/wp-content\/uploads\/2023\/07\/WhatsApp-Image-2023-07-13-at-17.23.52.jpeg\" class=\"attachment-large size-large wp-image-11544\" alt=\"\" srcset=\"https:\/\/pc.sc.gov.br\/\/wp-content\/uploads\/2023\/07\/WhatsApp-Image-2023-07-13-at-17.23.52.jpeg 1024w, https:\/\/pc.sc.gov.br\/\/wp-content\/uploads\/2023\/07\/WhatsApp-Image-2023-07-13-at-17.23.52-300x225.jpeg 300w, https:\/\/pc.sc.gov.br\/\/wp-content\/uploads\/2023\/07\/WhatsApp-Image-2023-07-13-at-17.23.52-768x576.jpeg 768w\" sizes=\"(max-width: 696px) 100vw, 696px\" \/>\t\t\t\t\t\t\t\t\t\t\t\t\t\t\t<\/div>\n\t\t\t\t<\/div>\n\t\t\t\t\t<\/div>\n\t\t<\/div>\n\t\t\t\t\t<\/div>\n\t\t<\/section>\n\t\t\t\t<section class=\"elementor-section elementor-top-section elementor-element elementor-element-ec85fa8 elementor-section-boxed elementor-section-height-default elementor-section-height-default\" data-id=\"ec85fa8\" data-element_type=\"section\">\n\t\t\t\t\t\t<div class=\"elementor-container elementor-column-gap-default\">\n\t\t\t\t\t<div class=\"elementor-column elementor-col-100 elementor-top-column elementor-element elementor-element-c3d613f\" data-id=\"c3d613f\" data-element_type=\"column\">\n\t\t\t<div class=\"elementor-widget-wrap elementor-element-populated\">\n\t\t\t\t\t\t<div class=\"elementor-element elementor-element-4ca55b1 elementor-widget elementor-widget-text-editor\" data-id=\"4ca55b1\" data-element_type=\"widget\" data-widget_type=\"text-editor.default\">\n\t\t\t\t<div class=\"elementor-widget-container\">\n\t\t\t\t\t\t\t\t\t<p>A Pol\u00edcia Civil de Santa Catarina realizou nesta quinta-feira (13), \u00e0s 14h, na sede da Delegacia Regional de Pol\u00edcia (DRP) em Chapec\u00f3, uma solenidade para a entrega de tr\u00eas importantes estruturas: a Base do N\u00facleo de Opera\u00e7\u00f5es com C\u00e3es (NOC), a Sala Lil\u00e1s na CPP de Chapec\u00f3,&nbsp; a Sala Especial de Depoimentos na DPCAMI e a Galeria de Delegados Regionais da Pol\u00edcia de Fronteira.&nbsp;<\/p>\n<p>Para o delegado-geral Ulisses Gabriel isso mostra a preocupa\u00e7\u00e3o da PCSC em entregar resultados efetivos \u00e0 popula\u00e7\u00e3o, o respeito com a hist\u00f3ria da institui\u00e7\u00e3o e com todos os catarinenses. \u201cAl\u00e9m de investir em tecnologia, intelig\u00eancia e na capacita\u00e7\u00e3o dos policiais, a Pol\u00edcia Civil de Santa Catarina vem ampliando suas a\u00e7\u00f5es e estruturas para produzir, cada vez mais, investiga\u00e7\u00f5es de qualidade e melhorar o atendimento \u00e0 popula\u00e7\u00e3o, em especial \u00e0s mulheres v\u00edtimas de viol\u00eancia dom\u00e9stica\u201d, disse.<\/p>\n<p><b>Base do NOC<\/b><\/p>\n<p>O evento desta quinta-feira (13) tamb\u00e9m marcou a inaugura\u00e7\u00e3o da Base do N\u00facleo de Opera\u00e7\u00f5es com C\u00e3es (NOC), em Chapec\u00f3. Dada \u00e0 proximidade geogr\u00e1fica com a fronteira, a regi\u00e3o Oeste tem cinco n\u00facleos e contabiliza resultados expressivos como a participa\u00e7\u00e3o em mais de mil opera\u00e7\u00f5es que restaram na apreens\u00e3o de mais de 3,5 toneladas de drogas, 70 armas de fogo e 1.945 muni\u00e7\u00f5es.&nbsp;<\/p>\n<p>Para otimizar os trabalhos dos NOCS, a Pol\u00edcia Civil tem a Coordenadoria de Opera\u00e7\u00f5es com C\u00e3es (COPC), que est\u00e1 sob o comando do delegado Ronaldo Neckel Moretto.<\/p>\n<p>O N\u00facleo de Opera\u00e7\u00f5es com C\u00e3es (NOC) de Chapec\u00f3 conta com servi\u00e7o especializado na detec\u00e7\u00e3o de drogas, armas de fogo e muni\u00e7\u00f5es. Com a nova sede, o n\u00facleo servir\u00e1 de refer\u00eancia na regi\u00e3o, abrigando temporariamente outros c\u00e3es e disponibilizando alojamento para policiais em opera\u00e7\u00e3o. Ao final da cerim\u00f4nia foi entregue certificado para todas as empresas que colaboraram com a conclus\u00e3o da base<\/p>\n<p><b>Atendimento \u00e0s mulheres v\u00edtimas de viol\u00eancia<\/b><\/p>\n<p>A Coordenadoria das Delegacias de Prote\u00e7\u00e3o \u00e0 Crian\u00e7a, ao Adolescente, \u00e0 Mulher e ao Idoso (CDPCAMIs) tamb\u00e9m ativou na CPP de Chapec\u00f3 uma Sala Lil\u00e1s, espa\u00e7o de acolhimento para v\u00edtimas de viol\u00eancia dom\u00e9stica. Localizadas nas Centrais de Plant\u00e3o de Pol\u00edcia (CPP), as Salas Lil\u00e1s funcionam 24 horas e s\u00e3o mais alternativa para receber mulheres que sofreram agress\u00e3o, evitando que fiquem expostas na delegacia.&nbsp;<\/p>\n<p>At\u00e9 o momento, j\u00e1 existem 19 Salas Lil\u00e1s nas CPPs e a previs\u00e3o \u00e9 de que at\u00e9 mar\u00e7o do ano que vem todas as CPPS tenha uma sala. As outras alternativas para registro de viol\u00eancia dom\u00e9stica s\u00e3o a Delegacia Virtual (pc.sc.gov.br) e a DPCAMI. \u201cAl\u00e9m de um espa\u00e7o adequado para receber a v\u00edtima trabalhamos na capacita\u00e7\u00e3o dos policiais porque \u00e9 um momento em que a v\u00edtima est\u00e1 muito fragilizada\u201d, disse a delegada Patr\u00edcia Zimmermann, que coordena o trabalho das DPCAMIs em todo o estado. Tamb\u00e9m foi inaugurada a sala de Depoimento Especial, na DPCAMI de Chapec\u00f3.<\/p>\n<p>A Sala Lil\u00e1s da Central de Plant\u00e3o Policial de Chapec\u00f3 \u00e9 a quarta sala na regi\u00e3o da Diretoria da Pol\u00edcia da Fronteira (DIFRON) que ter\u00e1 atendimento ininterrupto, especialmente projetada para o acolhimento das v\u00edtimas de viol\u00eancia dom\u00e9stica. Como as m\u00e3es muitas vezes v\u00e3o acompanhadas dos filhos, tamb\u00e9m foi projetada uma brinquedoteca para dar apoio emocional \u00e0s crian\u00e7as.&nbsp;<\/p>\n<p><b>&nbsp;Galeria dos ex-delegados Regionais<\/b><\/p>\n<p>Encerrando a s\u00e9rie de eventos em Chapec\u00f3, foi inaugura uma galeria com imagens dos 12 delegados que atuaram como Delegados Regionais da 12\u00aa DRP-Fron entre os anos de 1991 e 2023. S\u00e3o eles: os delegados Helio Natal Dornsbach, Marcio Luiz Colatto, Alex Boff Passos, Carlos Augusto de Andrade Morbini, Jo\u00e3o Roberto de Castro, Deonilo Agostino Pretto, Mauro C\u00e2ndido dos Santos Rodrigues, Tatiana da Rocha Klein, Ronaldo Neckel Moretto, Wagner Valdivino Meirelles, Ricardo Newton Casagrande e, atualmente, Danilo da Silva Fernandes, o qual assumiu as fun\u00e7\u00f5es como Delegado Regional no final de 2022.&nbsp;<\/p>\n<p>O evento contou com a presen\u00e7a das seguintes autoridades: delegado-geral Adjunto, Nilson Lu\u00eds de Oliveira C\u00e9zar, Diretor de Pol\u00edcia da Fronteira, delegado Fernando Callfass; Diretor da DEIC, Daniel R\u00e9gis; Delegado Regional de Chapec\u00f3, delegado Danilo da Silva Fernandes, delegado Alex Boff Passos (representando os demais delegados regionais da 12\u00aa DRP de Chapec\u00f3), entre outras autoridades.<\/p>\t\t\t\t\t\t\t\t<\/div>\n\t\t\t\t<\/div>\n\t\t\t\t\t<\/div>\n\t\t<\/div>\n\t\t\t\t\t<\/div>\n\t\t<\/section>\n\t\t\t\t<\/div>\n\t\t","protected":false},"excerpt":{"rendered":"<p>Em Chapec\u00f3, Pol\u00edcia Civil ativa base do NOC, Sala Lil\u00e1s e homenageia ex-delegados da DRP com galeria de fotos A Pol\u00edcia Civil de Santa Catarina realizou nesta quinta-feira (13), \u00e0s 14h, na sede da Delegacia Regional de Pol\u00edcia (DRP) em Chapec\u00f3, uma solenidade para a entrega de tr\u00eas importantes estruturas: a Base do N\u00facleo de [&hellip;]<\/p>\n","protected":false},"author":5,"featured_media":11544,"comment_status":"closed","ping_status":"open","sticky":false,"template":"","format":"standard","meta":{"_monsterinsights_skip_tracking":false,"_monsterinsights_sitenote_active":false,"_monsterinsights_sitenote_note":"","_monsterinsights_sitenote_category":0,"footnotes":""},"categories":[1],"tags":[],"class_list":["post-11543","post","type-post","status-publish","format-standard","has-post-thumbnail","hentry","category-sem-categoria"],"_links":{"self":[{"href":"https:\/\/pc.sc.gov.br\/index.php?rest_route=\/wp\/v2\/posts\/11543","targetHints":{"allow":["GET"]}}],"collection":[{"href":"https:\/\/pc.sc.gov.br\/index.php?rest_route=\/wp\/v2\/posts"}],"about":[{"href":"https:\/\/pc.sc.gov.br\/index.php?rest_route=\/wp\/v2\/types\/post"}],"author":[{"embeddable":true,"href":"https:\/\/pc.sc.gov.br\/index.php?rest_route=\/wp\/v2\/users\/5"}],"replies":[{"embeddable":true,"href":"https:\/\/pc.sc.gov.br\/index.php?rest_route=%2Fwp%2Fv2%2Fcomments&post=11543"}],"version-history":[{"count":4,"href":"https:\/\/pc.sc.gov.br\/index.php?rest_route=\/wp\/v2\/posts\/11543\/revisions"}],"predecessor-version":[{"id":11548,"href":"https:\/\/pc.sc.gov.br\/index.php?rest_route=\/wp\/v2\/posts\/11543\/revisions\/11548"}],"wp:featuredmedia":[{"embeddable":true,"href":"https:\/\/pc.sc.gov.br\/index.php?rest_route=\/wp\/v2\/media\/11544"}],"wp:attachment":[{"href":"https:\/\/pc.sc.gov.br\/index.php?rest_route=%2Fwp%2Fv2%2Fmedia&parent=11543"}],"wp:term":[{"taxonomy":"category","embeddable":true,"href":"https:\/\/pc.sc.gov.br\/index.php?rest_route=%2Fwp%2Fv2%2Fcategories&post=11543"},{"taxonomy":"post_tag","embeddable":true,"href":"https:\/\/pc.sc.gov.br\/index.php?rest_route=%2Fwp%2Fv2%2Ftags&post=11543"}],"curies":[{"name":"wp","href":"https:\/\/api.w.org\/{rel}","templated":true}]}}