{"id":11569,"date":"2023-07-14T14:03:38","date_gmt":"2023-07-14T17:03:38","guid":{"rendered":"https:\/\/pc.sc.gov.br\/?p=11569"},"modified":"2023-07-14T14:12:46","modified_gmt":"2023-07-14T17:12:46","slug":"corrida-de-rua-da-policia-civil-acontecera-no-proximo-dia-23-em-criciuma","status":"publish","type":"post","link":"https:\/\/pc.sc.gov.br\/?p=11569","title":{"rendered":"Corrida de Rua da Pol\u00edcia Civil acontecer\u00e1 no pr\u00f3ximo dia 23 em Crici\u00fama"},"content":{"rendered":"\t\t<div data-elementor-type=\"wp-post\" data-elementor-id=\"11569\" class=\"elementor elementor-11569\" data-elementor-post-type=\"post\">\n\t\t\t\t\t\t<section class=\"elementor-section elementor-top-section elementor-element elementor-element-4a95d2c elementor-section-boxed elementor-section-height-default elementor-section-height-default\" data-id=\"4a95d2c\" data-element_type=\"section\">\n\t\t\t\t\t\t<div class=\"elementor-container elementor-column-gap-default\">\n\t\t\t\t\t<div class=\"elementor-column elementor-col-100 elementor-top-column elementor-element elementor-element-82ec311\" data-id=\"82ec311\" data-element_type=\"column\">\n\t\t\t<div class=\"elementor-widget-wrap elementor-element-populated\">\n\t\t\t\t\t\t<div class=\"elementor-element elementor-element-df1b937 elementor-widget elementor-widget-heading\" data-id=\"df1b937\" data-element_type=\"widget\" data-widget_type=\"heading.default\">\n\t\t\t\t<div class=\"elementor-widget-container\">\n\t\t\t\t\t<h2 class=\"elementor-heading-title elementor-size-default\">Corrida de Rua da Pol\u00edcia Civil acontecer\u00e1 no pr\u00f3ximo dia 23 em Crici\u00fama<\/h2>\t\t\t\t<\/div>\n\t\t\t\t<\/div>\n\t\t\t\t\t<\/div>\n\t\t<\/div>\n\t\t\t\t\t<\/div>\n\t\t<\/section>\n\t\t\t\t<section class=\"elementor-section elementor-top-section elementor-element elementor-element-fd6e01a elementor-section-boxed elementor-section-height-default elementor-section-height-default\" data-id=\"fd6e01a\" data-element_type=\"section\">\n\t\t\t\t\t\t<div class=\"elementor-container elementor-column-gap-default\">\n\t\t\t\t\t<div class=\"elementor-column elementor-col-100 elementor-top-column elementor-element elementor-element-735cc6f\" data-id=\"735cc6f\" data-element_type=\"column\">\n\t\t\t<div class=\"elementor-widget-wrap elementor-element-populated\">\n\t\t\t\t\t\t<div class=\"elementor-element elementor-element-72383a6 elementor-widget elementor-widget-image\" data-id=\"72383a6\" data-element_type=\"widget\" data-widget_type=\"image.default\">\n\t\t\t\t<div class=\"elementor-widget-container\">\n\t\t\t\t\t\t\t\t\t\t\t\t\t\t\t<img fetchpriority=\"high\" decoding=\"async\" width=\"500\" height=\"500\" src=\"https:\/\/pc.sc.gov.br\/\/wp-content\/uploads\/2023\/07\/WhatsApp-Image-2023-07-14-at-14.01.28.jpeg\" class=\"attachment-large size-large wp-image-11570\" alt=\"\" srcset=\"https:\/\/pc.sc.gov.br\/\/wp-content\/uploads\/2023\/07\/WhatsApp-Image-2023-07-14-at-14.01.28.jpeg 500w, https:\/\/pc.sc.gov.br\/\/wp-content\/uploads\/2023\/07\/WhatsApp-Image-2023-07-14-at-14.01.28-300x300.jpeg 300w, https:\/\/pc.sc.gov.br\/\/wp-content\/uploads\/2023\/07\/WhatsApp-Image-2023-07-14-at-14.01.28-150x150.jpeg 150w\" sizes=\"(max-width: 500px) 100vw, 500px\" \/>\t\t\t\t\t\t\t\t\t\t\t\t\t\t\t<\/div>\n\t\t\t\t<\/div>\n\t\t\t\t\t<\/div>\n\t\t<\/div>\n\t\t\t\t\t<\/div>\n\t\t<\/section>\n\t\t\t\t<section class=\"elementor-section elementor-top-section elementor-element elementor-element-e1ff856 elementor-section-boxed elementor-section-height-default elementor-section-height-default\" data-id=\"e1ff856\" data-element_type=\"section\">\n\t\t\t\t\t\t<div class=\"elementor-container elementor-column-gap-default\">\n\t\t\t\t\t<div class=\"elementor-column elementor-col-100 elementor-top-column elementor-element elementor-element-719e73d\" data-id=\"719e73d\" data-element_type=\"column\">\n\t\t\t<div class=\"elementor-widget-wrap elementor-element-populated\">\n\t\t\t\t\t\t<div class=\"elementor-element elementor-element-d04d91e elementor-widget elementor-widget-text-editor\" data-id=\"d04d91e\" data-element_type=\"widget\" data-widget_type=\"text-editor.default\">\n\t\t\t\t<div class=\"elementor-widget-container\">\n\t\t\t\t\t\t\t\t\t<p>Em comemora\u00e7\u00e3o aos 211 anos da institui\u00e7\u00e3o, a Pol\u00edcia Civil de Santa Catarina realizar\u00e1 no dia 23 de julho, em Crici\u00fama, a Corrida de Rua com percursos de 5k, 10k e corrida kids.&nbsp;<\/p>\n<p><span style=\"font-family: var( --e-global-typography-primary-font-family ), Sans-serif; font-size: var( --e-global-typography-primary-font-size ); font-weight: var( --e-global-typography-primary-font-weight ); letter-spacing: var( --e-global-typography-primary-letter-spacing );\">A largada ser\u00e1 \u00e0s 8h, Rua da Gente, \u00e1rea central do munic\u00edpio.&nbsp;<\/span><\/p>\n<p><span style=\"font-family: var( --e-global-typography-primary-font-family ), Sans-serif; font-size: var( --e-global-typography-primary-font-size ); font-weight: var( --e-global-typography-primary-font-weight ); letter-spacing: var( --e-global-typography-primary-letter-spacing );\">As inscri\u00e7\u00f5es t\u00eam prazo m\u00e1ximo at\u00e9 o dia 15\/07\/ 2023 ou at\u00e9 atingirem o limite t\u00e9cnico do evento, que ser\u00e1 1.000 atletas e acontecem na plataforma&nbsp;<\/span><a href=\"http:\/\/www.rsfproeventos.com.br\" target=\"_blank\" style=\"font-family: var( --e-global-typography-primary-font-family ), Sans-serif; font-size: var( --e-global-typography-primary-font-size ); font-weight: var( --e-global-typography-primary-font-weight ); letter-spacing: var( --e-global-typography-primary-letter-spacing ); background-color: rgb(255, 255, 255);\">www.rsfproeventos.com.br<\/a><\/p>\n<p>Trata-se de um evento de car\u00e1ter esportivo e social que tem por finalidade difundir a pr\u00e1tica do esporte como promo\u00e7\u00e3o da sa\u00fade, condicionamento f\u00edsico, intera\u00e7\u00e3o social e melhoria na qualidade de vida das pessoas.&nbsp;<\/p>\n<p>A prova \u00e9 destinada a atletas profissionais e amadores de todas as idades, que se encontrem em perfeito estado de sa\u00fade.<span style=\"font-family: var( --e-global-typography-primary-font-family ), Sans-serif; font-size: var( --e-global-typography-primary-font-size ); font-weight: var( --e-global-typography-primary-font-weight ); letter-spacing: var( --e-global-typography-primary-letter-spacing );\">&nbsp;<\/span><\/p>\n<p>Por se tratar de um evento comemorativo ao anivers\u00e1rio da Pol\u00edcia Civil ser\u00e1 incentivada a participa\u00e7\u00e3o dos integrantes de todos os \u00f3rg\u00e3os que comp\u00f5em as for\u00e7as de seguran\u00e7a p\u00fablica dos estados e munic\u00edpios, com desconto de 50% (cinquenta por cento) no valor da inscri\u00e7\u00e3o, assim compreendidos: Pol\u00edcia Civil, Pol\u00edcia Militar, Pol\u00edcia Cient\u00edfica, Pol\u00edcia Penal, Corpo de Bombeiros Militar e Guardas Municipais.<span style=\"font-family: var( --e-global-typography-primary-font-family ), Sans-serif; font-size: var( --e-global-typography-primary-font-size ); font-weight: var( --e-global-typography-primary-font-weight ); letter-spacing: var( --e-global-typography-primary-letter-spacing );\">&nbsp;<\/span><\/p>\n<p>Informa\u00e7\u00f5es e inscri\u00e7\u00f5es no link&nbsp;<font face=\"var( --e-global-typography-primary-font-family ), Sans-serif\"><span style=\"font-weight: var( --e-global-typography-primary-font-weight ); letter-spacing: var( --e-global-typography-primary-letter-spacing ); background-color: rgb(255, 255, 255);\"><a href=\"https:\/\/www.rsfproeventos.com.br\/evento\/2023\/corrida-de-rua\/corrida-polcia-civil-de-santa-catarina-211-anos\">https:\/\/www.rsfproeventos.com.br\/evento\/2023\/corrida-de-rua\/corrid<\/a><\/span><\/font><a href=\"https:\/\/www.rsfproeventos.com.br\/evento\/2023\/corrida-de-rua\/corrida-polcia-civil-de-santa-catarina-211-anos\" target=\"_blank\" style=\"font-family: var( --e-global-typography-primary-font-family ), Sans-serif; font-size: var( --e-global-typography-primary-font-size ); font-weight: var( --e-global-typography-primary-font-weight ); letter-spacing: var( --e-global-typography-primary-letter-spacing ); background-color: rgb(255, 255, 255);\">a-polcia-civil-de-santa-catarina-211-anos<\/a><\/p>\t\t\t\t\t\t\t\t<\/div>\n\t\t\t\t<\/div>\n\t\t\t\t\t<\/div>\n\t\t<\/div>\n\t\t\t\t\t<\/div>\n\t\t<\/section>\n\t\t\t\t<\/div>\n\t\t","protected":false},"excerpt":{"rendered":"<p>Corrida de Rua da Pol\u00edcia Civil acontecer\u00e1 no pr\u00f3ximo dia 23 em Crici\u00fama Em comemora\u00e7\u00e3o aos 211 anos da institui\u00e7\u00e3o, a Pol\u00edcia Civil de Santa Catarina realizar\u00e1 no dia 23 de julho, em Crici\u00fama, a Corrida de Rua com percursos de 5k, 10k e corrida kids.&nbsp; A largada ser\u00e1 \u00e0s 8h, Rua da Gente, \u00e1rea [&hellip;]<\/p>\n","protected":false},"author":5,"featured_media":11570,"comment_status":"closed","ping_status":"open","sticky":false,"template":"","format":"standard","meta":{"_monsterinsights_skip_tracking":false,"_monsterinsights_sitenote_active":false,"_monsterinsights_sitenote_note":"","_monsterinsights_sitenote_category":0,"footnotes":""},"categories":[1],"tags":[],"class_list":["post-11569","post","type-post","status-publish","format-standard","has-post-thumbnail","hentry","category-sem-categoria"],"_links":{"self":[{"href":"https:\/\/pc.sc.gov.br\/index.php?rest_route=\/wp\/v2\/posts\/11569","targetHints":{"allow":["GET"]}}],"collection":[{"href":"https:\/\/pc.sc.gov.br\/index.php?rest_route=\/wp\/v2\/posts"}],"about":[{"href":"https:\/\/pc.sc.gov.br\/index.php?rest_route=\/wp\/v2\/types\/post"}],"author":[{"embeddable":true,"href":"https:\/\/pc.sc.gov.br\/index.php?rest_route=\/wp\/v2\/users\/5"}],"replies":[{"embeddable":true,"href":"https:\/\/pc.sc.gov.br\/index.php?rest_route=%2Fwp%2Fv2%2Fcomments&post=11569"}],"version-history":[{"count":13,"href":"https:\/\/pc.sc.gov.br\/index.php?rest_route=\/wp\/v2\/posts\/11569\/revisions"}],"predecessor-version":[{"id":11589,"href":"https:\/\/pc.sc.gov.br\/index.php?rest_route=\/wp\/v2\/posts\/11569\/revisions\/11589"}],"wp:featuredmedia":[{"embeddable":true,"href":"https:\/\/pc.sc.gov.br\/index.php?rest_route=\/wp\/v2\/media\/11570"}],"wp:attachment":[{"href":"https:\/\/pc.sc.gov.br\/index.php?rest_route=%2Fwp%2Fv2%2Fmedia&parent=11569"}],"wp:term":[{"taxonomy":"category","embeddable":true,"href":"https:\/\/pc.sc.gov.br\/index.php?rest_route=%2Fwp%2Fv2%2Fcategories&post=11569"},{"taxonomy":"post_tag","embeddable":true,"href":"https:\/\/pc.sc.gov.br\/index.php?rest_route=%2Fwp%2Fv2%2Ftags&post=11569"}],"curies":[{"name":"wp","href":"https:\/\/api.w.org\/{rel}","templated":true}]}}