{"id":11604,"date":"2023-07-14T15:44:47","date_gmt":"2023-07-14T18:44:47","guid":{"rendered":"https:\/\/pc.sc.gov.br\/?p=11604"},"modified":"2023-07-14T15:46:37","modified_gmt":"2023-07-14T18:46:37","slug":"policia-civil-promove-evento-em-palhoca-em-comemoracao-aos-211-anos-da-instituicao","status":"publish","type":"post","link":"https:\/\/pc.sc.gov.br\/?p=11604","title":{"rendered":"Pol\u00edcia Civil promove evento em Palho\u00e7a em comemora\u00e7\u00e3o aos 211 anos da institui\u00e7\u00e3o"},"content":{"rendered":"\t\t<div data-elementor-type=\"wp-post\" data-elementor-id=\"11604\" class=\"elementor elementor-11604\" data-elementor-post-type=\"post\">\n\t\t\t\t\t\t<section class=\"elementor-section elementor-top-section elementor-element elementor-element-8735044 elementor-section-boxed elementor-section-height-default elementor-section-height-default\" data-id=\"8735044\" data-element_type=\"section\">\n\t\t\t\t\t\t<div class=\"elementor-container elementor-column-gap-default\">\n\t\t\t\t\t<div class=\"elementor-column elementor-col-100 elementor-top-column elementor-element elementor-element-c73ca8c\" data-id=\"c73ca8c\" data-element_type=\"column\">\n\t\t\t<div class=\"elementor-widget-wrap elementor-element-populated\">\n\t\t\t\t\t\t<div class=\"elementor-element elementor-element-6252b5c elementor-widget elementor-widget-heading\" data-id=\"6252b5c\" data-element_type=\"widget\" data-widget_type=\"heading.default\">\n\t\t\t\t<div class=\"elementor-widget-container\">\n\t\t\t\t\t<h2 class=\"elementor-heading-title elementor-size-default\">Pol\u00edcia Civil promove evento em Palho\u00e7a em comemora\u00e7\u00e3o aos 211 anos da institui\u00e7\u00e3o <\/h2>\t\t\t\t<\/div>\n\t\t\t\t<\/div>\n\t\t\t\t\t<\/div>\n\t\t<\/div>\n\t\t\t\t\t<\/div>\n\t\t<\/section>\n\t\t\t\t<section class=\"elementor-section elementor-top-section elementor-element elementor-element-68857b0 elementor-section-boxed elementor-section-height-default elementor-section-height-default\" data-id=\"68857b0\" data-element_type=\"section\">\n\t\t\t\t\t\t<div class=\"elementor-container elementor-column-gap-default\">\n\t\t\t\t\t<div class=\"elementor-column elementor-col-100 elementor-top-column elementor-element elementor-element-05dd53c\" data-id=\"05dd53c\" data-element_type=\"column\">\n\t\t\t<div class=\"elementor-widget-wrap elementor-element-populated\">\n\t\t\t\t\t\t<div class=\"elementor-element elementor-element-ee455ad elementor-widget elementor-widget-image\" data-id=\"ee455ad\" data-element_type=\"widget\" data-widget_type=\"image.default\">\n\t\t\t\t<div class=\"elementor-widget-container\">\n\t\t\t\t\t\t\t\t\t\t\t\t\t\t\t<img fetchpriority=\"high\" decoding=\"async\" width=\"576\" height=\"1024\" src=\"https:\/\/pc.sc.gov.br\/\/wp-content\/uploads\/2023\/07\/WhatsApp-Image-2023-07-14-at-15.42.17-576x1024.jpeg\" class=\"attachment-large size-large wp-image-11605\" alt=\"\" srcset=\"https:\/\/pc.sc.gov.br\/\/wp-content\/uploads\/2023\/07\/WhatsApp-Image-2023-07-14-at-15.42.17-576x1024.jpeg 576w, https:\/\/pc.sc.gov.br\/\/wp-content\/uploads\/2023\/07\/WhatsApp-Image-2023-07-14-at-15.42.17-169x300.jpeg 169w, https:\/\/pc.sc.gov.br\/\/wp-content\/uploads\/2023\/07\/WhatsApp-Image-2023-07-14-at-15.42.17-768x1366.jpeg 768w, https:\/\/pc.sc.gov.br\/\/wp-content\/uploads\/2023\/07\/WhatsApp-Image-2023-07-14-at-15.42.17-864x1536.jpeg 864w, https:\/\/pc.sc.gov.br\/\/wp-content\/uploads\/2023\/07\/WhatsApp-Image-2023-07-14-at-15.42.17.jpeg 899w\" sizes=\"(max-width: 576px) 100vw, 576px\" \/>\t\t\t\t\t\t\t\t\t\t\t\t\t\t\t<\/div>\n\t\t\t\t<\/div>\n\t\t\t\t\t<\/div>\n\t\t<\/div>\n\t\t\t\t\t<\/div>\n\t\t<\/section>\n\t\t\t\t<section class=\"elementor-section elementor-top-section elementor-element elementor-element-bc64a62 elementor-section-boxed elementor-section-height-default elementor-section-height-default\" data-id=\"bc64a62\" data-element_type=\"section\">\n\t\t\t\t\t\t<div class=\"elementor-container elementor-column-gap-default\">\n\t\t\t\t\t<div class=\"elementor-column elementor-col-100 elementor-top-column elementor-element elementor-element-50ba4bc\" data-id=\"50ba4bc\" data-element_type=\"column\">\n\t\t\t<div class=\"elementor-widget-wrap elementor-element-populated\">\n\t\t\t\t\t\t<div class=\"elementor-element elementor-element-6c59c2f elementor-widget elementor-widget-text-editor\" data-id=\"6c59c2f\" data-element_type=\"widget\" data-widget_type=\"text-editor.default\">\n\t\t\t\t<div class=\"elementor-widget-container\">\n\t\t\t\t\t\t\t\t\t<p>Em comemora\u00e7\u00e3o aos 211 anos da Pol\u00edcia Civil de Santa Catarina, nos dias 15 e 16 de julho, a 30\u00aa Delegacia Regional de Pol\u00edcia de Palho\u00e7a promover\u00e1 um evento, no Via Catarina em Palho\u00e7a, com o objetivo de aproximar a Pol\u00edcia Civil da comunidade.<span style=\"font-family: var( --e-global-typography-primary-font-family ), Sans-serif; font-size: var( --e-global-typography-primary-font-size ); font-weight: var( --e-global-typography-primary-font-weight ); letter-spacing: var( --e-global-typography-primary-letter-spacing );\">&nbsp;<\/span><\/p><p>Na ocasi\u00e3o, ser\u00e3o apresentadas atra\u00e7\u00f5es infantis e para toda fam\u00edlia, bem como, orienta\u00e7\u00f5es sobre seguran\u00e7a p\u00fablica \u00e0 comunidade. Nos dois dias, o evento acontecer\u00e1 das 14h \u00e0s 20h. Al\u00e9m disso, das 16h \u00e0s 20h ser\u00e1 promovido um bate papo sobre viol\u00eancia dom\u00e9stica.<\/p><p>O Via Catarina fica na Avenida At\u00edlio Pedro Pagani, 270 &#8211; Passa Vinte, em Palho\u00e7a. A Pol\u00edcia Civil de Santa Catarina conta com a presen\u00e7a de todos.<\/p>\t\t\t\t\t\t\t\t<\/div>\n\t\t\t\t<\/div>\n\t\t\t\t\t<\/div>\n\t\t<\/div>\n\t\t\t\t\t<\/div>\n\t\t<\/section>\n\t\t\t\t<\/div>\n\t\t","protected":false},"excerpt":{"rendered":"<p>Pol\u00edcia Civil promove evento em Palho\u00e7a em comemora\u00e7\u00e3o aos 211 anos da institui\u00e7\u00e3o Em comemora\u00e7\u00e3o aos 211 anos da Pol\u00edcia Civil de Santa Catarina, nos dias 15 e 16 de julho, a 30\u00aa Delegacia Regional de Pol\u00edcia de Palho\u00e7a promover\u00e1 um evento, no Via Catarina em Palho\u00e7a, com o objetivo de aproximar a Pol\u00edcia Civil [&hellip;]<\/p>\n","protected":false},"author":5,"featured_media":11605,"comment_status":"closed","ping_status":"open","sticky":false,"template":"","format":"standard","meta":{"_monsterinsights_skip_tracking":false,"_monsterinsights_sitenote_active":false,"_monsterinsights_sitenote_note":"","_monsterinsights_sitenote_category":0,"footnotes":""},"categories":[1],"tags":[],"class_list":["post-11604","post","type-post","status-publish","format-standard","has-post-thumbnail","hentry","category-sem-categoria"],"_links":{"self":[{"href":"https:\/\/pc.sc.gov.br\/index.php?rest_route=\/wp\/v2\/posts\/11604","targetHints":{"allow":["GET"]}}],"collection":[{"href":"https:\/\/pc.sc.gov.br\/index.php?rest_route=\/wp\/v2\/posts"}],"about":[{"href":"https:\/\/pc.sc.gov.br\/index.php?rest_route=\/wp\/v2\/types\/post"}],"author":[{"embeddable":true,"href":"https:\/\/pc.sc.gov.br\/index.php?rest_route=\/wp\/v2\/users\/5"}],"replies":[{"embeddable":true,"href":"https:\/\/pc.sc.gov.br\/index.php?rest_route=%2Fwp%2Fv2%2Fcomments&post=11604"}],"version-history":[{"count":4,"href":"https:\/\/pc.sc.gov.br\/index.php?rest_route=\/wp\/v2\/posts\/11604\/revisions"}],"predecessor-version":[{"id":11609,"href":"https:\/\/pc.sc.gov.br\/index.php?rest_route=\/wp\/v2\/posts\/11604\/revisions\/11609"}],"wp:featuredmedia":[{"embeddable":true,"href":"https:\/\/pc.sc.gov.br\/index.php?rest_route=\/wp\/v2\/media\/11605"}],"wp:attachment":[{"href":"https:\/\/pc.sc.gov.br\/index.php?rest_route=%2Fwp%2Fv2%2Fmedia&parent=11604"}],"wp:term":[{"taxonomy":"category","embeddable":true,"href":"https:\/\/pc.sc.gov.br\/index.php?rest_route=%2Fwp%2Fv2%2Fcategories&post=11604"},{"taxonomy":"post_tag","embeddable":true,"href":"https:\/\/pc.sc.gov.br\/index.php?rest_route=%2Fwp%2Fv2%2Ftags&post=11604"}],"curies":[{"name":"wp","href":"https:\/\/api.w.org\/{rel}","templated":true}]}}