{"id":11610,"date":"2023-07-14T15:55:51","date_gmt":"2023-07-14T18:55:51","guid":{"rendered":"https:\/\/pc.sc.gov.br\/?p=11610"},"modified":"2023-07-14T15:57:09","modified_gmt":"2023-07-14T18:57:09","slug":"policia-civil-prende-em-flagrante-autores-de-furto-e-recupera-objetos-em-porto-belo","status":"publish","type":"post","link":"https:\/\/pc.sc.gov.br\/?p=11610","title":{"rendered":"Pol\u00edcia Civil prende em flagrante autores de furto e recupera objetos em Porto Belo"},"content":{"rendered":"\t\t<div data-elementor-type=\"wp-post\" data-elementor-id=\"11610\" class=\"elementor elementor-11610\" data-elementor-post-type=\"post\">\n\t\t\t\t\t\t<section class=\"elementor-section elementor-top-section elementor-element elementor-element-2e33025 elementor-section-boxed elementor-section-height-default elementor-section-height-default\" data-id=\"2e33025\" data-element_type=\"section\">\n\t\t\t\t\t\t<div class=\"elementor-container elementor-column-gap-default\">\n\t\t\t\t\t<div class=\"elementor-column elementor-col-100 elementor-top-column elementor-element elementor-element-e38c419\" data-id=\"e38c419\" data-element_type=\"column\">\n\t\t\t<div class=\"elementor-widget-wrap elementor-element-populated\">\n\t\t\t\t\t\t<div class=\"elementor-element elementor-element-cf271b2 elementor-widget elementor-widget-heading\" data-id=\"cf271b2\" data-element_type=\"widget\" data-widget_type=\"heading.default\">\n\t\t\t\t<div class=\"elementor-widget-container\">\n\t\t\t\t\t<h2 class=\"elementor-heading-title elementor-size-default\">Pol\u00edcia Civil prende em flagrante autores de furto e recupera objetos em Porto Belo <\/h2>\t\t\t\t<\/div>\n\t\t\t\t<\/div>\n\t\t\t\t\t<\/div>\n\t\t<\/div>\n\t\t\t\t\t<\/div>\n\t\t<\/section>\n\t\t\t\t<section class=\"elementor-section elementor-top-section elementor-element elementor-element-cdc48ff elementor-section-boxed elementor-section-height-default elementor-section-height-default\" data-id=\"cdc48ff\" data-element_type=\"section\">\n\t\t\t\t\t\t<div class=\"elementor-container elementor-column-gap-default\">\n\t\t\t\t\t<div class=\"elementor-column elementor-col-100 elementor-top-column elementor-element elementor-element-09dbd6e\" data-id=\"09dbd6e\" data-element_type=\"column\">\n\t\t\t<div class=\"elementor-widget-wrap elementor-element-populated\">\n\t\t\t\t\t\t<div class=\"elementor-element elementor-element-63eb888 elementor-widget elementor-widget-image\" data-id=\"63eb888\" data-element_type=\"widget\" data-widget_type=\"image.default\">\n\t\t\t\t<div class=\"elementor-widget-container\">\n\t\t\t\t\t\t\t\t\t\t\t\t\t\t\t<img fetchpriority=\"high\" decoding=\"async\" width=\"696\" height=\"464\" src=\"https:\/\/pc.sc.gov.br\/\/wp-content\/uploads\/2023\/06\/PCSC-1024x683.jpg\" class=\"attachment-large size-large wp-image-10779\" alt=\"\" srcset=\"https:\/\/pc.sc.gov.br\/\/wp-content\/uploads\/2023\/06\/PCSC-1024x683.jpg 1024w, https:\/\/pc.sc.gov.br\/\/wp-content\/uploads\/2023\/06\/PCSC-300x200.jpg 300w, https:\/\/pc.sc.gov.br\/\/wp-content\/uploads\/2023\/06\/PCSC-768x512.jpg 768w, https:\/\/pc.sc.gov.br\/\/wp-content\/uploads\/2023\/06\/PCSC-1536x1024.jpg 1536w, https:\/\/pc.sc.gov.br\/\/wp-content\/uploads\/2023\/06\/PCSC-2048x1365.jpg 2048w\" sizes=\"(max-width: 696px) 100vw, 696px\" \/>\t\t\t\t\t\t\t\t\t\t\t\t\t\t\t<\/div>\n\t\t\t\t<\/div>\n\t\t\t\t\t<\/div>\n\t\t<\/div>\n\t\t\t\t\t<\/div>\n\t\t<\/section>\n\t\t\t\t<section class=\"elementor-section elementor-top-section elementor-element elementor-element-2d602f5 elementor-section-boxed elementor-section-height-default elementor-section-height-default\" data-id=\"2d602f5\" data-element_type=\"section\">\n\t\t\t\t\t\t<div class=\"elementor-container elementor-column-gap-default\">\n\t\t\t\t\t<div class=\"elementor-column elementor-col-100 elementor-top-column elementor-element elementor-element-3400b5f\" data-id=\"3400b5f\" data-element_type=\"column\">\n\t\t\t<div class=\"elementor-widget-wrap elementor-element-populated\">\n\t\t\t\t\t\t<div class=\"elementor-element elementor-element-e7f8bae elementor-widget elementor-widget-text-editor\" data-id=\"e7f8bae\" data-element_type=\"widget\" data-widget_type=\"text-editor.default\">\n\t\t\t\t<div class=\"elementor-widget-container\">\n\t\t\t\t\t\t\t\t\t<p>Na quinta-feira (13), a Pol\u00edcia Civil de Santa Catarina, por meio da Delegacia de Pol\u00edcia da Comarca de Porto Belo, prendeu em flagrante dois homens pela autoria de furtos em com\u00e9rcio ocorridos no Centro de Porto Belo.<span style=\"font-family: var( --e-global-typography-primary-font-family ), Sans-serif; font-size: var( --e-global-typography-primary-font-size ); font-weight: var( --e-global-typography-primary-font-weight ); letter-spacing: var( --e-global-typography-primary-letter-spacing );\">&nbsp;<\/span><\/p><p>O furto ocorreu \u00e0s 15h30min em uma pousada.&nbsp;<\/p><p>Os homens entraram no local e estavam separando os objetos quando foram surpreendidos pela camareira e evadiram-se do local sentido praia.&nbsp;<\/p><p>Na sequ\u00eancia, quebraram o vidro da lateral de um restaurante e do interior subtra\u00edram packs de cervejas.<\/p><p>As v\u00edtimas compareceram na Delegacia de Pol\u00edcia e atrav\u00e9s da an\u00e1lise das c\u00e2meras de monitoramento da pousada, os agentes de Pol\u00edcia identificaram os dois autores e empreenderam dilig\u00eancias para localiz\u00e1-los, encontrando um dos autores em um ponto de \u00f4nibus em posse das cervejas furtadas e o outro autor em sua resid\u00eancia.&nbsp;<\/p><p>Os dois foram presos em flagrante.<\/p><p>Durante a lavratura do procedimento, apurou-se que um dos autores teria furtado a mesma pousada na madrugada do dia 9 de julho, quando subtraiu diversos utens\u00edlios da cozinha, bebida e comida.&nbsp;<\/p><p>De posse das informa\u00e7\u00f5es do local onde estariam os utens\u00edlios, os agentes de Pol\u00edcia conseguiram recuperar parte do material furtado que foi reconhecido pela v\u00edtima.<span style=\"font-family: var( --e-global-typography-primary-font-family ), Sans-serif; font-size: var( --e-global-typography-primary-font-size ); font-weight: var( --e-global-typography-primary-font-weight ); letter-spacing: var( --e-global-typography-primary-letter-spacing );\">&nbsp;<\/span><\/p><p>Ap\u00f3s o interrogat\u00f3rio, os presos foram encaminhados ao Pres\u00eddio de Tijucas e permanecem \u00e0 disposi\u00e7\u00e3o da Justi\u00e7a.<\/p>\t\t\t\t\t\t\t\t<\/div>\n\t\t\t\t<\/div>\n\t\t\t\t\t<\/div>\n\t\t<\/div>\n\t\t\t\t\t<\/div>\n\t\t<\/section>\n\t\t\t\t<\/div>\n\t\t","protected":false},"excerpt":{"rendered":"<p>Pol\u00edcia Civil prende em flagrante autores de furto e recupera objetos em Porto Belo Na quinta-feira (13), a Pol\u00edcia Civil de Santa Catarina, por meio da Delegacia de Pol\u00edcia da Comarca de Porto Belo, prendeu em flagrante dois homens pela autoria de furtos em com\u00e9rcio ocorridos no Centro de Porto Belo.&nbsp; O furto ocorreu \u00e0s [&hellip;]<\/p>\n","protected":false},"author":5,"featured_media":11300,"comment_status":"closed","ping_status":"open","sticky":false,"template":"","format":"standard","meta":{"_monsterinsights_skip_tracking":false,"_monsterinsights_sitenote_active":false,"_monsterinsights_sitenote_note":"","_monsterinsights_sitenote_category":0,"footnotes":""},"categories":[1],"tags":[],"class_list":["post-11610","post","type-post","status-publish","format-standard","has-post-thumbnail","hentry","category-sem-categoria"],"_links":{"self":[{"href":"https:\/\/pc.sc.gov.br\/index.php?rest_route=\/wp\/v2\/posts\/11610","targetHints":{"allow":["GET"]}}],"collection":[{"href":"https:\/\/pc.sc.gov.br\/index.php?rest_route=\/wp\/v2\/posts"}],"about":[{"href":"https:\/\/pc.sc.gov.br\/index.php?rest_route=\/wp\/v2\/types\/post"}],"author":[{"embeddable":true,"href":"https:\/\/pc.sc.gov.br\/index.php?rest_route=\/wp\/v2\/users\/5"}],"replies":[{"embeddable":true,"href":"https:\/\/pc.sc.gov.br\/index.php?rest_route=%2Fwp%2Fv2%2Fcomments&post=11610"}],"version-history":[{"count":4,"href":"https:\/\/pc.sc.gov.br\/index.php?rest_route=\/wp\/v2\/posts\/11610\/revisions"}],"predecessor-version":[{"id":11614,"href":"https:\/\/pc.sc.gov.br\/index.php?rest_route=\/wp\/v2\/posts\/11610\/revisions\/11614"}],"wp:featuredmedia":[{"embeddable":true,"href":"https:\/\/pc.sc.gov.br\/index.php?rest_route=\/wp\/v2\/media\/11300"}],"wp:attachment":[{"href":"https:\/\/pc.sc.gov.br\/index.php?rest_route=%2Fwp%2Fv2%2Fmedia&parent=11610"}],"wp:term":[{"taxonomy":"category","embeddable":true,"href":"https:\/\/pc.sc.gov.br\/index.php?rest_route=%2Fwp%2Fv2%2Fcategories&post=11610"},{"taxonomy":"post_tag","embeddable":true,"href":"https:\/\/pc.sc.gov.br\/index.php?rest_route=%2Fwp%2Fv2%2Ftags&post=11610"}],"curies":[{"name":"wp","href":"https:\/\/api.w.org\/{rel}","templated":true}]}}