{"id":11615,"date":"2023-07-14T17:41:11","date_gmt":"2023-07-14T20:41:11","guid":{"rendered":"https:\/\/pc.sc.gov.br\/?p=11615"},"modified":"2023-07-14T17:52:54","modified_gmt":"2023-07-14T20:52:54","slug":"policia-civil-inaugura-dpcami-e-ciretran-em-maravilha-e-entrega-revitalizacao-da-dpmu-de-flor-do-sertao","status":"publish","type":"post","link":"https:\/\/pc.sc.gov.br\/?p=11615","title":{"rendered":"Pol\u00edcia Civil inaugura DPCAMI e Ciretran em Maravilha e entrega revitaliza\u00e7\u00e3o da DPMU de Flor do Sert\u00e3o"},"content":{"rendered":"\t\t<div data-elementor-type=\"wp-post\" data-elementor-id=\"11615\" class=\"elementor elementor-11615\" data-elementor-post-type=\"post\">\n\t\t\t\t\t\t<section class=\"elementor-section elementor-top-section elementor-element elementor-element-ee7a674 elementor-section-boxed elementor-section-height-default elementor-section-height-default\" data-id=\"ee7a674\" data-element_type=\"section\">\n\t\t\t\t\t\t<div class=\"elementor-container elementor-column-gap-default\">\n\t\t\t\t\t<div class=\"elementor-column elementor-col-100 elementor-top-column elementor-element elementor-element-d7efd10\" data-id=\"d7efd10\" data-element_type=\"column\">\n\t\t\t<div class=\"elementor-widget-wrap elementor-element-populated\">\n\t\t\t\t\t\t<div class=\"elementor-element elementor-element-2417c44 elementor-widget elementor-widget-heading\" data-id=\"2417c44\" data-element_type=\"widget\" data-widget_type=\"heading.default\">\n\t\t\t\t<div class=\"elementor-widget-container\">\n\t\t\t\t\t<h2 class=\"elementor-heading-title elementor-size-default\">Pol\u00edcia Civil inaugura DPCAMI e Ciretran em Maravilha e entrega obra de revitaliza\u00e7\u00e3o da DPMU de Flor do Sert\u00e3o<\/h2>\t\t\t\t<\/div>\n\t\t\t\t<\/div>\n\t\t\t\t\t<\/div>\n\t\t<\/div>\n\t\t\t\t\t<\/div>\n\t\t<\/section>\n\t\t\t\t<section class=\"elementor-section elementor-top-section elementor-element elementor-element-77acb4c elementor-section-boxed elementor-section-height-default elementor-section-height-default\" data-id=\"77acb4c\" data-element_type=\"section\">\n\t\t\t\t\t\t<div class=\"elementor-container elementor-column-gap-default\">\n\t\t\t\t\t<div class=\"elementor-column elementor-col-100 elementor-top-column elementor-element elementor-element-84cee38\" data-id=\"84cee38\" data-element_type=\"column\">\n\t\t\t<div class=\"elementor-widget-wrap elementor-element-populated\">\n\t\t\t\t\t\t<div class=\"elementor-element elementor-element-d994cb9 elementor-widget elementor-widget-image\" data-id=\"d994cb9\" data-element_type=\"widget\" data-widget_type=\"image.default\">\n\t\t\t\t<div class=\"elementor-widget-container\">\n\t\t\t\t\t\t\t\t\t\t\t\t\t\t\t<img fetchpriority=\"high\" decoding=\"async\" width=\"696\" height=\"608\" src=\"https:\/\/pc.sc.gov.br\/\/wp-content\/uploads\/2023\/07\/IMG_0494-1024x894.jpeg\" class=\"attachment-large size-large wp-image-11616\" alt=\"\" srcset=\"https:\/\/pc.sc.gov.br\/\/wp-content\/uploads\/2023\/07\/IMG_0494-1024x894.jpeg 1024w, https:\/\/pc.sc.gov.br\/\/wp-content\/uploads\/2023\/07\/IMG_0494-300x262.jpeg 300w, https:\/\/pc.sc.gov.br\/\/wp-content\/uploads\/2023\/07\/IMG_0494-768x671.jpeg 768w, https:\/\/pc.sc.gov.br\/\/wp-content\/uploads\/2023\/07\/IMG_0494-1536x1342.jpeg 1536w, https:\/\/pc.sc.gov.br\/\/wp-content\/uploads\/2023\/07\/IMG_0494.jpeg 1897w\" sizes=\"(max-width: 696px) 100vw, 696px\" \/>\t\t\t\t\t\t\t\t\t\t\t\t\t\t\t<\/div>\n\t\t\t\t<\/div>\n\t\t\t\t\t<\/div>\n\t\t<\/div>\n\t\t\t\t\t<\/div>\n\t\t<\/section>\n\t\t\t\t<section class=\"elementor-section elementor-top-section elementor-element elementor-element-41a3dfb elementor-section-boxed elementor-section-height-default elementor-section-height-default\" data-id=\"41a3dfb\" data-element_type=\"section\">\n\t\t\t\t\t\t<div class=\"elementor-container elementor-column-gap-default\">\n\t\t\t\t\t<div class=\"elementor-column elementor-col-100 elementor-top-column elementor-element elementor-element-a755b2f\" data-id=\"a755b2f\" data-element_type=\"column\">\n\t\t\t<div class=\"elementor-widget-wrap elementor-element-populated\">\n\t\t\t\t\t\t<div class=\"elementor-element elementor-element-e7a8692 elementor-widget elementor-widget-text-editor\" data-id=\"e7a8692\" data-element_type=\"widget\" data-widget_type=\"text-editor.default\">\n\t\t\t\t<div class=\"elementor-widget-container\">\n\t\t\t\t\t\t\t\t\t<p>A Pol\u00edcia Civil de Santa Catarina fez tr\u00eas importantes entregas nesta sexta-feira (14) na regi\u00e3o Oeste. Durante a manh\u00e3 foi realizada a inaugura\u00e7\u00e3o da sede da Delegacia de Prote\u00e7\u00e3o \u00e0 Crian\u00e7a, ao Adolescente, \u00e0 Mulher e ao Idoso. Inicialmente as atividades da DPCAMI eram realizadas na mesma estrutura f\u00edsica da Delegacia de Pol\u00edcia de Comarca. \u201cEste novo espa\u00e7o, aliado a capacita\u00e7\u00e3o dos nossos policiais, oferece o acolhimento adequado priorizando a seguran\u00e7a, a dignidade e o respeito \u00e0 v\u00edtima\u201d, destacou a Coordenadora das DPCAMIs, delegada Patr\u00edcia Zimmermann.&nbsp;<\/p>\n<p><span style=\"font-family: var( --e-global-typography-text-font-family ), Sans-serif; font-size: var( --e-global-typography-text-font-size );\">Em seguida foi ativada a Circunscri\u00e7\u00e3o Regional de Tr\u00e2nsito (Ciretran) de Maravilha, viabilizada por meio de uma parceria entre a Pol\u00edcia Civil, Detran e Prefeitura de Maravilha e contou com a presen\u00e7a do delegado-geral, Ulisses Gabriel, entre outras autoridades estaduais e regionais.<\/span><\/p>\n<p><span style=\"font-family: var( --e-global-typography-text-font-family ), Sans-serif; font-size: var( --e-global-typography-text-font-size );\">Com a instala\u00e7\u00e3o da Ciretran, os servi\u00e7os do Detran estar\u00e3o mais pr\u00f3ximos dos moradores de Maravilha, Cunha Por\u00e3, Tigrinhos, Flor do Sert\u00e3o, S\u00e3o Miguel da Boa Vista, Iraceminha e Santa Terezinha do Progresso. Dentre os servi\u00e7os dispon\u00edveis est\u00e3o licenciamento e transfer\u00eancia de ve\u00edculos, e<\/span><span style=\"font-family: var( --e-global-typography-text-font-family ), Sans-serif; font-size: var( --e-global-typography-text-font-size );\">miss\u00e3o e renova\u00e7\u00e3o de Carteiras Nacionais de Habilita\u00e7\u00e3o (CNH) entre outros.<\/span><\/p>\n<p><span style=\"font-family: var( --e-global-typography-text-font-family ), Sans-serif; font-size: var( --e-global-typography-text-font-size );\">Encerrando o roteiro pelo Oeste, o delegado-geral Ulisses Gabriel participou de uma solenidade na Delegacia de Pol\u00edcia do Munic\u00edpio de Fronteira (DPMU) que foi totalmente revitalizada. O pr\u00e9dio que abriga a Pol\u00edcia Civil e a Pol\u00edcia Militar recebeu investimentos de R$ 361 mil que permitiram a reforma e revitaliza\u00e7\u00e3o do pr\u00e9dio, aquisi\u00e7\u00e3o de mobili\u00e1rio, equipamentos e incremento no sistema de videomonitoramento da PMSC.<\/span><\/p>\n<p><span style=\"font-family: var( --e-global-typography-text-font-family ), Sans-serif; font-size: var( --e-global-typography-text-font-size );\">Participaram das solenidades, o delegado-geral Adjunto Nilson Lu\u00eds Oliveira C\u00e9zar; Chefe de Gabiente da DG, delegado Marcelo Nogueira, o diretor de Pol\u00edcia da Fronteira, delegado Fernando Callfass; diretor da DEIC, delegado Daniel R\u00e9gis; delegado Regional de Pol\u00edcia de Maravilha, Joel Specht; delegada da 6\u00aa DPCAMI da Capital, Ester Coelho e o Comandante da Pol\u00edcia Militar de Maravilha, Tenente Junior Tatsch, entre outras autoridades.<\/span><\/p>\n<div>&nbsp;<\/div>\t\t\t\t\t\t\t\t<\/div>\n\t\t\t\t<\/div>\n\t\t\t\t\t<\/div>\n\t\t<\/div>\n\t\t\t\t\t<\/div>\n\t\t<\/section>\n\t\t\t\t<section class=\"elementor-section elementor-top-section elementor-element elementor-element-51ac2a2 elementor-section-boxed elementor-section-height-default elementor-section-height-default\" data-id=\"51ac2a2\" data-element_type=\"section\">\n\t\t\t\t\t\t<div class=\"elementor-container elementor-column-gap-default\">\n\t\t\t\t\t<div class=\"elementor-column elementor-col-100 elementor-top-column elementor-element elementor-element-94f8304\" data-id=\"94f8304\" data-element_type=\"column\">\n\t\t\t<div class=\"elementor-widget-wrap elementor-element-populated\">\n\t\t\t\t\t\t<div class=\"elementor-element elementor-element-9908b8b elementor-widget elementor-widget-image\" data-id=\"9908b8b\" data-element_type=\"widget\" data-widget_type=\"image.default\">\n\t\t\t\t<div class=\"elementor-widget-container\">\n\t\t\t\t\t\t\t\t\t\t\t\t\t\t\t<img decoding=\"async\" width=\"696\" height=\"928\" src=\"https:\/\/pc.sc.gov.br\/\/wp-content\/uploads\/2023\/07\/IMG_0384-768x1024.jpeg\" class=\"attachment-large size-large wp-image-11622\" alt=\"\" srcset=\"https:\/\/pc.sc.gov.br\/\/wp-content\/uploads\/2023\/07\/IMG_0384-768x1024.jpeg 768w, https:\/\/pc.sc.gov.br\/\/wp-content\/uploads\/2023\/07\/IMG_0384-225x300.jpeg 225w, https:\/\/pc.sc.gov.br\/\/wp-content\/uploads\/2023\/07\/IMG_0384-1152x1536.jpeg 1152w, https:\/\/pc.sc.gov.br\/\/wp-content\/uploads\/2023\/07\/IMG_0384.jpeg 1536w\" sizes=\"(max-width: 696px) 100vw, 696px\" \/>\t\t\t\t\t\t\t\t\t\t\t\t\t\t\t<\/div>\n\t\t\t\t<\/div>\n\t\t\t\t\t<\/div>\n\t\t<\/div>\n\t\t\t\t\t<\/div>\n\t\t<\/section>\n\t\t\t\t<\/div>\n\t\t","protected":false},"excerpt":{"rendered":"<p>Pol\u00edcia Civil inaugura DPCAMI e Ciretran em Maravilha e entrega obra de revitaliza\u00e7\u00e3o da DPMU de Flor do Sert\u00e3o A Pol\u00edcia Civil de Santa Catarina fez tr\u00eas importantes entregas nesta sexta-feira (14) na regi\u00e3o Oeste. Durante a manh\u00e3 foi realizada a inaugura\u00e7\u00e3o da sede da Delegacia de Prote\u00e7\u00e3o \u00e0 Crian\u00e7a, ao Adolescente, \u00e0 Mulher e [&hellip;]<\/p>\n","protected":false},"author":5,"featured_media":11617,"comment_status":"closed","ping_status":"open","sticky":false,"template":"","format":"standard","meta":{"_monsterinsights_skip_tracking":false,"_monsterinsights_sitenote_active":false,"_monsterinsights_sitenote_note":"","_monsterinsights_sitenote_category":0,"footnotes":""},"categories":[1],"tags":[],"class_list":["post-11615","post","type-post","status-publish","format-standard","has-post-thumbnail","hentry","category-sem-categoria"],"_links":{"self":[{"href":"https:\/\/pc.sc.gov.br\/index.php?rest_route=\/wp\/v2\/posts\/11615","targetHints":{"allow":["GET"]}}],"collection":[{"href":"https:\/\/pc.sc.gov.br\/index.php?rest_route=\/wp\/v2\/posts"}],"about":[{"href":"https:\/\/pc.sc.gov.br\/index.php?rest_route=\/wp\/v2\/types\/post"}],"author":[{"embeddable":true,"href":"https:\/\/pc.sc.gov.br\/index.php?rest_route=\/wp\/v2\/users\/5"}],"replies":[{"embeddable":true,"href":"https:\/\/pc.sc.gov.br\/index.php?rest_route=%2Fwp%2Fv2%2Fcomments&post=11615"}],"version-history":[{"count":7,"href":"https:\/\/pc.sc.gov.br\/index.php?rest_route=\/wp\/v2\/posts\/11615\/revisions"}],"predecessor-version":[{"id":11625,"href":"https:\/\/pc.sc.gov.br\/index.php?rest_route=\/wp\/v2\/posts\/11615\/revisions\/11625"}],"wp:featuredmedia":[{"embeddable":true,"href":"https:\/\/pc.sc.gov.br\/index.php?rest_route=\/wp\/v2\/media\/11617"}],"wp:attachment":[{"href":"https:\/\/pc.sc.gov.br\/index.php?rest_route=%2Fwp%2Fv2%2Fmedia&parent=11615"}],"wp:term":[{"taxonomy":"category","embeddable":true,"href":"https:\/\/pc.sc.gov.br\/index.php?rest_route=%2Fwp%2Fv2%2Fcategories&post=11615"},{"taxonomy":"post_tag","embeddable":true,"href":"https:\/\/pc.sc.gov.br\/index.php?rest_route=%2Fwp%2Fv2%2Ftags&post=11615"}],"curies":[{"name":"wp","href":"https:\/\/api.w.org\/{rel}","templated":true}]}}