{"id":11630,"date":"2023-07-17T15:32:50","date_gmt":"2023-07-17T18:32:50","guid":{"rendered":"https:\/\/pc.sc.gov.br\/?p=11630"},"modified":"2023-07-17T16:43:18","modified_gmt":"2023-07-17T19:43:18","slug":"saer-fron-da-policia-civil-presta-apoio-para-ocorrencia-em-aldeia-indigena-no-domingo-16","status":"publish","type":"post","link":"https:\/\/pc.sc.gov.br\/?p=11630","title":{"rendered":"SAER\/Fron da Pol\u00edcia Civil presta apoio para ocorr\u00eancia em aldeia ind\u00edgena no domingo (16)"},"content":{"rendered":"\t\t<div data-elementor-type=\"wp-post\" data-elementor-id=\"11630\" class=\"elementor elementor-11630\" data-elementor-post-type=\"post\">\n\t\t\t\t\t\t<section class=\"elementor-section elementor-top-section elementor-element elementor-element-6512150 elementor-section-boxed elementor-section-height-default elementor-section-height-default\" data-id=\"6512150\" data-element_type=\"section\">\n\t\t\t\t\t\t<div class=\"elementor-container elementor-column-gap-default\">\n\t\t\t\t\t<div class=\"elementor-column elementor-col-100 elementor-top-column elementor-element elementor-element-501f0aa\" data-id=\"501f0aa\" data-element_type=\"column\">\n\t\t\t<div class=\"elementor-widget-wrap elementor-element-populated\">\n\t\t\t\t\t\t<div class=\"elementor-element elementor-element-cb0f18d elementor-widget elementor-widget-heading\" data-id=\"cb0f18d\" data-element_type=\"widget\" data-widget_type=\"heading.default\">\n\t\t\t\t<div class=\"elementor-widget-container\">\n\t\t\t\t\t<h2 class=\"elementor-heading-title elementor-size-default\">SAER\/Fron da Pol\u00edcia Civil presta apoio para ocorr\u00eancia em aldeia ind\u00edgena no domingo (16)<\/h2>\t\t\t\t<\/div>\n\t\t\t\t<\/div>\n\t\t\t\t\t<\/div>\n\t\t<\/div>\n\t\t\t\t\t<\/div>\n\t\t<\/section>\n\t\t\t\t<section class=\"elementor-section elementor-top-section elementor-element elementor-element-93def0e elementor-section-boxed elementor-section-height-default elementor-section-height-default\" data-id=\"93def0e\" data-element_type=\"section\">\n\t\t\t\t\t\t<div class=\"elementor-container elementor-column-gap-default\">\n\t\t\t\t\t<div class=\"elementor-column elementor-col-100 elementor-top-column elementor-element elementor-element-2824f52\" data-id=\"2824f52\" data-element_type=\"column\">\n\t\t\t<div class=\"elementor-widget-wrap elementor-element-populated\">\n\t\t\t\t\t\t<div class=\"elementor-element elementor-element-9b19676 elementor-widget elementor-widget-text-editor\" data-id=\"9b19676\" data-element_type=\"widget\" data-widget_type=\"text-editor.default\">\n\t\t\t\t<div class=\"elementor-widget-container\">\n\t\t\t\t\t\t\t\t\t<p>No domingo (16), a Pol\u00edcia Civil de Santa Catarina, por meio do Servi\u00e7o Aeropolicial de Fronteira, prestou apoio a uma ocorr\u00eancia atendida juntamente pela Pol\u00edcia Militar e pela Pol\u00edcia Federal na aldeia ind\u00edgena Cond\u00e1, localizada em Chapec\u00f3, perto da linha \u00c1gua Amarela.&nbsp;<\/p>\n<p>As for\u00e7as de seguran\u00e7a foram acionadas para atendimento a um caso de rixa entre ind\u00edgenas, que teve como resultado a morte de um \u00edndio, pessoas feridas e mais de 15 casas incendiadas.&nbsp;<\/p>\n<p><span style=\"font-family: var( --e-global-typography-primary-font-family ), Sans-serif; font-size: var( --e-global-typography-primary-font-size ); font-weight: var( --e-global-typography-primary-font-weight ); letter-spacing: var( --e-global-typography-primary-letter-spacing );\">A motiva\u00e7\u00e3o teria sido a oposi\u00e7\u00e3o por parte do grupo ind\u00edgena da aldeia Kaingang, que n\u00e3o aceita o atual cacique.<\/span><\/p>\n<p>Na ocasi\u00e3o, a da Pol\u00edcia Civil realizou o levantamento a\u00e9reo, com a finalidade de prestar informa\u00e7\u00f5es para os policiais que estavam no solo.<\/p>\t\t\t\t\t\t\t\t<\/div>\n\t\t\t\t<\/div>\n\t\t\t\t\t<\/div>\n\t\t<\/div>\n\t\t\t\t\t<\/div>\n\t\t<\/section>\n\t\t\t\t<section class=\"elementor-section elementor-top-section elementor-element elementor-element-e59a8bf elementor-section-boxed elementor-section-height-default elementor-section-height-default\" data-id=\"e59a8bf\" data-element_type=\"section\">\n\t\t\t\t\t\t<div class=\"elementor-container elementor-column-gap-default\">\n\t\t\t\t\t<div class=\"elementor-column elementor-col-100 elementor-top-column elementor-element elementor-element-d4ed856\" data-id=\"d4ed856\" data-element_type=\"column\">\n\t\t\t<div class=\"elementor-widget-wrap elementor-element-populated\">\n\t\t\t\t\t\t<div class=\"elementor-element elementor-element-4f9caca elementor-widget elementor-widget-video\" data-id=\"4f9caca\" data-element_type=\"widget\" data-settings=\"{&quot;video_type&quot;:&quot;hosted&quot;,&quot;autoplay&quot;:&quot;yes&quot;,&quot;play_on_mobile&quot;:&quot;yes&quot;,&quot;loop&quot;:&quot;yes&quot;,&quot;controls&quot;:&quot;yes&quot;}\" data-widget_type=\"video.default\">\n\t\t\t\t<div class=\"elementor-widget-container\">\n\t\t\t\t\t\t\t<div class=\"e-hosted-video elementor-wrapper elementor-open-inline\">\n\t\t\t\t\t<video class=\"elementor-video\" src=\"https:\/\/pc.sc.gov.br\/wp-content\/uploads\/2023\/07\/0717-1.mp4\" autoplay=\"\" loop=\"\" controls=\"\" playsinline=\"\"><\/video>\n\t\t\t\t<\/div>\n\t\t\t\t\t\t<\/div>\n\t\t\t\t<\/div>\n\t\t\t\t\t<\/div>\n\t\t<\/div>\n\t\t\t\t\t<\/div>\n\t\t<\/section>\n\t\t\t\t<\/div>\n\t\t","protected":false},"excerpt":{"rendered":"<p>SAER\/Fron da Pol\u00edcia Civil presta apoio para ocorr\u00eancia em aldeia ind\u00edgena no domingo (16) No domingo (16), a Pol\u00edcia Civil de Santa Catarina, por meio do Servi\u00e7o Aeropolicial de Fronteira, prestou apoio a uma ocorr\u00eancia atendida juntamente pela Pol\u00edcia Militar e pela Pol\u00edcia Federal na aldeia ind\u00edgena Cond\u00e1, localizada em Chapec\u00f3, perto da linha \u00c1gua [&hellip;]<\/p>\n","protected":false},"author":5,"featured_media":11631,"comment_status":"closed","ping_status":"open","sticky":false,"template":"","format":"standard","meta":{"_monsterinsights_skip_tracking":false,"_monsterinsights_sitenote_active":false,"_monsterinsights_sitenote_note":"","_monsterinsights_sitenote_category":0,"footnotes":""},"categories":[1],"tags":[],"class_list":["post-11630","post","type-post","status-publish","format-standard","has-post-thumbnail","hentry","category-sem-categoria"],"_links":{"self":[{"href":"https:\/\/pc.sc.gov.br\/index.php?rest_route=\/wp\/v2\/posts\/11630","targetHints":{"allow":["GET"]}}],"collection":[{"href":"https:\/\/pc.sc.gov.br\/index.php?rest_route=\/wp\/v2\/posts"}],"about":[{"href":"https:\/\/pc.sc.gov.br\/index.php?rest_route=\/wp\/v2\/types\/post"}],"author":[{"embeddable":true,"href":"https:\/\/pc.sc.gov.br\/index.php?rest_route=\/wp\/v2\/users\/5"}],"replies":[{"embeddable":true,"href":"https:\/\/pc.sc.gov.br\/index.php?rest_route=%2Fwp%2Fv2%2Fcomments&post=11630"}],"version-history":[{"count":22,"href":"https:\/\/pc.sc.gov.br\/index.php?rest_route=\/wp\/v2\/posts\/11630\/revisions"}],"predecessor-version":[{"id":11655,"href":"https:\/\/pc.sc.gov.br\/index.php?rest_route=\/wp\/v2\/posts\/11630\/revisions\/11655"}],"wp:featuredmedia":[{"embeddable":true,"href":"https:\/\/pc.sc.gov.br\/index.php?rest_route=\/wp\/v2\/media\/11631"}],"wp:attachment":[{"href":"https:\/\/pc.sc.gov.br\/index.php?rest_route=%2Fwp%2Fv2%2Fmedia&parent=11630"}],"wp:term":[{"taxonomy":"category","embeddable":true,"href":"https:\/\/pc.sc.gov.br\/index.php?rest_route=%2Fwp%2Fv2%2Fcategories&post=11630"},{"taxonomy":"post_tag","embeddable":true,"href":"https:\/\/pc.sc.gov.br\/index.php?rest_route=%2Fwp%2Fv2%2Ftags&post=11630"}],"curies":[{"name":"wp","href":"https:\/\/api.w.org\/{rel}","templated":true}]}}