{"id":11656,"date":"2023-07-17T17:18:23","date_gmt":"2023-07-17T20:18:23","guid":{"rendered":"https:\/\/pc.sc.gov.br\/?p=11656"},"modified":"2023-07-17T17:19:42","modified_gmt":"2023-07-17T20:19:42","slug":"policia-civil-conclui-inquerito-e-indicia-homem-por-estupro-de-vulneravel-em-paulo-lopes","status":"publish","type":"post","link":"https:\/\/pc.sc.gov.br\/?p=11656","title":{"rendered":"Pol\u00edcia Civil conclui inqu\u00e9rito e indicia homem por estupro de vulner\u00e1vel em Paulo Lopes"},"content":{"rendered":"\t\t<div data-elementor-type=\"wp-post\" data-elementor-id=\"11656\" class=\"elementor elementor-11656\" data-elementor-post-type=\"post\">\n\t\t\t\t\t\t<section class=\"elementor-section elementor-top-section elementor-element elementor-element-a514de9 elementor-section-boxed elementor-section-height-default elementor-section-height-default\" data-id=\"a514de9\" data-element_type=\"section\">\n\t\t\t\t\t\t<div class=\"elementor-container elementor-column-gap-default\">\n\t\t\t\t\t<div class=\"elementor-column elementor-col-100 elementor-top-column elementor-element elementor-element-8abb9ce\" data-id=\"8abb9ce\" data-element_type=\"column\">\n\t\t\t<div class=\"elementor-widget-wrap elementor-element-populated\">\n\t\t\t\t\t\t<div class=\"elementor-element elementor-element-8fe8bfb elementor-widget elementor-widget-heading\" data-id=\"8fe8bfb\" data-element_type=\"widget\" data-widget_type=\"heading.default\">\n\t\t\t\t<div class=\"elementor-widget-container\">\n\t\t\t\t\t<h2 class=\"elementor-heading-title elementor-size-default\">Pol\u00edcia Civil conclui inqu\u00e9rito e indicia homem por estupro de vulner\u00e1vel em Paulo Lopes<\/h2>\t\t\t\t<\/div>\n\t\t\t\t<\/div>\n\t\t\t\t\t<\/div>\n\t\t<\/div>\n\t\t\t\t\t<\/div>\n\t\t<\/section>\n\t\t\t\t<section class=\"elementor-section elementor-top-section elementor-element elementor-element-8134b78 elementor-section-boxed elementor-section-height-default elementor-section-height-default\" data-id=\"8134b78\" data-element_type=\"section\">\n\t\t\t\t\t\t<div class=\"elementor-container elementor-column-gap-default\">\n\t\t\t\t\t<div class=\"elementor-column elementor-col-100 elementor-top-column elementor-element elementor-element-d58c953\" data-id=\"d58c953\" data-element_type=\"column\">\n\t\t\t<div class=\"elementor-widget-wrap elementor-element-populated\">\n\t\t\t\t\t\t<div class=\"elementor-element elementor-element-ab6690b elementor-widget elementor-widget-image\" data-id=\"ab6690b\" data-element_type=\"widget\" data-widget_type=\"image.default\">\n\t\t\t\t<div class=\"elementor-widget-container\">\n\t\t\t\t\t\t\t\t\t\t\t\t\t\t\t<img fetchpriority=\"high\" decoding=\"async\" width=\"696\" height=\"464\" src=\"https:\/\/pc.sc.gov.br\/\/wp-content\/uploads\/2023\/06\/dsc_0720_51468326894_o-1-1024x683.jpg\" class=\"attachment-large size-large wp-image-10506\" alt=\"\" srcset=\"https:\/\/pc.sc.gov.br\/\/wp-content\/uploads\/2023\/06\/dsc_0720_51468326894_o-1-1024x683.jpg 1024w, https:\/\/pc.sc.gov.br\/\/wp-content\/uploads\/2023\/06\/dsc_0720_51468326894_o-1-300x200.jpg 300w, https:\/\/pc.sc.gov.br\/\/wp-content\/uploads\/2023\/06\/dsc_0720_51468326894_o-1-768x512.jpg 768w, https:\/\/pc.sc.gov.br\/\/wp-content\/uploads\/2023\/06\/dsc_0720_51468326894_o-1-1536x1024.jpg 1536w, https:\/\/pc.sc.gov.br\/\/wp-content\/uploads\/2023\/06\/dsc_0720_51468326894_o-1-2048x1365.jpg 2048w\" sizes=\"(max-width: 696px) 100vw, 696px\" \/>\t\t\t\t\t\t\t\t\t\t\t\t\t\t\t<\/div>\n\t\t\t\t<\/div>\n\t\t\t\t\t<\/div>\n\t\t<\/div>\n\t\t\t\t\t<\/div>\n\t\t<\/section>\n\t\t\t\t<section class=\"elementor-section elementor-top-section elementor-element elementor-element-05f1ec6 elementor-section-boxed elementor-section-height-default elementor-section-height-default\" data-id=\"05f1ec6\" data-element_type=\"section\">\n\t\t\t\t\t\t<div class=\"elementor-container elementor-column-gap-default\">\n\t\t\t\t\t<div class=\"elementor-column elementor-col-100 elementor-top-column elementor-element elementor-element-1c79092\" data-id=\"1c79092\" data-element_type=\"column\">\n\t\t\t<div class=\"elementor-widget-wrap elementor-element-populated\">\n\t\t\t\t\t\t<div class=\"elementor-element elementor-element-a6e1256 elementor-widget elementor-widget-text-editor\" data-id=\"a6e1256\" data-element_type=\"widget\" data-widget_type=\"text-editor.default\">\n\t\t\t\t<div class=\"elementor-widget-container\">\n\t\t\t\t\t\t\t\t\t<p>A Pol\u00edcia Civil de Santa Catarina, por interm\u00e9dio da Delegacia de Pol\u00edcia de Paulo Lopes, concluiu nesta segunda-feira (17) o inqu\u00e9rito policial que apurava crimes sexuais cometidos contra uma crian\u00e7a moradora do munic\u00edpio. Um homem, preso no dia 01\/07, foi indiciado por estupro de vulner\u00e1vel.<\/p>\n<p>De acordo com a investiga\u00e7\u00e3o, no dia 29\/06, a resid\u00eancia do indiciado foi alvo de mandado de buscas e apreens\u00e3o, onde foram coletados objetos de interesse \u00e0 investiga\u00e7\u00e3o.&nbsp;&nbsp;<span style=\"font-family: var( --e-global-typography-primary-font-family ), Sans-serif; font-size: var( --e-global-typography-primary-font-size ); font-weight: var( --e-global-typography-primary-font-weight ); letter-spacing: var( --e-global-typography-primary-letter-spacing );\">Os policiais civis tamb\u00e9m colheram elementos de informa\u00e7\u00e3o que indicam que o indiciado, nos anos de 2021 e 2022, tateou a v\u00edtima nas partes \u00edntimas, conduziu a m\u00e3o da v\u00edtima a seu \u00f3rg\u00e3o genital e registrou fotos e v\u00eddeos da crian\u00e7a em posi\u00e7\u00f5es pornogr\u00e1ficas.&nbsp;<\/span><\/p><p><span style=\"font-family: var( --e-global-typography-primary-font-family ), Sans-serif; font-size: var( --e-global-typography-primary-font-size ); font-weight: var( --e-global-typography-primary-font-weight ); letter-spacing: var( --e-global-typography-primary-letter-spacing );\">No decorrer da investiga\u00e7\u00e3o, foram identificados cinco atos configuradores do crime de estupro de vulner\u00e1vel, o que justificou o indiciamento do suspeito por esses crimes.&nbsp;<\/span><span style=\"font-family: var( --e-global-typography-primary-font-family ), Sans-serif; font-size: var( --e-global-typography-primary-font-size ); font-weight: var( --e-global-typography-primary-font-weight ); letter-spacing: var( --e-global-typography-primary-letter-spacing );\">O inqu\u00e9rito policial ser\u00e1 encaminhado ao Poder Judici\u00e1rio e ao Minist\u00e9rio P\u00fablico.<\/span><\/p>\n<div>&nbsp;<\/div>\t\t\t\t\t\t\t\t<\/div>\n\t\t\t\t<\/div>\n\t\t\t\t\t<\/div>\n\t\t<\/div>\n\t\t\t\t\t<\/div>\n\t\t<\/section>\n\t\t\t\t<\/div>\n\t\t","protected":false},"excerpt":{"rendered":"<p>Pol\u00edcia Civil conclui inqu\u00e9rito e indicia homem por estupro de vulner\u00e1vel em Paulo Lopes A Pol\u00edcia Civil de Santa Catarina, por interm\u00e9dio da Delegacia de Pol\u00edcia de Paulo Lopes, concluiu nesta segunda-feira (17) o inqu\u00e9rito policial que apurava crimes sexuais cometidos contra uma crian\u00e7a moradora do munic\u00edpio. Um homem, preso no dia 01\/07, foi indiciado [&hellip;]<\/p>\n","protected":false},"author":5,"featured_media":9978,"comment_status":"closed","ping_status":"open","sticky":false,"template":"","format":"standard","meta":{"_monsterinsights_skip_tracking":false,"_monsterinsights_sitenote_active":false,"_monsterinsights_sitenote_note":"","_monsterinsights_sitenote_category":0,"footnotes":""},"categories":[1],"tags":[],"class_list":["post-11656","post","type-post","status-publish","format-standard","has-post-thumbnail","hentry","category-sem-categoria"],"_links":{"self":[{"href":"https:\/\/pc.sc.gov.br\/index.php?rest_route=\/wp\/v2\/posts\/11656","targetHints":{"allow":["GET"]}}],"collection":[{"href":"https:\/\/pc.sc.gov.br\/index.php?rest_route=\/wp\/v2\/posts"}],"about":[{"href":"https:\/\/pc.sc.gov.br\/index.php?rest_route=\/wp\/v2\/types\/post"}],"author":[{"embeddable":true,"href":"https:\/\/pc.sc.gov.br\/index.php?rest_route=\/wp\/v2\/users\/5"}],"replies":[{"embeddable":true,"href":"https:\/\/pc.sc.gov.br\/index.php?rest_route=%2Fwp%2Fv2%2Fcomments&post=11656"}],"version-history":[{"count":4,"href":"https:\/\/pc.sc.gov.br\/index.php?rest_route=\/wp\/v2\/posts\/11656\/revisions"}],"predecessor-version":[{"id":11660,"href":"https:\/\/pc.sc.gov.br\/index.php?rest_route=\/wp\/v2\/posts\/11656\/revisions\/11660"}],"wp:featuredmedia":[{"embeddable":true,"href":"https:\/\/pc.sc.gov.br\/index.php?rest_route=\/wp\/v2\/media\/9978"}],"wp:attachment":[{"href":"https:\/\/pc.sc.gov.br\/index.php?rest_route=%2Fwp%2Fv2%2Fmedia&parent=11656"}],"wp:term":[{"taxonomy":"category","embeddable":true,"href":"https:\/\/pc.sc.gov.br\/index.php?rest_route=%2Fwp%2Fv2%2Fcategories&post=11656"},{"taxonomy":"post_tag","embeddable":true,"href":"https:\/\/pc.sc.gov.br\/index.php?rest_route=%2Fwp%2Fv2%2Ftags&post=11656"}],"curies":[{"name":"wp","href":"https:\/\/api.w.org\/{rel}","templated":true}]}}