{"id":11676,"date":"2023-07-17T19:31:57","date_gmt":"2023-07-17T22:31:57","guid":{"rendered":"https:\/\/pc.sc.gov.br\/?p=11676"},"modified":"2023-07-17T19:33:29","modified_gmt":"2023-07-17T22:33:29","slug":"divisao-de-protecao-animal-e-dibea-resgatam-caes-em-situacao-de-maus-tratos-em-sao-jose","status":"publish","type":"post","link":"https:\/\/pc.sc.gov.br\/?p=11676","title":{"rendered":"Divis\u00e3o de Prote\u00e7\u00e3o Animal e Dibea resgatam c\u00e3es em situa\u00e7\u00e3o de maus-tratos em S\u00e3o Jos\u00e9"},"content":{"rendered":"\t\t<div data-elementor-type=\"wp-post\" data-elementor-id=\"11676\" class=\"elementor elementor-11676\" data-elementor-post-type=\"post\">\n\t\t\t\t\t\t<section class=\"elementor-section elementor-top-section elementor-element elementor-element-93fc188 elementor-section-boxed elementor-section-height-default elementor-section-height-default\" data-id=\"93fc188\" data-element_type=\"section\">\n\t\t\t\t\t\t<div class=\"elementor-container elementor-column-gap-default\">\n\t\t\t\t\t<div class=\"elementor-column elementor-col-100 elementor-top-column elementor-element elementor-element-bd9a10c\" data-id=\"bd9a10c\" data-element_type=\"column\">\n\t\t\t<div class=\"elementor-widget-wrap elementor-element-populated\">\n\t\t\t\t\t\t<div class=\"elementor-element elementor-element-e9dcd21 elementor-widget elementor-widget-heading\" data-id=\"e9dcd21\" data-element_type=\"widget\" data-widget_type=\"heading.default\">\n\t\t\t\t<div class=\"elementor-widget-container\">\n\t\t\t\t\t<h2 class=\"elementor-heading-title elementor-size-default\">Divis\u00e3o de Prote\u00e7\u00e3o Animal e Dibea resgatam c\u00e3es em situa\u00e7\u00e3o de maus-tratos em S\u00e3o Jos\u00e9<\/h2>\t\t\t\t<\/div>\n\t\t\t\t<\/div>\n\t\t\t\t\t<\/div>\n\t\t<\/div>\n\t\t\t\t\t<\/div>\n\t\t<\/section>\n\t\t\t\t<section class=\"elementor-section elementor-top-section elementor-element elementor-element-549d005 elementor-section-boxed elementor-section-height-default elementor-section-height-default\" data-id=\"549d005\" data-element_type=\"section\">\n\t\t\t\t\t\t<div class=\"elementor-container elementor-column-gap-default\">\n\t\t\t\t\t<div class=\"elementor-column elementor-col-100 elementor-top-column elementor-element elementor-element-382365f\" data-id=\"382365f\" data-element_type=\"column\">\n\t\t\t<div class=\"elementor-widget-wrap elementor-element-populated\">\n\t\t\t\t\t\t<div class=\"elementor-element elementor-element-4b3c6eb elementor-widget elementor-widget-image\" data-id=\"4b3c6eb\" data-element_type=\"widget\" data-widget_type=\"image.default\">\n\t\t\t\t<div class=\"elementor-widget-container\">\n\t\t\t\t\t\t\t\t\t\t\t\t\t\t\t<img fetchpriority=\"high\" decoding=\"async\" width=\"696\" height=\"599\" src=\"https:\/\/pc.sc.gov.br\/\/wp-content\/uploads\/2023\/07\/WhatsApp-Image-2023-07-17-at-18.38.27.jpeg\" class=\"attachment-large size-large wp-image-11677\" alt=\"\" srcset=\"https:\/\/pc.sc.gov.br\/\/wp-content\/uploads\/2023\/07\/WhatsApp-Image-2023-07-17-at-18.38.27.jpeg 829w, https:\/\/pc.sc.gov.br\/\/wp-content\/uploads\/2023\/07\/WhatsApp-Image-2023-07-17-at-18.38.27-300x258.jpeg 300w, https:\/\/pc.sc.gov.br\/\/wp-content\/uploads\/2023\/07\/WhatsApp-Image-2023-07-17-at-18.38.27-768x661.jpeg 768w\" sizes=\"(max-width: 696px) 100vw, 696px\" \/>\t\t\t\t\t\t\t\t\t\t\t\t\t\t\t<\/div>\n\t\t\t\t<\/div>\n\t\t\t\t\t<\/div>\n\t\t<\/div>\n\t\t\t\t\t<\/div>\n\t\t<\/section>\n\t\t\t\t<section class=\"elementor-section elementor-top-section elementor-element elementor-element-d5d1638 elementor-section-boxed elementor-section-height-default elementor-section-height-default\" data-id=\"d5d1638\" data-element_type=\"section\">\n\t\t\t\t\t\t<div class=\"elementor-container elementor-column-gap-default\">\n\t\t\t\t\t<div class=\"elementor-column elementor-col-100 elementor-top-column elementor-element elementor-element-a0044a3\" data-id=\"a0044a3\" data-element_type=\"column\">\n\t\t\t<div class=\"elementor-widget-wrap elementor-element-populated\">\n\t\t\t\t\t\t<div class=\"elementor-element elementor-element-095df78 elementor-widget elementor-widget-text-editor\" data-id=\"095df78\" data-element_type=\"widget\" data-widget_type=\"text-editor.default\">\n\t\t\t\t<div class=\"elementor-widget-container\">\n\t\t\t\t\t\t\t\t\t<p>Nesta segunda-feira (17), a Pol\u00edcia Civil de Santa Catarina, por meio da Divis\u00e3o de Prote\u00e7\u00e3o Animal da Grande Florian\u00f3polis, em opera\u00e7\u00e3o conjunta com a Diretoria de Bem-Estar Animal de S\u00e3o Jos\u00e9, resgatou dois c\u00e3es que estavam em situa\u00e7\u00e3o de maus-tratos, mediante abandono, no bairro Campinas, em S\u00e3o Jos\u00e9.<br><br>Segundo a den\u00fancia, formalizada em registro de ocorr\u00eancia, ap\u00f3s o falecimento da tutora, os c\u00e3es estavam sendo negligenciados por uma familiar, a qual n\u00e3o aparecia h\u00e1 dias para os devidos cuidados, bem como um gato encontrava-se bastante debilitado e trancado em uma gaiola.<br><br>Em dilig\u00eancia com a Diretoria de Bem-Estar Animal de S\u00e3o Jos\u00e9, a equipe da unidade especializada da Pol\u00edcia Civil auxiliou no encaminhamento dos dois c\u00e3es pelo \u00f3rg\u00e3o, vez que o gato havia sido resgatado por uma protetora.<br><br>Foi instaurado inqu\u00e9rito policial para apura\u00e7\u00e3o do crime de maus-tratos qualificado contra os animais na modalidade de abandono, cuja pena m\u00e1xima \u00e9 de at\u00e9 cinco anos de pris\u00e3o, al\u00e9m de multa e proibi\u00e7\u00e3o de guarda. <\/p>\t\t\t\t\t\t\t\t<\/div>\n\t\t\t\t<\/div>\n\t\t\t\t\t<\/div>\n\t\t<\/div>\n\t\t\t\t\t<\/div>\n\t\t<\/section>\n\t\t\t\t<\/div>\n\t\t","protected":false},"excerpt":{"rendered":"<p>Divis\u00e3o de Prote\u00e7\u00e3o Animal e Dibea resgatam c\u00e3es em situa\u00e7\u00e3o de maus-tratos em S\u00e3o Jos\u00e9 Nesta segunda-feira (17), a Pol\u00edcia Civil de Santa Catarina, por meio da Divis\u00e3o de Prote\u00e7\u00e3o Animal da Grande Florian\u00f3polis, em opera\u00e7\u00e3o conjunta com a Diretoria de Bem-Estar Animal de S\u00e3o Jos\u00e9, resgatou dois c\u00e3es que estavam em situa\u00e7\u00e3o de maus-tratos, [&hellip;]<\/p>\n","protected":false},"author":5,"featured_media":11677,"comment_status":"closed","ping_status":"open","sticky":false,"template":"","format":"standard","meta":{"_monsterinsights_skip_tracking":false,"_monsterinsights_sitenote_active":false,"_monsterinsights_sitenote_note":"","_monsterinsights_sitenote_category":0,"footnotes":""},"categories":[1],"tags":[],"class_list":["post-11676","post","type-post","status-publish","format-standard","has-post-thumbnail","hentry","category-sem-categoria"],"_links":{"self":[{"href":"https:\/\/pc.sc.gov.br\/index.php?rest_route=\/wp\/v2\/posts\/11676","targetHints":{"allow":["GET"]}}],"collection":[{"href":"https:\/\/pc.sc.gov.br\/index.php?rest_route=\/wp\/v2\/posts"}],"about":[{"href":"https:\/\/pc.sc.gov.br\/index.php?rest_route=\/wp\/v2\/types\/post"}],"author":[{"embeddable":true,"href":"https:\/\/pc.sc.gov.br\/index.php?rest_route=\/wp\/v2\/users\/5"}],"replies":[{"embeddable":true,"href":"https:\/\/pc.sc.gov.br\/index.php?rest_route=%2Fwp%2Fv2%2Fcomments&post=11676"}],"version-history":[{"count":4,"href":"https:\/\/pc.sc.gov.br\/index.php?rest_route=\/wp\/v2\/posts\/11676\/revisions"}],"predecessor-version":[{"id":11681,"href":"https:\/\/pc.sc.gov.br\/index.php?rest_route=\/wp\/v2\/posts\/11676\/revisions\/11681"}],"wp:featuredmedia":[{"embeddable":true,"href":"https:\/\/pc.sc.gov.br\/index.php?rest_route=\/wp\/v2\/media\/11677"}],"wp:attachment":[{"href":"https:\/\/pc.sc.gov.br\/index.php?rest_route=%2Fwp%2Fv2%2Fmedia&parent=11676"}],"wp:term":[{"taxonomy":"category","embeddable":true,"href":"https:\/\/pc.sc.gov.br\/index.php?rest_route=%2Fwp%2Fv2%2Fcategories&post=11676"},{"taxonomy":"post_tag","embeddable":true,"href":"https:\/\/pc.sc.gov.br\/index.php?rest_route=%2Fwp%2Fv2%2Ftags&post=11676"}],"curies":[{"name":"wp","href":"https:\/\/api.w.org\/{rel}","templated":true}]}}