{"id":11682,"date":"2023-07-18T08:00:38","date_gmt":"2023-07-18T11:00:38","guid":{"rendered":"https:\/\/pc.sc.gov.br\/?p=11682"},"modified":"2023-07-18T08:01:35","modified_gmt":"2023-07-18T11:01:35","slug":"policia-civil-deflagra-operacao-para-apurar-crimes-de-associacao-criminosa-e-advocacia-administrativa-praticados-no-ambito-do-detran","status":"publish","type":"post","link":"https:\/\/pc.sc.gov.br\/?p=11682","title":{"rendered":"Pol\u00edcia Civil deflagra opera\u00e7\u00e3o para apurar crimes de associa\u00e7\u00e3o criminosa e advocacia administrativa praticados no \u00e2mbito do DETRAN"},"content":{"rendered":"\t\t<div data-elementor-type=\"wp-post\" data-elementor-id=\"11682\" class=\"elementor elementor-11682\" data-elementor-post-type=\"post\">\n\t\t\t\t\t\t<section class=\"elementor-section elementor-top-section elementor-element elementor-element-4d021a5 elementor-section-boxed elementor-section-height-default elementor-section-height-default\" data-id=\"4d021a5\" data-element_type=\"section\">\n\t\t\t\t\t\t<div class=\"elementor-container elementor-column-gap-default\">\n\t\t\t\t\t<div class=\"elementor-column elementor-col-100 elementor-top-column elementor-element elementor-element-583c56c\" data-id=\"583c56c\" data-element_type=\"column\">\n\t\t\t<div class=\"elementor-widget-wrap elementor-element-populated\">\n\t\t\t\t\t\t<div class=\"elementor-element elementor-element-60d8dd6 elementor-widget elementor-widget-heading\" data-id=\"60d8dd6\" data-element_type=\"widget\" data-widget_type=\"heading.default\">\n\t\t\t\t<div class=\"elementor-widget-container\">\n\t\t\t\t\t<h2 class=\"elementor-heading-title elementor-size-default\">Pol\u00edcia Civil deflagra opera\u00e7\u00e3o para apurar crimes de associa\u00e7\u00e3o criminosa e advocacia administrativa praticados no \u00e2mbito do DETRAN<\/h2>\t\t\t\t<\/div>\n\t\t\t\t<\/div>\n\t\t\t\t\t<\/div>\n\t\t<\/div>\n\t\t\t\t\t<\/div>\n\t\t<\/section>\n\t\t\t\t<section class=\"elementor-section elementor-top-section elementor-element elementor-element-9d808d7 elementor-section-boxed elementor-section-height-default elementor-section-height-default\" data-id=\"9d808d7\" data-element_type=\"section\">\n\t\t\t\t\t\t<div class=\"elementor-container elementor-column-gap-default\">\n\t\t\t\t\t<div class=\"elementor-column elementor-col-100 elementor-top-column elementor-element elementor-element-ff7302d\" data-id=\"ff7302d\" data-element_type=\"column\">\n\t\t\t<div class=\"elementor-widget-wrap elementor-element-populated\">\n\t\t\t\t\t\t<div class=\"elementor-element elementor-element-f39cff1 elementor-widget elementor-widget-image\" data-id=\"f39cff1\" data-element_type=\"widget\" data-widget_type=\"image.default\">\n\t\t\t\t<div class=\"elementor-widget-container\">\n\t\t\t\t\t\t\t\t\t\t\t\t\t\t\t<img fetchpriority=\"high\" decoding=\"async\" width=\"576\" height=\"1024\" src=\"https:\/\/pc.sc.gov.br\/\/wp-content\/uploads\/2023\/07\/WhatsApp-Image-2023-07-18-at-07.17.48-576x1024.jpeg\" class=\"attachment-large size-large wp-image-11683\" alt=\"\" \/>\t\t\t\t\t\t\t\t\t\t\t\t\t\t\t<\/div>\n\t\t\t\t<\/div>\n\t\t\t\t\t<\/div>\n\t\t<\/div>\n\t\t\t\t\t<\/div>\n\t\t<\/section>\n\t\t\t\t<section class=\"elementor-section elementor-top-section elementor-element elementor-element-4a87b6e elementor-section-boxed elementor-section-height-default elementor-section-height-default\" data-id=\"4a87b6e\" data-element_type=\"section\">\n\t\t\t\t\t\t<div class=\"elementor-container elementor-column-gap-default\">\n\t\t\t\t\t<div class=\"elementor-column elementor-col-100 elementor-top-column elementor-element elementor-element-32e834d\" data-id=\"32e834d\" data-element_type=\"column\">\n\t\t\t<div class=\"elementor-widget-wrap elementor-element-populated\">\n\t\t\t\t\t\t<div class=\"elementor-element elementor-element-ef4b524 elementor-widget elementor-widget-text-editor\" data-id=\"ef4b524\" data-element_type=\"widget\" data-widget_type=\"text-editor.default\">\n\t\t\t\t<div class=\"elementor-widget-container\">\n\t\t\t\t\t\t\t\t\t<p>Nesta ter\u00e7a-feira (18), a Pol\u00edcia Civil de Santa Catarina, por meio da Delegacia de Combate \u00e0 Corrup\u00e7\u00e3o e da Delegacia de Defrauda\u00e7\u00f5es, ambas da Diretoria Estadual de Investiga\u00e7\u00f5es Criminais (DEIC),com o apoio do Departamento Estadual de Tr\u00e2nsito de Santa Catarina (DETRAN), deflagrou opera\u00e7\u00e3o policial com objetivo de cumprir buscas e apreens\u00f5es para apurar a pr\u00e1tica dos crimes de associa\u00e7\u00e3o criminosa e advocacia administrativa. No total, foram cumpridos tr\u00eas mandados de busca e apreens\u00e3o nas cidades de Florian\u00f3polis e S\u00e3o Jos\u00e9.&nbsp;<\/p>\n<p>O inqu\u00e9rito policial foi instaurado na DEIC a partir de informa\u00e7\u00f5es repassadas pela Diretoria do DETRAN\/SC de que empregados terceirizados do \u00f3rg\u00e3o estariam deixando de exercer suas fun\u00e7\u00f5es em hor\u00e1rio de trabalho e realizando servi\u00e7os para terceiros (recursos de multas e suspens\u00e3o de CNH), por meio de uma empresa com perfil no Instagram.&nbsp;<\/p>\n<p>A investiga\u00e7\u00e3o apontou que esses empregados, que exercem suas fun\u00e7\u00f5es no setor de penalidades do departamento, criaram uma empresa de recursos administrativos e se utilizam da rede social para divulgar os servi\u00e7os realizados, angariar clientes e obter lucro, patrocinando, assim, interesses privados perante o DETRAN\/SC.&nbsp;<\/p>\n<p>H\u00e1 v\u00e1rios ind\u00edcios de que foi utilizada a estrutura estatal para cria\u00e7\u00e3o da empresa, divulga\u00e7\u00e3o dela nas redes sociais e elabora\u00e7\u00e3o dos recursos administrativos de interesse dos clientes. Al\u00e9m disso, apurou-se que os recursos de multas e suspens\u00e3o de CNH interpostos por interm\u00e9dio da empresa eram protocolizados e recebidos pelos pr\u00f3prios empregados terceirizados do DETRAN\/SC.&nbsp;&nbsp;&nbsp;&nbsp;<\/p>\n<p>Os trabalhos contaram tamb\u00e9m com apoio da Pol\u00edcia Cient\u00edfica e da Coordenadoria de Estadual Combate \u00e0 Corrup\u00e7\u00e3o da DEIC.<\/p><p>Confira o v\u00eddeo do delegado Marcus Vinicius Fraile da DECOR\/DEIC:&nbsp;<br><\/p>\t\t\t\t\t\t\t\t<\/div>\n\t\t\t\t<\/div>\n\t\t\t\t\t<\/div>\n\t\t<\/div>\n\t\t\t\t\t<\/div>\n\t\t<\/section>\n\t\t\t\t<section class=\"elementor-section elementor-top-section elementor-element elementor-element-f8d3c49 elementor-section-boxed elementor-section-height-default elementor-section-height-default\" data-id=\"f8d3c49\" data-element_type=\"section\">\n\t\t\t\t\t\t<div class=\"elementor-container elementor-column-gap-default\">\n\t\t\t\t\t<div class=\"elementor-column elementor-col-100 elementor-top-column elementor-element elementor-element-510ee1c\" data-id=\"510ee1c\" data-element_type=\"column\">\n\t\t\t<div class=\"elementor-widget-wrap elementor-element-populated\">\n\t\t\t\t\t\t<div class=\"elementor-element elementor-element-31c38f9 elementor-widget elementor-widget-video\" data-id=\"31c38f9\" data-element_type=\"widget\" data-settings=\"{&quot;video_type&quot;:&quot;hosted&quot;,&quot;controls&quot;:&quot;yes&quot;}\" data-widget_type=\"video.default\">\n\t\t\t\t<div class=\"elementor-widget-container\">\n\t\t\t\t\t\t\t<div class=\"e-hosted-video elementor-wrapper elementor-open-inline\">\n\t\t\t\t\t<video class=\"elementor-video\" src=\"https:\/\/pc.sc.gov.br\/wp-content\/uploads\/2023\/07\/WhatsApp-Video-2023-07-18-at-07.47.07.mp4\" controls=\"\" preload=\"metadata\"><\/video>\n\t\t\t\t<\/div>\n\t\t\t\t\t\t<\/div>\n\t\t\t\t<\/div>\n\t\t\t\t\t<\/div>\n\t\t<\/div>\n\t\t\t\t\t<\/div>\n\t\t<\/section>\n\t\t\t\t<section class=\"elementor-section elementor-top-section elementor-element elementor-element-4ff9312 elementor-section-boxed elementor-section-height-default elementor-section-height-default\" data-id=\"4ff9312\" data-element_type=\"section\">\n\t\t\t\t\t\t<div class=\"elementor-container elementor-column-gap-default\">\n\t\t\t\t\t<div class=\"elementor-column elementor-col-100 elementor-top-column elementor-element elementor-element-9d79acf\" data-id=\"9d79acf\" data-element_type=\"column\">\n\t\t\t<div class=\"elementor-widget-wrap elementor-element-populated\">\n\t\t\t\t\t\t<div class=\"elementor-element elementor-element-a5bb9a1 elementor-arrows-position-inside elementor-pagination-position-outside elementor-widget elementor-widget-image-carousel\" data-id=\"a5bb9a1\" data-element_type=\"widget\" data-settings=\"{&quot;navigation&quot;:&quot;both&quot;,&quot;autoplay&quot;:&quot;yes&quot;,&quot;pause_on_hover&quot;:&quot;yes&quot;,&quot;pause_on_interaction&quot;:&quot;yes&quot;,&quot;autoplay_speed&quot;:5000,&quot;infinite&quot;:&quot;yes&quot;,&quot;speed&quot;:500}\" data-widget_type=\"image-carousel.default\">\n\t\t\t\t<div class=\"elementor-widget-container\">\n\t\t\t\t\t\t\t<div class=\"elementor-image-carousel-wrapper swiper\" role=\"region\" aria-roledescription=\"carousel\" aria-label=\"Carrossel de imagens\" dir=\"ltr\">\n\t\t\t<div class=\"elementor-image-carousel swiper-wrapper\" aria-live=\"off\">\n\t\t\t\t\t\t\t\t<div class=\"swiper-slide\" role=\"group\" aria-roledescription=\"slide\" aria-label=\"1 de 3\"><figure class=\"swiper-slide-inner\"><img decoding=\"async\" class=\"swiper-slide-image\" src=\"https:\/\/pc.sc.gov.br\/\/wp-content\/uploads\/2023\/07\/WhatsApp-Image-2023-07-18-at-07.57.49.jpeg\" alt=\"WhatsApp Image 2023-07-18 at 07.57.49\" \/><\/figure><\/div><div class=\"swiper-slide\" role=\"group\" aria-roledescription=\"slide\" aria-label=\"2 de 3\"><figure class=\"swiper-slide-inner\"><img decoding=\"async\" class=\"swiper-slide-image\" src=\"https:\/\/pc.sc.gov.br\/\/wp-content\/uploads\/2023\/07\/WhatsApp-Image-2023-07-18-at-07.17.47-2.jpeg\" alt=\"WhatsApp Image 2023-07-18 at 07.17.47-2\" \/><\/figure><\/div><div class=\"swiper-slide\" role=\"group\" aria-roledescription=\"slide\" aria-label=\"3 de 3\"><figure class=\"swiper-slide-inner\"><img decoding=\"async\" class=\"swiper-slide-image\" src=\"https:\/\/pc.sc.gov.br\/\/wp-content\/uploads\/2023\/07\/WhatsApp-Image-2023-07-18-at-07.17.47.jpeg\" alt=\"WhatsApp Image 2023-07-18 at 07.17.47\" \/><\/figure><\/div>\t\t\t<\/div>\n\t\t\t\t\t\t\t\t\t\t\t\t<div class=\"elementor-swiper-button elementor-swiper-button-prev\" role=\"button\" tabindex=\"0\">\n\t\t\t\t\t\t<i aria-hidden=\"true\" class=\"eicon-chevron-left\"><\/i>\t\t\t\t\t<\/div>\n\t\t\t\t\t<div class=\"elementor-swiper-button elementor-swiper-button-next\" role=\"button\" tabindex=\"0\">\n\t\t\t\t\t\t<i aria-hidden=\"true\" class=\"eicon-chevron-right\"><\/i>\t\t\t\t\t<\/div>\n\t\t\t\t\n\t\t\t\t\t\t\t\t\t<div class=\"swiper-pagination\"><\/div>\n\t\t\t\t\t\t\t\t\t<\/div>\n\t\t\t\t\t\t<\/div>\n\t\t\t\t<\/div>\n\t\t\t\t\t<\/div>\n\t\t<\/div>\n\t\t\t\t\t<\/div>\n\t\t<\/section>\n\t\t\t\t<\/div>\n\t\t","protected":false},"excerpt":{"rendered":"<p>Pol\u00edcia Civil deflagra opera\u00e7\u00e3o para apurar crimes de associa\u00e7\u00e3o criminosa e advocacia administrativa praticados no \u00e2mbito do DETRAN Nesta ter\u00e7a-feira (18), a Pol\u00edcia Civil de Santa Catarina, por meio da Delegacia de Combate \u00e0 Corrup\u00e7\u00e3o e da Delegacia de Defrauda\u00e7\u00f5es, ambas da Diretoria Estadual de Investiga\u00e7\u00f5es Criminais (DEIC),com o apoio do Departamento Estadual de Tr\u00e2nsito [&hellip;]<\/p>\n","protected":false},"author":5,"featured_media":11683,"comment_status":"closed","ping_status":"open","sticky":false,"template":"","format":"standard","meta":{"_monsterinsights_skip_tracking":false,"_monsterinsights_sitenote_active":false,"_monsterinsights_sitenote_note":"","_monsterinsights_sitenote_category":0,"footnotes":""},"categories":[1],"tags":[],"class_list":["post-11682","post","type-post","status-publish","format-standard","has-post-thumbnail","hentry","category-sem-categoria"],"_links":{"self":[{"href":"https:\/\/pc.sc.gov.br\/index.php?rest_route=\/wp\/v2\/posts\/11682","targetHints":{"allow":["GET"]}}],"collection":[{"href":"https:\/\/pc.sc.gov.br\/index.php?rest_route=\/wp\/v2\/posts"}],"about":[{"href":"https:\/\/pc.sc.gov.br\/index.php?rest_route=\/wp\/v2\/types\/post"}],"author":[{"embeddable":true,"href":"https:\/\/pc.sc.gov.br\/index.php?rest_route=\/wp\/v2\/users\/5"}],"replies":[{"embeddable":true,"href":"https:\/\/pc.sc.gov.br\/index.php?rest_route=%2Fwp%2Fv2%2Fcomments&post=11682"}],"version-history":[{"count":4,"href":"https:\/\/pc.sc.gov.br\/index.php?rest_route=\/wp\/v2\/posts\/11682\/revisions"}],"predecessor-version":[{"id":11691,"href":"https:\/\/pc.sc.gov.br\/index.php?rest_route=\/wp\/v2\/posts\/11682\/revisions\/11691"}],"wp:featuredmedia":[{"embeddable":true,"href":"https:\/\/pc.sc.gov.br\/index.php?rest_route=\/wp\/v2\/media\/11683"}],"wp:attachment":[{"href":"https:\/\/pc.sc.gov.br\/index.php?rest_route=%2Fwp%2Fv2%2Fmedia&parent=11682"}],"wp:term":[{"taxonomy":"category","embeddable":true,"href":"https:\/\/pc.sc.gov.br\/index.php?rest_route=%2Fwp%2Fv2%2Fcategories&post=11682"},{"taxonomy":"post_tag","embeddable":true,"href":"https:\/\/pc.sc.gov.br\/index.php?rest_route=%2Fwp%2Fv2%2Ftags&post=11682"}],"curies":[{"name":"wp","href":"https:\/\/api.w.org\/{rel}","templated":true}]}}