{"id":11699,"date":"2023-07-19T16:03:44","date_gmt":"2023-07-19T19:03:44","guid":{"rendered":"https:\/\/pc.sc.gov.br\/?p=11699"},"modified":"2023-07-19T16:06:16","modified_gmt":"2023-07-19T19:06:16","slug":"policia-civil-prende-ultimo-envolvido-em-homicidio-em-lages","status":"publish","type":"post","link":"https:\/\/pc.sc.gov.br\/?p=11699","title":{"rendered":"Pol\u00edcia Civil prende \u00faltimo envolvido em homic\u00eddio em Lages"},"content":{"rendered":"\t\t<div data-elementor-type=\"wp-post\" data-elementor-id=\"11699\" class=\"elementor elementor-11699\" data-elementor-post-type=\"post\">\n\t\t\t\t\t\t<section class=\"elementor-section elementor-top-section elementor-element elementor-element-c45b064 elementor-section-boxed elementor-section-height-default elementor-section-height-default\" data-id=\"c45b064\" data-element_type=\"section\">\n\t\t\t\t\t\t<div class=\"elementor-container elementor-column-gap-default\">\n\t\t\t\t\t<div class=\"elementor-column elementor-col-100 elementor-top-column elementor-element elementor-element-80b4846\" data-id=\"80b4846\" data-element_type=\"column\">\n\t\t\t<div class=\"elementor-widget-wrap elementor-element-populated\">\n\t\t\t\t\t\t<div class=\"elementor-element elementor-element-12d2c11 elementor-widget elementor-widget-heading\" data-id=\"12d2c11\" data-element_type=\"widget\" data-widget_type=\"heading.default\">\n\t\t\t\t<div class=\"elementor-widget-container\">\n\t\t\t\t\t<h2 class=\"elementor-heading-title elementor-size-default\">Pol\u00edcia Civil prende \u00faltimo envolvido em homic\u00eddio em Lages <\/h2>\t\t\t\t<\/div>\n\t\t\t\t<\/div>\n\t\t\t\t\t<\/div>\n\t\t<\/div>\n\t\t\t\t\t<\/div>\n\t\t<\/section>\n\t\t\t\t<section class=\"elementor-section elementor-top-section elementor-element elementor-element-3fecf2a elementor-section-boxed elementor-section-height-default elementor-section-height-default\" data-id=\"3fecf2a\" data-element_type=\"section\">\n\t\t\t\t\t\t<div class=\"elementor-container elementor-column-gap-default\">\n\t\t\t\t\t<div class=\"elementor-column elementor-col-100 elementor-top-column elementor-element elementor-element-68b6265\" data-id=\"68b6265\" data-element_type=\"column\">\n\t\t\t<div class=\"elementor-widget-wrap elementor-element-populated\">\n\t\t\t\t\t\t<div class=\"elementor-element elementor-element-b31f2bb elementor-widget elementor-widget-image\" data-id=\"b31f2bb\" data-element_type=\"widget\" data-widget_type=\"image.default\">\n\t\t\t\t<div class=\"elementor-widget-container\">\n\t\t\t\t\t\t\t\t\t\t\t\t\t\t\t<img fetchpriority=\"high\" decoding=\"async\" width=\"696\" height=\"479\" src=\"https:\/\/pc.sc.gov.br\/\/wp-content\/uploads\/2023\/07\/dic-joinville-1-2.jpg\" class=\"attachment-large size-large wp-image-11700\" alt=\"\" srcset=\"https:\/\/pc.sc.gov.br\/\/wp-content\/uploads\/2023\/07\/dic-joinville-1-2.jpg 768w, https:\/\/pc.sc.gov.br\/\/wp-content\/uploads\/2023\/07\/dic-joinville-1-2-300x207.jpg 300w\" sizes=\"(max-width: 696px) 100vw, 696px\" \/>\t\t\t\t\t\t\t\t\t\t\t\t\t\t\t<\/div>\n\t\t\t\t<\/div>\n\t\t\t\t\t<\/div>\n\t\t<\/div>\n\t\t\t\t\t<\/div>\n\t\t<\/section>\n\t\t\t\t<section class=\"elementor-section elementor-top-section elementor-element elementor-element-78c239f elementor-section-boxed elementor-section-height-default elementor-section-height-default\" data-id=\"78c239f\" data-element_type=\"section\">\n\t\t\t\t\t\t<div class=\"elementor-container elementor-column-gap-default\">\n\t\t\t\t\t<div class=\"elementor-column elementor-col-100 elementor-top-column elementor-element elementor-element-b608271\" data-id=\"b608271\" data-element_type=\"column\">\n\t\t\t<div class=\"elementor-widget-wrap elementor-element-populated\">\n\t\t\t\t\t\t<div class=\"elementor-element elementor-element-67b4257 elementor-widget elementor-widget-text-editor\" data-id=\"67b4257\" data-element_type=\"widget\" data-widget_type=\"text-editor.default\">\n\t\t\t\t<div class=\"elementor-widget-container\">\n\t\t\t\t\t\t\t\t\t<p>Na ter\u00e7a-feira (18), a Pol\u00edcia Civil de Santa Catarina, por meio da Divis\u00e3o de Investiga\u00e7\u00e3o Criminal de Lages, efetuou a pris\u00e3o do \u00faltimo envolvido no homic\u00eddio ocorrido em abril de 2022 em Lages.&nbsp;<\/p><p>A v\u00edtima foi atingida por 10 disparos de arma de fogo calibre .40 S&amp;W, depois de ser atra\u00edda para uma emboscada armada pelos autores no bairro S\u00e3o Francisco.<\/p><p>A motiva\u00e7\u00e3o do crime seria uma desaven\u00e7a acerca de um neg\u00f3cio envolvendo um im\u00f3vel, no qual um dos envolvidos entendeu ser desvantajosa para sua fam\u00edlia.&nbsp;<\/p><p>A v\u00edtima foi atra\u00edda para o local onde foi baleada.&nbsp;<span style=\"font-family: var( --e-global-typography-primary-font-family ), Sans-serif; font-size: var( --e-global-typography-primary-font-size ); font-weight: var( --e-global-typography-primary-font-weight ); letter-spacing: var( --e-global-typography-primary-letter-spacing );\">Surpreendida pelos disparos, n\u00e3o teve chance de rea\u00e7\u00e3o.<\/span><\/p><p>Policiais da DIC identificaram os autores e, com o encerramento das investiga\u00e7\u00f5es, todos foram denunciados e tiveram suas pris\u00f5es decretadas.<\/p><p>Dois dos envolvidos foram presos na sexta-feira (14).&nbsp;<\/p><p>Os trabalhos para localizar e prender o \u00faltimo envolvido empenharam os policiais durante todo o final de semana e, no final da tarde da \u00faltima ter\u00e7a-feira, conseguiram localizar e prender o procurado.<span style=\"font-family: var( --e-global-typography-primary-font-family ), Sans-serif; font-size: var( --e-global-typography-primary-font-size ); font-weight: var( --e-global-typography-primary-font-weight ); letter-spacing: var( --e-global-typography-primary-letter-spacing );\">&nbsp;<\/span><\/p><p>O preso foi encaminhado para o sistema penitenci\u00e1rio e ficar\u00e1 \u00e0 disposi\u00e7\u00e3o da Justi\u00e7a.<\/p>\t\t\t\t\t\t\t\t<\/div>\n\t\t\t\t<\/div>\n\t\t\t\t\t<\/div>\n\t\t<\/div>\n\t\t\t\t\t<\/div>\n\t\t<\/section>\n\t\t\t\t<\/div>\n\t\t","protected":false},"excerpt":{"rendered":"<p>Pol\u00edcia Civil prende \u00faltimo envolvido em homic\u00eddio em Lages Na ter\u00e7a-feira (18), a Pol\u00edcia Civil de Santa Catarina, por meio da Divis\u00e3o de Investiga\u00e7\u00e3o Criminal de Lages, efetuou a pris\u00e3o do \u00faltimo envolvido no homic\u00eddio ocorrido em abril de 2022 em Lages.&nbsp; A v\u00edtima foi atingida por 10 disparos de arma de fogo calibre .40 [&hellip;]<\/p>\n","protected":false},"author":5,"featured_media":11700,"comment_status":"closed","ping_status":"open","sticky":false,"template":"","format":"standard","meta":{"_monsterinsights_skip_tracking":false,"_monsterinsights_sitenote_active":false,"_monsterinsights_sitenote_note":"","_monsterinsights_sitenote_category":0,"footnotes":""},"categories":[1],"tags":[],"class_list":["post-11699","post","type-post","status-publish","format-standard","has-post-thumbnail","hentry","category-sem-categoria"],"_links":{"self":[{"href":"https:\/\/pc.sc.gov.br\/index.php?rest_route=\/wp\/v2\/posts\/11699","targetHints":{"allow":["GET"]}}],"collection":[{"href":"https:\/\/pc.sc.gov.br\/index.php?rest_route=\/wp\/v2\/posts"}],"about":[{"href":"https:\/\/pc.sc.gov.br\/index.php?rest_route=\/wp\/v2\/types\/post"}],"author":[{"embeddable":true,"href":"https:\/\/pc.sc.gov.br\/index.php?rest_route=\/wp\/v2\/users\/5"}],"replies":[{"embeddable":true,"href":"https:\/\/pc.sc.gov.br\/index.php?rest_route=%2Fwp%2Fv2%2Fcomments&post=11699"}],"version-history":[{"count":4,"href":"https:\/\/pc.sc.gov.br\/index.php?rest_route=\/wp\/v2\/posts\/11699\/revisions"}],"predecessor-version":[{"id":11704,"href":"https:\/\/pc.sc.gov.br\/index.php?rest_route=\/wp\/v2\/posts\/11699\/revisions\/11704"}],"wp:featuredmedia":[{"embeddable":true,"href":"https:\/\/pc.sc.gov.br\/index.php?rest_route=\/wp\/v2\/media\/11700"}],"wp:attachment":[{"href":"https:\/\/pc.sc.gov.br\/index.php?rest_route=%2Fwp%2Fv2%2Fmedia&parent=11699"}],"wp:term":[{"taxonomy":"category","embeddable":true,"href":"https:\/\/pc.sc.gov.br\/index.php?rest_route=%2Fwp%2Fv2%2Fcategories&post=11699"},{"taxonomy":"post_tag","embeddable":true,"href":"https:\/\/pc.sc.gov.br\/index.php?rest_route=%2Fwp%2Fv2%2Ftags&post=11699"}],"curies":[{"name":"wp","href":"https:\/\/api.w.org\/{rel}","templated":true}]}}