{"id":11706,"date":"2023-07-19T19:04:51","date_gmt":"2023-07-19T22:04:51","guid":{"rendered":"https:\/\/pc.sc.gov.br\/?p=11706"},"modified":"2023-07-19T19:06:08","modified_gmt":"2023-07-19T22:06:08","slug":"policia-civil-realiza-prisao-de-homem-suspeito-de-integrar-grupo-criminoso-que-atua-com-furtos-de-cargas","status":"publish","type":"post","link":"https:\/\/pc.sc.gov.br\/?p=11706","title":{"rendered":"Pol\u00edcia Civil realiza pris\u00e3o de homem suspeito de integrar grupo criminoso que atua com furtos de cargas"},"content":{"rendered":"\t\t<div data-elementor-type=\"wp-post\" data-elementor-id=\"11706\" class=\"elementor elementor-11706\" data-elementor-post-type=\"post\">\n\t\t\t\t\t\t<section class=\"elementor-section elementor-top-section elementor-element elementor-element-cdc2620 elementor-section-boxed elementor-section-height-default elementor-section-height-default\" data-id=\"cdc2620\" data-element_type=\"section\">\n\t\t\t\t\t\t<div class=\"elementor-container elementor-column-gap-default\">\n\t\t\t\t\t<div class=\"elementor-column elementor-col-100 elementor-top-column elementor-element elementor-element-4574e68\" data-id=\"4574e68\" data-element_type=\"column\">\n\t\t\t<div class=\"elementor-widget-wrap elementor-element-populated\">\n\t\t\t\t\t\t<div class=\"elementor-element elementor-element-af0c0d2 elementor-widget elementor-widget-heading\" data-id=\"af0c0d2\" data-element_type=\"widget\" data-widget_type=\"heading.default\">\n\t\t\t\t<div class=\"elementor-widget-container\">\n\t\t\t\t\t<h2 class=\"elementor-heading-title elementor-size-default\">Pol\u00edcia Civil realiza pris\u00e3o de homem suspeito de integrar grupo criminoso que atua com furtos de cargas<\/h2>\t\t\t\t<\/div>\n\t\t\t\t<\/div>\n\t\t\t\t\t<\/div>\n\t\t<\/div>\n\t\t\t\t\t<\/div>\n\t\t<\/section>\n\t\t\t\t<section class=\"elementor-section elementor-top-section elementor-element elementor-element-b75a634 elementor-section-boxed elementor-section-height-default elementor-section-height-default\" data-id=\"b75a634\" data-element_type=\"section\">\n\t\t\t\t\t\t<div class=\"elementor-container elementor-column-gap-default\">\n\t\t\t\t\t<div class=\"elementor-column elementor-col-100 elementor-top-column elementor-element elementor-element-d97127a\" data-id=\"d97127a\" data-element_type=\"column\">\n\t\t\t<div class=\"elementor-widget-wrap elementor-element-populated\">\n\t\t\t\t\t\t<div class=\"elementor-element elementor-element-6b3b59e elementor-widget elementor-widget-image\" data-id=\"6b3b59e\" data-element_type=\"widget\" data-widget_type=\"image.default\">\n\t\t\t\t<div class=\"elementor-widget-container\">\n\t\t\t\t\t\t\t\t\t\t\t\t\t\t\t<img fetchpriority=\"high\" decoding=\"async\" width=\"696\" height=\"392\" src=\"https:\/\/pc.sc.gov.br\/\/wp-content\/uploads\/2023\/07\/WhatsApp-Image-2023-07-19-at-18.18.32-1024x576.jpeg\" class=\"attachment-large size-large wp-image-11707\" alt=\"\" srcset=\"https:\/\/pc.sc.gov.br\/\/wp-content\/uploads\/2023\/07\/WhatsApp-Image-2023-07-19-at-18.18.32-1024x576.jpeg 1024w, https:\/\/pc.sc.gov.br\/\/wp-content\/uploads\/2023\/07\/WhatsApp-Image-2023-07-19-at-18.18.32-300x169.jpeg 300w, https:\/\/pc.sc.gov.br\/\/wp-content\/uploads\/2023\/07\/WhatsApp-Image-2023-07-19-at-18.18.32-768x432.jpeg 768w, https:\/\/pc.sc.gov.br\/\/wp-content\/uploads\/2023\/07\/WhatsApp-Image-2023-07-19-at-18.18.32-1536x864.jpeg 1536w, https:\/\/pc.sc.gov.br\/\/wp-content\/uploads\/2023\/07\/WhatsApp-Image-2023-07-19-at-18.18.32.jpeg 1599w\" sizes=\"(max-width: 696px) 100vw, 696px\" \/>\t\t\t\t\t\t\t\t\t\t\t\t\t\t\t<\/div>\n\t\t\t\t<\/div>\n\t\t\t\t\t<\/div>\n\t\t<\/div>\n\t\t\t\t\t<\/div>\n\t\t<\/section>\n\t\t\t\t<section class=\"elementor-section elementor-top-section elementor-element elementor-element-d9ed397 elementor-section-boxed elementor-section-height-default elementor-section-height-default\" data-id=\"d9ed397\" data-element_type=\"section\">\n\t\t\t\t\t\t<div class=\"elementor-container elementor-column-gap-default\">\n\t\t\t\t\t<div class=\"elementor-column elementor-col-100 elementor-top-column elementor-element elementor-element-e7f13d2\" data-id=\"e7f13d2\" data-element_type=\"column\">\n\t\t\t<div class=\"elementor-widget-wrap elementor-element-populated\">\n\t\t\t\t\t\t<div class=\"elementor-element elementor-element-702e5e3 elementor-widget elementor-widget-text-editor\" data-id=\"702e5e3\" data-element_type=\"widget\" data-widget_type=\"text-editor.default\">\n\t\t\t\t<div class=\"elementor-widget-container\">\n\t\t\t\t\t\t\t\t\t<p>Na ter\u00e7a-feira (18), a Pol\u00edcia Civil de Santa Catarina, por meio da Delegacia de Furtos e Roubos de Cargas da Diretoria Estadual de Investiga\u00e7\u00f5es Criminais, ap\u00f3s a localiza\u00e7\u00e3o de um caminh\u00e3o suspeito de ter sido utilizado por criminosos, acompanhou o ve\u00edculo at\u00e9 a cidade de Bigua\u00e7u, onde, com o apoio da Pol\u00edcia Rodovi\u00e1ria Federal, o ve\u00edculo foi abordado e dado cumprimento ao mandado de pris\u00e3o preventiva em desfavor de um integrante do grupo criminoso investigado.<br><br>A a\u00e7\u00e3o foi realizada em continuidade \u00e0s investiga\u00e7\u00f5es relacionadas ao grupo criminoso, que \u00e9 oriundo do estado do Rio Grande do Sul e que, segundo as investiga\u00e7\u00f5es, atuava em furtos de cargas n\u00e3o s\u00f3 em Santa Catarina, mas em outros estados. Durante a a\u00e7\u00e3o, o caminh\u00e3o tamb\u00e9m foi apreendido, pois era objeto de mandado de busca e apreens\u00e3o, e encaminhado para a DEIC para as provid\u00eancias de praxe.<br><br>No dia 21 de junho deste ano, na cidade de Tr\u00eas Passos, no estado do Rio Grande do Sul, outro integrante do grupo criminoso j\u00e1 havia sido preso na primeira fase da opera\u00e7\u00e3o.<br><br>Da an\u00e1lise dos materiais apreendidos, possibilitou al\u00e9m de corroborar as provas j\u00e1 existentes no Inqu\u00e9rito Policial, tamb\u00e9m esclarecer outros dois furtos de cargas praticados pelo mesmo grupo. Os levantamentos continuam para averigua\u00e7\u00e3o de outros fatos criminosos em que o grupo est\u00e1 envolvido.<br>Den\u00fancias e informa\u00e7\u00f5es relacionadas a Roubo de Cargas podem ser encaminhadas para o e-mail _roubosdecargas-deic@pc.sc.gov.br ou pelo WhatsApp no n\u00famero (48) 99161-8446. O anonimato \u00e9 garantido. <\/p>\t\t\t\t\t\t\t\t<\/div>\n\t\t\t\t<\/div>\n\t\t\t\t\t<\/div>\n\t\t<\/div>\n\t\t\t\t\t<\/div>\n\t\t<\/section>\n\t\t\t\t<\/div>\n\t\t","protected":false},"excerpt":{"rendered":"<p>Pol\u00edcia Civil realiza pris\u00e3o de homem suspeito de integrar grupo criminoso que atua com furtos de cargas Na ter\u00e7a-feira (18), a Pol\u00edcia Civil de Santa Catarina, por meio da Delegacia de Furtos e Roubos de Cargas da Diretoria Estadual de Investiga\u00e7\u00f5es Criminais, ap\u00f3s a localiza\u00e7\u00e3o de um caminh\u00e3o suspeito de ter sido utilizado por criminosos, [&hellip;]<\/p>\n","protected":false},"author":5,"featured_media":11707,"comment_status":"closed","ping_status":"open","sticky":false,"template":"","format":"standard","meta":{"_monsterinsights_skip_tracking":false,"_monsterinsights_sitenote_active":false,"_monsterinsights_sitenote_note":"","_monsterinsights_sitenote_category":0,"footnotes":""},"categories":[1],"tags":[],"class_list":["post-11706","post","type-post","status-publish","format-standard","has-post-thumbnail","hentry","category-sem-categoria"],"_links":{"self":[{"href":"https:\/\/pc.sc.gov.br\/index.php?rest_route=\/wp\/v2\/posts\/11706","targetHints":{"allow":["GET"]}}],"collection":[{"href":"https:\/\/pc.sc.gov.br\/index.php?rest_route=\/wp\/v2\/posts"}],"about":[{"href":"https:\/\/pc.sc.gov.br\/index.php?rest_route=\/wp\/v2\/types\/post"}],"author":[{"embeddable":true,"href":"https:\/\/pc.sc.gov.br\/index.php?rest_route=\/wp\/v2\/users\/5"}],"replies":[{"embeddable":true,"href":"https:\/\/pc.sc.gov.br\/index.php?rest_route=%2Fwp%2Fv2%2Fcomments&post=11706"}],"version-history":[{"count":4,"href":"https:\/\/pc.sc.gov.br\/index.php?rest_route=\/wp\/v2\/posts\/11706\/revisions"}],"predecessor-version":[{"id":11711,"href":"https:\/\/pc.sc.gov.br\/index.php?rest_route=\/wp\/v2\/posts\/11706\/revisions\/11711"}],"wp:featuredmedia":[{"embeddable":true,"href":"https:\/\/pc.sc.gov.br\/index.php?rest_route=\/wp\/v2\/media\/11707"}],"wp:attachment":[{"href":"https:\/\/pc.sc.gov.br\/index.php?rest_route=%2Fwp%2Fv2%2Fmedia&parent=11706"}],"wp:term":[{"taxonomy":"category","embeddable":true,"href":"https:\/\/pc.sc.gov.br\/index.php?rest_route=%2Fwp%2Fv2%2Fcategories&post=11706"},{"taxonomy":"post_tag","embeddable":true,"href":"https:\/\/pc.sc.gov.br\/index.php?rest_route=%2Fwp%2Fv2%2Ftags&post=11706"}],"curies":[{"name":"wp","href":"https:\/\/api.w.org\/{rel}","templated":true}]}}