{"id":11717,"date":"2023-07-20T14:59:24","date_gmt":"2023-07-20T17:59:24","guid":{"rendered":"https:\/\/pc.sc.gov.br\/?p=11717"},"modified":"2023-07-20T15:00:37","modified_gmt":"2023-07-20T18:00:37","slug":"policia-civil-cumpre-mandado-de-busca-e-apreensao-contra-adolescentes-suspeitos-de-apologia-ao-nazismo-em-saudades","status":"publish","type":"post","link":"https:\/\/pc.sc.gov.br\/?p=11717","title":{"rendered":"Pol\u00edcia Civil cumpre mandado de busca e apreens\u00e3o contra adolescentes suspeitos de apologia ao nazismo em Saudades"},"content":{"rendered":"\t\t<div data-elementor-type=\"wp-post\" data-elementor-id=\"11717\" class=\"elementor elementor-11717\" data-elementor-post-type=\"post\">\n\t\t\t\t\t\t<section class=\"elementor-section elementor-top-section elementor-element elementor-element-958f634 elementor-section-boxed elementor-section-height-default elementor-section-height-default\" data-id=\"958f634\" data-element_type=\"section\">\n\t\t\t\t\t\t<div class=\"elementor-container elementor-column-gap-default\">\n\t\t\t\t\t<div class=\"elementor-column elementor-col-100 elementor-top-column elementor-element elementor-element-f9e1e51\" data-id=\"f9e1e51\" data-element_type=\"column\">\n\t\t\t<div class=\"elementor-widget-wrap elementor-element-populated\">\n\t\t\t\t\t\t<div class=\"elementor-element elementor-element-5531e7d elementor-widget elementor-widget-heading\" data-id=\"5531e7d\" data-element_type=\"widget\" data-widget_type=\"heading.default\">\n\t\t\t\t<div class=\"elementor-widget-container\">\n\t\t\t\t\t<h2 class=\"elementor-heading-title elementor-size-default\">Pol\u00edcia Civil cumpre mandado de busca e apreens\u00e3o contra adolescentes suspeitos de apologia ao nazismo em Saudades<\/h2>\t\t\t\t<\/div>\n\t\t\t\t<\/div>\n\t\t\t\t\t<\/div>\n\t\t<\/div>\n\t\t\t\t\t<\/div>\n\t\t<\/section>\n\t\t\t\t<section class=\"elementor-section elementor-top-section elementor-element elementor-element-7ca5fe9 elementor-section-boxed elementor-section-height-default elementor-section-height-default\" data-id=\"7ca5fe9\" data-element_type=\"section\">\n\t\t\t\t\t\t<div class=\"elementor-container elementor-column-gap-default\">\n\t\t\t\t\t<div class=\"elementor-column elementor-col-100 elementor-top-column elementor-element elementor-element-de22618\" data-id=\"de22618\" data-element_type=\"column\">\n\t\t\t<div class=\"elementor-widget-wrap elementor-element-populated\">\n\t\t\t\t\t\t<div class=\"elementor-element elementor-element-dc114f1 elementor-widget elementor-widget-image\" data-id=\"dc114f1\" data-element_type=\"widget\" data-widget_type=\"image.default\">\n\t\t\t\t<div class=\"elementor-widget-container\">\n\t\t\t\t\t\t\t\t\t\t\t\t\t\t\t<img fetchpriority=\"high\" decoding=\"async\" width=\"696\" height=\"464\" src=\"https:\/\/pc.sc.gov.br\/\/wp-content\/uploads\/2023\/07\/PCSC-VTR-1024x683.jpg\" class=\"attachment-large size-large wp-image-11715\" alt=\"\" srcset=\"https:\/\/pc.sc.gov.br\/\/wp-content\/uploads\/2023\/07\/PCSC-VTR-1024x683.jpg 1024w, https:\/\/pc.sc.gov.br\/\/wp-content\/uploads\/2023\/07\/PCSC-VTR-300x200.jpg 300w, https:\/\/pc.sc.gov.br\/\/wp-content\/uploads\/2023\/07\/PCSC-VTR-768x512.jpg 768w, https:\/\/pc.sc.gov.br\/\/wp-content\/uploads\/2023\/07\/PCSC-VTR-1536x1024.jpg 1536w, https:\/\/pc.sc.gov.br\/\/wp-content\/uploads\/2023\/07\/PCSC-VTR-2048x1365.jpg 2048w\" sizes=\"(max-width: 696px) 100vw, 696px\" \/>\t\t\t\t\t\t\t\t\t\t\t\t\t\t\t<\/div>\n\t\t\t\t<\/div>\n\t\t\t\t\t<\/div>\n\t\t<\/div>\n\t\t\t\t\t<\/div>\n\t\t<\/section>\n\t\t\t\t<section class=\"elementor-section elementor-top-section elementor-element elementor-element-96bf86c elementor-section-boxed elementor-section-height-default elementor-section-height-default\" data-id=\"96bf86c\" data-element_type=\"section\">\n\t\t\t\t\t\t<div class=\"elementor-container elementor-column-gap-default\">\n\t\t\t\t\t<div class=\"elementor-column elementor-col-100 elementor-top-column elementor-element elementor-element-4be1da2\" data-id=\"4be1da2\" data-element_type=\"column\">\n\t\t\t<div class=\"elementor-widget-wrap elementor-element-populated\">\n\t\t\t\t\t\t<div class=\"elementor-element elementor-element-a0507b8 elementor-widget elementor-widget-text-editor\" data-id=\"a0507b8\" data-element_type=\"widget\" data-widget_type=\"text-editor.default\">\n\t\t\t\t<div class=\"elementor-widget-container\">\n\t\t\t\t\t\t\t\t\t<p>A Pol\u00edcia Civil de Santa Catarina, por interm\u00e9dio da Delegacia de Pol\u00edcia do Munic\u00edpio de Saudades, com o apoio da Delegacia de Repress\u00e3o ao Racismo e a Delitos de Intoler\u00e2ncia (DRRDI\/ DEIC), deu cumprimento a mandado de busca e apreens\u00e3o na quinta-feira (20),&nbsp; no munic\u00edpio de Saudades, na regi\u00e3o Oeste.<\/p>\n<p>A investiga\u00e7\u00e3o teve in\u00edcio h\u00e1 um m\u00eas e apura a veicula\u00e7\u00e3o de su\u00e1stica em escola do munic\u00edpio e sua divulga\u00e7\u00e3o por adolescentes.&nbsp;<span style=\"font-family: var( --e-global-typography-text-font-family ), Sans-serif; font-size: var( --e-global-typography-text-font-size );\">Na a\u00e7\u00e3o de hoje, foram angariados elementos que revelaram a dissemina\u00e7\u00e3o do conte\u00fado pelo aplicativo Discord, sendo que os vest\u00edgios digitais ser\u00e3o analisados pela Pol\u00edcia Civil.<\/span><\/p>\n<p>No Brasil, a lei federal antirracismo (Lei n\u00ba 7.716, de 1989) prev\u00ea como crime &#8220;fabricar, comercializar, distribuir ou veicular s\u00edmbolos, emblemas, ornamentos, distintivos ou propaganda que utilizem a cruz su\u00e1stica ou gamada, para fins de divulga\u00e7\u00e3o do nazismo&#8221;.<\/p>\t\t\t\t\t\t\t\t<\/div>\n\t\t\t\t<\/div>\n\t\t\t\t\t<\/div>\n\t\t<\/div>\n\t\t\t\t\t<\/div>\n\t\t<\/section>\n\t\t\t\t<\/div>\n\t\t","protected":false},"excerpt":{"rendered":"<p>Pol\u00edcia Civil cumpre mandado de busca e apreens\u00e3o contra adolescentes suspeitos de apologia ao nazismo em Saudades A Pol\u00edcia Civil de Santa Catarina, por interm\u00e9dio da Delegacia de Pol\u00edcia do Munic\u00edpio de Saudades, com o apoio da Delegacia de Repress\u00e3o ao Racismo e a Delitos de Intoler\u00e2ncia (DRRDI\/ DEIC), deu cumprimento a mandado de busca [&hellip;]<\/p>\n","protected":false},"author":5,"featured_media":11715,"comment_status":"closed","ping_status":"open","sticky":false,"template":"","format":"standard","meta":{"_monsterinsights_skip_tracking":false,"_monsterinsights_sitenote_active":false,"_monsterinsights_sitenote_note":"","_monsterinsights_sitenote_category":0,"footnotes":""},"categories":[1],"tags":[],"class_list":["post-11717","post","type-post","status-publish","format-standard","has-post-thumbnail","hentry","category-sem-categoria"],"_links":{"self":[{"href":"https:\/\/pc.sc.gov.br\/index.php?rest_route=\/wp\/v2\/posts\/11717","targetHints":{"allow":["GET"]}}],"collection":[{"href":"https:\/\/pc.sc.gov.br\/index.php?rest_route=\/wp\/v2\/posts"}],"about":[{"href":"https:\/\/pc.sc.gov.br\/index.php?rest_route=\/wp\/v2\/types\/post"}],"author":[{"embeddable":true,"href":"https:\/\/pc.sc.gov.br\/index.php?rest_route=\/wp\/v2\/users\/5"}],"replies":[{"embeddable":true,"href":"https:\/\/pc.sc.gov.br\/index.php?rest_route=%2Fwp%2Fv2%2Fcomments&post=11717"}],"version-history":[{"count":4,"href":"https:\/\/pc.sc.gov.br\/index.php?rest_route=\/wp\/v2\/posts\/11717\/revisions"}],"predecessor-version":[{"id":11721,"href":"https:\/\/pc.sc.gov.br\/index.php?rest_route=\/wp\/v2\/posts\/11717\/revisions\/11721"}],"wp:featuredmedia":[{"embeddable":true,"href":"https:\/\/pc.sc.gov.br\/index.php?rest_route=\/wp\/v2\/media\/11715"}],"wp:attachment":[{"href":"https:\/\/pc.sc.gov.br\/index.php?rest_route=%2Fwp%2Fv2%2Fmedia&parent=11717"}],"wp:term":[{"taxonomy":"category","embeddable":true,"href":"https:\/\/pc.sc.gov.br\/index.php?rest_route=%2Fwp%2Fv2%2Fcategories&post=11717"},{"taxonomy":"post_tag","embeddable":true,"href":"https:\/\/pc.sc.gov.br\/index.php?rest_route=%2Fwp%2Fv2%2Ftags&post=11717"}],"curies":[{"name":"wp","href":"https:\/\/api.w.org\/{rel}","templated":true}]}}