{"id":11722,"date":"2023-07-20T15:33:53","date_gmt":"2023-07-20T18:33:53","guid":{"rendered":"https:\/\/pc.sc.gov.br\/?p=11722"},"modified":"2023-07-20T15:36:10","modified_gmt":"2023-07-20T18:36:10","slug":"policia-civil-prende-mulher-por-trafico-de-drogas-e-apreende-mais-de-sete-quilos-de-maconha-em-itajai","status":"publish","type":"post","link":"https:\/\/pc.sc.gov.br\/?p=11722","title":{"rendered":"Pol\u00edcia Civil prende mulher por tr\u00e1fico de drogas e apreende mais de sete quilos de maconha em Itaja\u00ed"},"content":{"rendered":"\t\t<div data-elementor-type=\"wp-post\" data-elementor-id=\"11722\" class=\"elementor elementor-11722\" data-elementor-post-type=\"post\">\n\t\t\t\t\t\t<section class=\"elementor-section elementor-top-section elementor-element elementor-element-dbdee01 elementor-section-boxed elementor-section-height-default elementor-section-height-default\" data-id=\"dbdee01\" data-element_type=\"section\">\n\t\t\t\t\t\t<div class=\"elementor-container elementor-column-gap-default\">\n\t\t\t\t\t<div class=\"elementor-column elementor-col-100 elementor-top-column elementor-element elementor-element-e774f84\" data-id=\"e774f84\" data-element_type=\"column\">\n\t\t\t<div class=\"elementor-widget-wrap elementor-element-populated\">\n\t\t\t\t\t\t<div class=\"elementor-element elementor-element-461a0ec elementor-widget elementor-widget-heading\" data-id=\"461a0ec\" data-element_type=\"widget\" data-widget_type=\"heading.default\">\n\t\t\t\t<div class=\"elementor-widget-container\">\n\t\t\t\t\t<h2 class=\"elementor-heading-title elementor-size-default\">Pol\u00edcia Civil prende mulher por tr\u00e1fico de drogas e apreende mais de sete quilos de maconha em Itaja\u00ed<\/h2>\t\t\t\t<\/div>\n\t\t\t\t<\/div>\n\t\t\t\t\t<\/div>\n\t\t<\/div>\n\t\t\t\t\t<\/div>\n\t\t<\/section>\n\t\t\t\t<section class=\"elementor-section elementor-top-section elementor-element elementor-element-f468e53 elementor-section-boxed elementor-section-height-default elementor-section-height-default\" data-id=\"f468e53\" data-element_type=\"section\">\n\t\t\t\t\t\t<div class=\"elementor-container elementor-column-gap-default\">\n\t\t\t\t\t<div class=\"elementor-column elementor-col-100 elementor-top-column elementor-element elementor-element-e5f5094\" data-id=\"e5f5094\" data-element_type=\"column\">\n\t\t\t<div class=\"elementor-widget-wrap elementor-element-populated\">\n\t\t\t\t\t\t<div class=\"elementor-element elementor-element-691b5da elementor-widget elementor-widget-image\" data-id=\"691b5da\" data-element_type=\"widget\" data-widget_type=\"image.default\">\n\t\t\t\t<div class=\"elementor-widget-container\">\n\t\t\t\t\t\t\t\t\t\t\t\t\t\t\t<img fetchpriority=\"high\" decoding=\"async\" width=\"576\" height=\"1024\" src=\"https:\/\/pc.sc.gov.br\/\/wp-content\/uploads\/2023\/07\/WhatsApp-Image-2023-07-20-at-09.38.19-576x1024.jpeg\" class=\"attachment-large size-large wp-image-11723\" alt=\"\" srcset=\"https:\/\/pc.sc.gov.br\/\/wp-content\/uploads\/2023\/07\/WhatsApp-Image-2023-07-20-at-09.38.19-576x1024.jpeg 576w, https:\/\/pc.sc.gov.br\/\/wp-content\/uploads\/2023\/07\/WhatsApp-Image-2023-07-20-at-09.38.19-169x300.jpeg 169w, https:\/\/pc.sc.gov.br\/\/wp-content\/uploads\/2023\/07\/WhatsApp-Image-2023-07-20-at-09.38.19-768x1365.jpeg 768w, https:\/\/pc.sc.gov.br\/\/wp-content\/uploads\/2023\/07\/WhatsApp-Image-2023-07-20-at-09.38.19-864x1536.jpeg 864w, https:\/\/pc.sc.gov.br\/\/wp-content\/uploads\/2023\/07\/WhatsApp-Image-2023-07-20-at-09.38.19.jpeg 900w\" sizes=\"(max-width: 576px) 100vw, 576px\" \/>\t\t\t\t\t\t\t\t\t\t\t\t\t\t\t<\/div>\n\t\t\t\t<\/div>\n\t\t\t\t\t<\/div>\n\t\t<\/div>\n\t\t\t\t\t<\/div>\n\t\t<\/section>\n\t\t\t\t<section class=\"elementor-section elementor-top-section elementor-element elementor-element-cdcd6de elementor-section-boxed elementor-section-height-default elementor-section-height-default\" data-id=\"cdcd6de\" data-element_type=\"section\">\n\t\t\t\t\t\t<div class=\"elementor-container elementor-column-gap-default\">\n\t\t\t\t\t<div class=\"elementor-column elementor-col-100 elementor-top-column elementor-element elementor-element-29765e4\" data-id=\"29765e4\" data-element_type=\"column\">\n\t\t\t<div class=\"elementor-widget-wrap elementor-element-populated\">\n\t\t\t\t\t\t<div class=\"elementor-element elementor-element-ba4fdd3 elementor-widget elementor-widget-text-editor\" data-id=\"ba4fdd3\" data-element_type=\"widget\" data-widget_type=\"text-editor.default\">\n\t\t\t\t<div class=\"elementor-widget-container\">\n\t\t\t\t\t\t\t\t\t<p>A Pol\u00edcia Civil de Santa Catarina, por meio da Divis\u00e3o de Investiga\u00e7\u00e3o Criminal (DIC) de Itaja\u00ed, cumpriu na quarta-feira (19), mandado de busca e apreens\u00e3o na resid\u00eancia de um homem, suspeito de envolvimento no tr\u00e1fico de drogas no bairro Cordeiros, em Itaja\u00ed.&nbsp;<span style=\"letter-spacing: -0.2px; font-family: var( --e-global-typography-primary-font-family ), Sans-serif; font-size: var( --e-global-typography-primary-font-size ); font-weight: var( --e-global-typography-primary-font-weight );\">A opera\u00e7\u00e3o contou com apoio do N\u00facleo de Opera\u00e7\u00f5es com C\u00e3es (NOC) da Pol\u00edcia Civil de Itaja\u00ed.<\/span><\/p>\n<p>Durante as buscas, os policiais encontraram na resid\u00eancia cerca de 11 tabletes de maconha pesando aproximadamente 7,5 quilos e uma balan\u00e7a de precis\u00e3o. Uma mulher que estava no local assumiu ser a propriet\u00e1ria do entorpecente e foi autuada em flagrante.&nbsp;<\/p>\n<p>A presa foi encaminhada ao sistema penitenci\u00e1rio, onde permanece \u00e0 disposi\u00e7\u00e3o da Justi\u00e7a.&nbsp;<\/p>\t\t\t\t\t\t\t\t<\/div>\n\t\t\t\t<\/div>\n\t\t\t\t\t<\/div>\n\t\t<\/div>\n\t\t\t\t\t<\/div>\n\t\t<\/section>\n\t\t\t\t<\/div>\n\t\t","protected":false},"excerpt":{"rendered":"<p>Pol\u00edcia Civil prende mulher por tr\u00e1fico de drogas e apreende mais de sete quilos de maconha em Itaja\u00ed A Pol\u00edcia Civil de Santa Catarina, por meio da Divis\u00e3o de Investiga\u00e7\u00e3o Criminal (DIC) de Itaja\u00ed, cumpriu na quarta-feira (19), mandado de busca e apreens\u00e3o na resid\u00eancia de um homem, suspeito de envolvimento no tr\u00e1fico de drogas [&hellip;]<\/p>\n","protected":false},"author":5,"featured_media":11723,"comment_status":"closed","ping_status":"open","sticky":false,"template":"","format":"standard","meta":{"_monsterinsights_skip_tracking":false,"_monsterinsights_sitenote_active":false,"_monsterinsights_sitenote_note":"","_monsterinsights_sitenote_category":0,"footnotes":""},"categories":[1],"tags":[],"class_list":["post-11722","post","type-post","status-publish","format-standard","has-post-thumbnail","hentry","category-sem-categoria"],"_links":{"self":[{"href":"https:\/\/pc.sc.gov.br\/index.php?rest_route=\/wp\/v2\/posts\/11722","targetHints":{"allow":["GET"]}}],"collection":[{"href":"https:\/\/pc.sc.gov.br\/index.php?rest_route=\/wp\/v2\/posts"}],"about":[{"href":"https:\/\/pc.sc.gov.br\/index.php?rest_route=\/wp\/v2\/types\/post"}],"author":[{"embeddable":true,"href":"https:\/\/pc.sc.gov.br\/index.php?rest_route=\/wp\/v2\/users\/5"}],"replies":[{"embeddable":true,"href":"https:\/\/pc.sc.gov.br\/index.php?rest_route=%2Fwp%2Fv2%2Fcomments&post=11722"}],"version-history":[{"count":4,"href":"https:\/\/pc.sc.gov.br\/index.php?rest_route=\/wp\/v2\/posts\/11722\/revisions"}],"predecessor-version":[{"id":11727,"href":"https:\/\/pc.sc.gov.br\/index.php?rest_route=\/wp\/v2\/posts\/11722\/revisions\/11727"}],"wp:featuredmedia":[{"embeddable":true,"href":"https:\/\/pc.sc.gov.br\/index.php?rest_route=\/wp\/v2\/media\/11723"}],"wp:attachment":[{"href":"https:\/\/pc.sc.gov.br\/index.php?rest_route=%2Fwp%2Fv2%2Fmedia&parent=11722"}],"wp:term":[{"taxonomy":"category","embeddable":true,"href":"https:\/\/pc.sc.gov.br\/index.php?rest_route=%2Fwp%2Fv2%2Fcategories&post=11722"},{"taxonomy":"post_tag","embeddable":true,"href":"https:\/\/pc.sc.gov.br\/index.php?rest_route=%2Fwp%2Fv2%2Ftags&post=11722"}],"curies":[{"name":"wp","href":"https:\/\/api.w.org\/{rel}","templated":true}]}}