{"id":11749,"date":"2023-07-21T13:57:22","date_gmt":"2023-07-21T16:57:22","guid":{"rendered":"https:\/\/pc.sc.gov.br\/?p=11749"},"modified":"2023-07-21T15:32:57","modified_gmt":"2023-07-21T18:32:57","slug":"policia-civil-prende-duas-pessoas-investigadas-por-homicidio-e-tentativa-de-homicidio-ocorrido-em-palmitos","status":"publish","type":"post","link":"https:\/\/pc.sc.gov.br\/?p=11749","title":{"rendered":"Pol\u00edcia Civil prende duas pessoas investigadas por homic\u00eddio e tentativa de homic\u00eddio ocorrido em Palmitos"},"content":{"rendered":"<style>\/*! elementor - v3.7.8 - 02-10-2022 *\/<br \/>\n.elementor-heading-title{padding:0;margin:0;line-height:1}.elementor-widget-heading .elementor-heading-title[class*=elementor-size-]>a{color:inherit;font-size:inherit;line-height:inherit}.elementor-widget-heading .elementor-heading-title.elementor-size-small{font-size:15px}.elementor-widget-heading .elementor-heading-title.elementor-size-medium{font-size:19px}.elementor-widget-heading .elementor-heading-title.elementor-size-large{font-size:29px}.elementor-widget-heading .elementor-heading-title.elementor-size-xl{font-size:39px}.elementor-widget-heading .elementor-heading-title.elementor-size-xxl{font-size:59px}<\/style>\n<h2>Pol\u00edcia Civil prende duas pessoas investigadas por homic\u00eddio e tentativa de homic\u00eddio ocorrido em Palmitos<\/h2>\n<p>Na quinta-feira (20), a Pol\u00edcia Civil de Santa Catarina, por meio da Divis\u00e3o de Investiga\u00e7\u00e3o Criminal de Maravilha e pela Delegacia de Pol\u00edcia da Comarca de Palmitos, deflagrou opera\u00e7\u00e3o com o intuito de dar cumprimento a um mandado de pris\u00e3o tempor\u00e1ria e quatro mandados de busca e apreens\u00e3o no munic\u00edpio de Palmitos.<\/p>\n<p>A investiga\u00e7\u00e3o policial d\u00e1 conta de que, por volta da meia noite do dia 7 de maio de 2023, dois indiv\u00edduos chegaram no bairro Aurora para atacar um desafeto rival.&nbsp;<\/p>\n<p>Ambos se posicionaram escondidos nas proximidades da casa do alvo, mas foram visualizados por moradores locais, os quais foram verificar a situa\u00e7\u00e3o suspeita.<\/p>\n<p>Nesse momento, os criminosos se depararam com a v\u00edtima e seu tio, que os flagraram escondidos \u00e0 espreita de seu alvo.&nbsp;<\/p>\n<p>Confrontados, os criminosos resolveram empreender fuga, momento em que um deles alvejou as v\u00edtimas, duas vezes cada, com disparos de arma de fogo.<br \/>\nA v\u00edtima morreu na hora em decorr\u00eancia de um disparo no t\u00f3rax e outro na cabe\u00e7a, ao passo que o tio dele foi atingido no abd\u00f4men e em um dos bra\u00e7os e sobreviveu ap\u00f3s socorro m\u00e9dico e interven\u00e7\u00e3o cir\u00fargica.&nbsp;<\/p>\n<p>Tudo indica que a v\u00edtima que morreu n\u00e3o possu\u00eda nenhuma rela\u00e7\u00e3o com os autores e n\u00e3o era o verdadeiro alvo da a\u00e7\u00e3o criminosa.<\/p>\n<p>Os criminosos fugiram e foram perseguidos pelo pai da v\u00edtima morta, o qual se armou com um fac\u00e3o e saiu no encal\u00e7o dos assassinos, inclusive arremessando a arma branca no atirador, atingindo-o nas costas.<\/p>\n<p>O trabalho policial realizado at\u00e9 o momento conseguiu demonstrar que a arma de fogo empregada foi um rev\u00f3lver calibre .38 SPL e possibilitou identificar o atirador, um homem de 19 anos de idade, natural de Palmitos.<\/p>\n<p>&nbsp;O mandado de pris\u00e3o tempor\u00e1rio cumprido nesta quinta-feira foi contra esse homem.<\/p>\n<p>&nbsp;O autor tamb\u00e9m \u00e9 investigado pela realiza\u00e7\u00e3o da trafic\u00e2ncia de drogas, posse e porte irregular de arma de fogo e integra\u00e7\u00e3o de organiza\u00e7\u00e3o criminosa.<br \/>\nAinda durante as buscas realizadas, foram encontradas duas armas de fogo, um rev\u00f3lver e uma garrucha, ambas de calibre incerto.&nbsp;<\/p>\n<p>Outro homem respons\u00e1vel pela guarda da garrucha foi preso em flagrante e o adolescente que estava na posse do rev\u00f3lver (o qual \u00e9 suspeito de ser o segundo envolvido nos crimes contra a vida) foi conduzido \u00e0 unidade policial.<\/p>\n<p>N\u00e3o \u00e9 poss\u00edvel dizer antes do exame pericial se o rev\u00f3lver encontrado possui rela\u00e7\u00e3o com o utilizado nos homic\u00eddios (consumado e tentado), mas foi encontrado na posse dos suspeitos dos delitos.<\/p>\n<p>A a\u00e7\u00e3o policial contou com o apoio da COPC (c\u00e3es farejadores da Pol\u00edcia CIvil) e de agentes de pol\u00edcia da DPCo e DPCAMI de Maravilha.<\/p>\n<p>At\u00e9 o momento, confirmada a tese investigativa nos pr\u00f3ximos trinta dias, quando deve ser finalizada a investiga\u00e7\u00e3o, a 31\u00aa DRP de Maravilha mant\u00e9m 100% de resolu\u00e7\u00e3o dos homic\u00eddios ocorridos na regi\u00e3o desde sua cria\u00e7\u00e3o (anos de 2022 e 2023).<\/p>\n<p>Confira o v\u00eddeo do delegado Rodrigo Moura, da DIC de Maravilha:<\/p>\n<div style=\"width: 640px;\" class=\"wp-video\"><!--[if lt IE 9]><script>document.createElement('video');<\/script><![endif]-->\n<video class=\"wp-video-shortcode\" id=\"video-11749-1\" width=\"640\" height=\"360\" preload=\"metadata\" controls=\"controls\"><source type=\"video\/mp4\" src=\"https:\/\/pc.sc.gov.br\/wp-content\/uploads\/2023\/07\/WhatsApp-Video-2023-07-21-at-13.55.02.mp4?_=1\" \/><a href=\"https:\/\/pc.sc.gov.br\/wp-content\/uploads\/2023\/07\/WhatsApp-Video-2023-07-21-at-13.55.02.mp4\">https:\/\/pc.sc.gov.br\/wp-content\/uploads\/2023\/07\/WhatsApp-Video-2023-07-21-at-13.55.02.mp4<\/a><\/video><\/div>\n<style>\/*! elementor - v3.7.8 - 02-10-2022 *\/<br \/>\n.elementor-widget-image-carousel .swiper-container{position:static}.elementor-widget-image-carousel .swiper-container .swiper-slide figure{line-height:inherit}.elementor-widget-image-carousel .swiper-slide{text-align:center}.elementor-image-carousel-wrapper:not(.swiper-container-initialized) .swiper-slide{max-width:calc(100% \/ var(--e-image-carousel-slides-to-show, 3))}<\/style>\n<figure><img decoding=\"async\" src=\"https:\/\/pc.sc.gov.br\/wp-content\/uploads\/2023\/07\/WhatsApp-Image-2023-07-21-at-13.55.31-2-768x909.jpeg\" alt=\"WhatsApp Image 2023-07-21 at 13.55.31 (2)\"><\/figure>\n<figure><img decoding=\"async\" src=\"https:\/\/pc.sc.gov.br\/wp-content\/uploads\/2023\/07\/WhatsApp-Image-2023-07-21-at-13.55.31-1-768x585.jpeg\" alt=\"WhatsApp Image 2023-07-21 at 13.55.31 (1)\"><\/figure>\n<figure><img decoding=\"async\" src=\"https:\/\/pc.sc.gov.br\/wp-content\/uploads\/2023\/07\/WhatsApp-Image-2023-07-21-at-13.55.32-e1689959884773-768x768.jpeg\" alt=\"WhatsApp Image 2023-07-21 at 13.55.32\"><\/figure>\n<figure><img decoding=\"async\" src=\"https:\/\/pc.sc.gov.br\/wp-content\/uploads\/2023\/07\/WhatsApp-Image-2023-07-21-at-13.55.31-3-768x389.jpeg\" alt=\"WhatsApp Image 2023-07-21 at 13.55.31\"><\/figure>\n","protected":false},"excerpt":{"rendered":"<p>Pol\u00edcia Civil prende duas pessoas investigadas por homic\u00eddio e tentativa de homic\u00eddio ocorrido em Palmitos Na quinta-feira (20), a Pol\u00edcia Civil de Santa Catarina, por meio da Divis\u00e3o de Investiga\u00e7\u00e3o Criminal de Maravilha e pela Delegacia de Pol\u00edcia da Comarca de Palmitos, deflagrou opera\u00e7\u00e3o com o intuito de dar cumprimento a um mandado de pris\u00e3o [&hellip;]<\/p>\n","protected":false},"author":5,"featured_media":11750,"comment_status":"closed","ping_status":"open","sticky":false,"template":"","format":"standard","meta":{"_monsterinsights_skip_tracking":false,"_monsterinsights_sitenote_active":false,"_monsterinsights_sitenote_note":"","_monsterinsights_sitenote_category":0,"footnotes":""},"categories":[1],"tags":[],"class_list":["post-11749","post","type-post","status-publish","format-standard","has-post-thumbnail","hentry","category-sem-categoria"],"_links":{"self":[{"href":"https:\/\/pc.sc.gov.br\/index.php?rest_route=\/wp\/v2\/posts\/11749","targetHints":{"allow":["GET"]}}],"collection":[{"href":"https:\/\/pc.sc.gov.br\/index.php?rest_route=\/wp\/v2\/posts"}],"about":[{"href":"https:\/\/pc.sc.gov.br\/index.php?rest_route=\/wp\/v2\/types\/post"}],"author":[{"embeddable":true,"href":"https:\/\/pc.sc.gov.br\/index.php?rest_route=\/wp\/v2\/users\/5"}],"replies":[{"embeddable":true,"href":"https:\/\/pc.sc.gov.br\/index.php?rest_route=%2Fwp%2Fv2%2Fcomments&post=11749"}],"version-history":[{"count":17,"href":"https:\/\/pc.sc.gov.br\/index.php?rest_route=\/wp\/v2\/posts\/11749\/revisions"}],"predecessor-version":[{"id":11777,"href":"https:\/\/pc.sc.gov.br\/index.php?rest_route=\/wp\/v2\/posts\/11749\/revisions\/11777"}],"wp:featuredmedia":[{"embeddable":true,"href":"https:\/\/pc.sc.gov.br\/index.php?rest_route=\/wp\/v2\/media\/11750"}],"wp:attachment":[{"href":"https:\/\/pc.sc.gov.br\/index.php?rest_route=%2Fwp%2Fv2%2Fmedia&parent=11749"}],"wp:term":[{"taxonomy":"category","embeddable":true,"href":"https:\/\/pc.sc.gov.br\/index.php?rest_route=%2Fwp%2Fv2%2Fcategories&post=11749"},{"taxonomy":"post_tag","embeddable":true,"href":"https:\/\/pc.sc.gov.br\/index.php?rest_route=%2Fwp%2Fv2%2Ftags&post=11749"}],"curies":[{"name":"wp","href":"https:\/\/api.w.org\/{rel}","templated":true}]}}