{"id":11769,"date":"2023-07-21T14:14:17","date_gmt":"2023-07-21T17:14:17","guid":{"rendered":"https:\/\/pc.sc.gov.br\/?p=11769"},"modified":"2023-07-21T14:16:30","modified_gmt":"2023-07-21T17:16:30","slug":"policia-civil-deflagra-operacao-em-combate-ao-crime-organizado-em-de-sao-jose-criciuma-e-foz-do-iguacu","status":"publish","type":"post","link":"https:\/\/pc.sc.gov.br\/?p=11769","title":{"rendered":"Pol\u00edcia Civil deflagra opera\u00e7\u00e3o em combate ao crime organizado em de S\u00e3o Jos\u00e9, Crici\u00fama e Foz do Igua\u00e7u"},"content":{"rendered":"\t\t<div data-elementor-type=\"wp-post\" data-elementor-id=\"11769\" class=\"elementor elementor-11769\" data-elementor-post-type=\"post\">\n\t\t\t\t\t\t<section class=\"elementor-section elementor-top-section elementor-element elementor-element-8db6ee0 elementor-section-boxed elementor-section-height-default elementor-section-height-default\" data-id=\"8db6ee0\" data-element_type=\"section\">\n\t\t\t\t\t\t<div class=\"elementor-container elementor-column-gap-default\">\n\t\t\t\t\t<div class=\"elementor-column elementor-col-100 elementor-top-column elementor-element elementor-element-ba20a8d\" data-id=\"ba20a8d\" data-element_type=\"column\">\n\t\t\t<div class=\"elementor-widget-wrap elementor-element-populated\">\n\t\t\t\t\t\t<div class=\"elementor-element elementor-element-143b907 elementor-widget elementor-widget-heading\" data-id=\"143b907\" data-element_type=\"widget\" data-widget_type=\"heading.default\">\n\t\t\t\t<div class=\"elementor-widget-container\">\n\t\t\t\t\t<h2 class=\"elementor-heading-title elementor-size-default\">Pol\u00edcia Civil deflagra opera\u00e7\u00e3o em combate ao crime organizado em de S\u00e3o Jos\u00e9, Crici\u00fama e Foz do Igua\u00e7u<\/h2>\t\t\t\t<\/div>\n\t\t\t\t<\/div>\n\t\t\t\t\t<\/div>\n\t\t<\/div>\n\t\t\t\t\t<\/div>\n\t\t<\/section>\n\t\t\t\t<section class=\"elementor-section elementor-top-section elementor-element elementor-element-f456d3e elementor-section-boxed elementor-section-height-default elementor-section-height-default\" data-id=\"f456d3e\" data-element_type=\"section\">\n\t\t\t\t\t\t<div class=\"elementor-container elementor-column-gap-default\">\n\t\t\t\t\t<div class=\"elementor-column elementor-col-100 elementor-top-column elementor-element elementor-element-41b8694\" data-id=\"41b8694\" data-element_type=\"column\">\n\t\t\t<div class=\"elementor-widget-wrap elementor-element-populated\">\n\t\t\t\t\t\t<div class=\"elementor-element elementor-element-aaca4be elementor-widget elementor-widget-image\" data-id=\"aaca4be\" data-element_type=\"widget\" data-widget_type=\"image.default\">\n\t\t\t\t<div class=\"elementor-widget-container\">\n\t\t\t\t\t\t\t\t\t\t\t\t\t\t\t<img fetchpriority=\"high\" decoding=\"async\" width=\"696\" height=\"464\" src=\"https:\/\/pc.sc.gov.br\/\/wp-content\/uploads\/2023\/07\/PCSC-VTR-1024x683.jpg\" class=\"attachment-large size-large wp-image-11715\" alt=\"\" srcset=\"https:\/\/pc.sc.gov.br\/\/wp-content\/uploads\/2023\/07\/PCSC-VTR-1024x683.jpg 1024w, https:\/\/pc.sc.gov.br\/\/wp-content\/uploads\/2023\/07\/PCSC-VTR-300x200.jpg 300w, https:\/\/pc.sc.gov.br\/\/wp-content\/uploads\/2023\/07\/PCSC-VTR-768x512.jpg 768w, https:\/\/pc.sc.gov.br\/\/wp-content\/uploads\/2023\/07\/PCSC-VTR-1536x1024.jpg 1536w, https:\/\/pc.sc.gov.br\/\/wp-content\/uploads\/2023\/07\/PCSC-VTR-2048x1365.jpg 2048w\" sizes=\"(max-width: 696px) 100vw, 696px\" \/>\t\t\t\t\t\t\t\t\t\t\t\t\t\t\t<\/div>\n\t\t\t\t<\/div>\n\t\t\t\t\t<\/div>\n\t\t<\/div>\n\t\t\t\t\t<\/div>\n\t\t<\/section>\n\t\t\t\t<section class=\"elementor-section elementor-top-section elementor-element elementor-element-c637c55 elementor-section-boxed elementor-section-height-default elementor-section-height-default\" data-id=\"c637c55\" data-element_type=\"section\">\n\t\t\t\t\t\t<div class=\"elementor-container elementor-column-gap-default\">\n\t\t\t\t\t<div class=\"elementor-column elementor-col-100 elementor-top-column elementor-element elementor-element-273b4ae\" data-id=\"273b4ae\" data-element_type=\"column\">\n\t\t\t<div class=\"elementor-widget-wrap elementor-element-populated\">\n\t\t\t\t\t\t<div class=\"elementor-element elementor-element-9a94b8e elementor-widget elementor-widget-text-editor\" data-id=\"9a94b8e\" data-element_type=\"widget\" data-widget_type=\"text-editor.default\">\n\t\t\t\t<div class=\"elementor-widget-container\">\n\t\t\t\t\t\t\t\t\t<p>Nesta quinta-feira (20), a Pol\u00edcia Civil de Santa Catarina, por meio da Delegacia de Repress\u00e3o ao Crime Organizado da Diretoria Estadual de Investiga\u00e7\u00f5es Criminais (DRACO\/DEIC), deflagrou a opera\u00e7\u00e3o \u201cFronteira\u201d, com o objetivo de cumprir tr\u00eas mandados de busca e apreens\u00e3o nas cidades catarinenses de S\u00e3o Jos\u00e9 e Crici\u00fama e em Foz do Igua\u00e7u, no Paran\u00e1. Na a\u00e7\u00e3o, um homem foi preso em flagrante por tr\u00e1fico de drogas na cidade de Crici\u00fama.<\/p><p>Os objetos apreendidos ser\u00e3o encaminhados \u00e0 Pol\u00edcia Cient\u00edfica para per\u00edcia. Cerca de 25 policiais civis participaram da a\u00e7\u00e3o, que contou com o apoio da Delegacia de Investiga\u00e7\u00e3o \u00e0 Lavagem de Dinheiro da DEIC, da Divis\u00e3o de Investiga\u00e7\u00e3o Criminal de Crici\u00fama, do N\u00facleo de Opera\u00e7\u00e3o com C\u00e3es e da Pol\u00edcia Civil do Paran\u00e1.<span style=\"font-family: var( --e-global-typography-primary-font-family ), Sans-serif; font-size: var( --e-global-typography-primary-font-size ); font-weight: var( --e-global-typography-primary-font-weight ); letter-spacing: var( --e-global-typography-primary-letter-spacing );\">&nbsp;<\/span><\/p><p>A equipe da DRACO\/DEIC refor\u00e7a seu compromisso de combater as organiza\u00e7\u00f5es criminosas em prol da sociedade catarinense.<\/p>\t\t\t\t\t\t\t\t<\/div>\n\t\t\t\t<\/div>\n\t\t\t\t\t<\/div>\n\t\t<\/div>\n\t\t\t\t\t<\/div>\n\t\t<\/section>\n\t\t\t\t<\/div>\n\t\t","protected":false},"excerpt":{"rendered":"<p>Pol\u00edcia Civil deflagra opera\u00e7\u00e3o em combate ao crime organizado em de S\u00e3o Jos\u00e9, Crici\u00fama e Foz do Igua\u00e7u Nesta quinta-feira (20), a Pol\u00edcia Civil de Santa Catarina, por meio da Delegacia de Repress\u00e3o ao Crime Organizado da Diretoria Estadual de Investiga\u00e7\u00f5es Criminais (DRACO\/DEIC), deflagrou a opera\u00e7\u00e3o \u201cFronteira\u201d, com o objetivo de cumprir tr\u00eas mandados de [&hellip;]<\/p>\n","protected":false},"author":5,"featured_media":11715,"comment_status":"closed","ping_status":"open","sticky":false,"template":"","format":"standard","meta":{"_monsterinsights_skip_tracking":false,"_monsterinsights_sitenote_active":false,"_monsterinsights_sitenote_note":"","_monsterinsights_sitenote_category":0,"footnotes":""},"categories":[1],"tags":[],"class_list":["post-11769","post","type-post","status-publish","format-standard","has-post-thumbnail","hentry","category-sem-categoria"],"_links":{"self":[{"href":"https:\/\/pc.sc.gov.br\/index.php?rest_route=\/wp\/v2\/posts\/11769","targetHints":{"allow":["GET"]}}],"collection":[{"href":"https:\/\/pc.sc.gov.br\/index.php?rest_route=\/wp\/v2\/posts"}],"about":[{"href":"https:\/\/pc.sc.gov.br\/index.php?rest_route=\/wp\/v2\/types\/post"}],"author":[{"embeddable":true,"href":"https:\/\/pc.sc.gov.br\/index.php?rest_route=\/wp\/v2\/users\/5"}],"replies":[{"embeddable":true,"href":"https:\/\/pc.sc.gov.br\/index.php?rest_route=%2Fwp%2Fv2%2Fcomments&post=11769"}],"version-history":[{"count":4,"href":"https:\/\/pc.sc.gov.br\/index.php?rest_route=\/wp\/v2\/posts\/11769\/revisions"}],"predecessor-version":[{"id":11773,"href":"https:\/\/pc.sc.gov.br\/index.php?rest_route=\/wp\/v2\/posts\/11769\/revisions\/11773"}],"wp:featuredmedia":[{"embeddable":true,"href":"https:\/\/pc.sc.gov.br\/index.php?rest_route=\/wp\/v2\/media\/11715"}],"wp:attachment":[{"href":"https:\/\/pc.sc.gov.br\/index.php?rest_route=%2Fwp%2Fv2%2Fmedia&parent=11769"}],"wp:term":[{"taxonomy":"category","embeddable":true,"href":"https:\/\/pc.sc.gov.br\/index.php?rest_route=%2Fwp%2Fv2%2Fcategories&post=11769"},{"taxonomy":"post_tag","embeddable":true,"href":"https:\/\/pc.sc.gov.br\/index.php?rest_route=%2Fwp%2Fv2%2Ftags&post=11769"}],"curies":[{"name":"wp","href":"https:\/\/api.w.org\/{rel}","templated":true}]}}