{"id":11797,"date":"2023-07-24T13:58:01","date_gmt":"2023-07-24T16:58:01","guid":{"rendered":"https:\/\/pc.sc.gov.br\/?p=11797"},"modified":"2023-07-24T14:00:57","modified_gmt":"2023-07-24T17:00:57","slug":"policias-civil-e-militar-prendem-golpistas-que-alugavam-apartamentos-e-realizavam-compras-em-bombinhas","status":"publish","type":"post","link":"https:\/\/pc.sc.gov.br\/?p=11797","title":{"rendered":"Pol\u00edcias Civil e Militar prendem golpistas que alugavam apartamentos e realizavam compras em Bombinhas"},"content":{"rendered":"\t\t<div data-elementor-type=\"wp-post\" data-elementor-id=\"11797\" class=\"elementor elementor-11797\" data-elementor-post-type=\"post\">\n\t\t\t\t\t\t<section class=\"elementor-section elementor-top-section elementor-element elementor-element-bc7addf elementor-section-boxed elementor-section-height-default elementor-section-height-default\" data-id=\"bc7addf\" data-element_type=\"section\">\n\t\t\t\t\t\t<div class=\"elementor-container elementor-column-gap-default\">\n\t\t\t\t\t<div class=\"elementor-column elementor-col-100 elementor-top-column elementor-element elementor-element-52a0c2a\" data-id=\"52a0c2a\" data-element_type=\"column\">\n\t\t\t<div class=\"elementor-widget-wrap elementor-element-populated\">\n\t\t\t\t\t\t<div class=\"elementor-element elementor-element-6cf008a elementor-widget elementor-widget-heading\" data-id=\"6cf008a\" data-element_type=\"widget\" data-widget_type=\"heading.default\">\n\t\t\t\t<div class=\"elementor-widget-container\">\n\t\t\t\t\t<h2 class=\"elementor-heading-title elementor-size-default\">Pol\u00edcias Civil e Militar prendem golpistas que alugavam apartamentos e realizavam compras em Bombinhas<\/h2>\t\t\t\t<\/div>\n\t\t\t\t<\/div>\n\t\t\t\t\t<\/div>\n\t\t<\/div>\n\t\t\t\t\t<\/div>\n\t\t<\/section>\n\t\t\t\t<section class=\"elementor-section elementor-top-section elementor-element elementor-element-a411c2e elementor-section-boxed elementor-section-height-default elementor-section-height-default\" data-id=\"a411c2e\" data-element_type=\"section\">\n\t\t\t\t\t\t<div class=\"elementor-container elementor-column-gap-default\">\n\t\t\t\t\t<div class=\"elementor-column elementor-col-100 elementor-top-column elementor-element elementor-element-43a67ab\" data-id=\"43a67ab\" data-element_type=\"column\">\n\t\t\t<div class=\"elementor-widget-wrap elementor-element-populated\">\n\t\t\t\t\t\t<div class=\"elementor-element elementor-element-e4faeb4 elementor-widget elementor-widget-image\" data-id=\"e4faeb4\" data-element_type=\"widget\" data-widget_type=\"image.default\">\n\t\t\t\t<div class=\"elementor-widget-container\">\n\t\t\t\t\t\t\t\t\t\t\t\t\t\t\t<img fetchpriority=\"high\" decoding=\"async\" width=\"696\" height=\"583\" src=\"https:\/\/pc.sc.gov.br\/\/wp-content\/uploads\/2023\/07\/pcscsfjsnfjsngjdfgn.jpg\" class=\"attachment-large size-large wp-image-11798\" alt=\"\" srcset=\"https:\/\/pc.sc.gov.br\/\/wp-content\/uploads\/2023\/07\/pcscsfjsnfjsngjdfgn.jpg 940w, https:\/\/pc.sc.gov.br\/\/wp-content\/uploads\/2023\/07\/pcscsfjsnfjsngjdfgn-300x251.jpg 300w, https:\/\/pc.sc.gov.br\/\/wp-content\/uploads\/2023\/07\/pcscsfjsnfjsngjdfgn-768x644.jpg 768w\" sizes=\"(max-width: 696px) 100vw, 696px\" \/>\t\t\t\t\t\t\t\t\t\t\t\t\t\t\t<\/div>\n\t\t\t\t<\/div>\n\t\t\t\t\t<\/div>\n\t\t<\/div>\n\t\t\t\t\t<\/div>\n\t\t<\/section>\n\t\t\t\t<section class=\"elementor-section elementor-top-section elementor-element elementor-element-d5b840f elementor-section-boxed elementor-section-height-default elementor-section-height-default\" data-id=\"d5b840f\" data-element_type=\"section\">\n\t\t\t\t\t\t<div class=\"elementor-container elementor-column-gap-default\">\n\t\t\t\t\t<div class=\"elementor-column elementor-col-100 elementor-top-column elementor-element elementor-element-7cf1ab3\" data-id=\"7cf1ab3\" data-element_type=\"column\">\n\t\t\t<div class=\"elementor-widget-wrap elementor-element-populated\">\n\t\t\t\t\t\t<div class=\"elementor-element elementor-element-d955485 elementor-widget elementor-widget-text-editor\" data-id=\"d955485\" data-element_type=\"widget\" data-widget_type=\"text-editor.default\">\n\t\t\t\t<div class=\"elementor-widget-container\">\n\t\t\t\t\t\t\t\t\t<p>No s\u00e1bado (22), a Pol\u00edcia Civil de Santa Catarina, por meio da Delegacia de Pol\u00edcia da Comarca de Bombinhas, e a Pol\u00edcia Militar prenderam em flagrante dois autores pela pr\u00e1tica de estelionatos em Bombinhas.<span style=\"font-family: var( --e-global-typography-primary-font-family ), Sans-serif; font-size: var( --e-global-typography-primary-font-size ); font-weight: var( --e-global-typography-primary-font-weight ); letter-spacing: var( --e-global-typography-primary-letter-spacing );\">&nbsp;<\/span><\/p><p>Na \u00faltima semana havia sido registrado um boletim de ocorr\u00eancia na Delegacia de uma fraude com utiliza\u00e7\u00e3o de cart\u00e3o de cr\u00e9dito, compra online de cart\u00e3o de cr\u00e9dito clonado em supermercado em Bombinhas no valor aproximado de R$ 5.000,00. O mesmo supermercado recebeu um pedido de delivery de uma compra de aproximadamente R$ 3.000,00, na forma de pagamento online no cart\u00e3o de cr\u00e9dito, para fazer a entrega em um apartamento em um pr\u00e9dio de alto padr\u00e3o na Praia de Bombinhas neste s\u00e1bado.<span style=\"font-family: var( --e-global-typography-primary-font-family ), Sans-serif; font-size: var( --e-global-typography-primary-font-size ); font-weight: var( --e-global-typography-primary-font-weight ); letter-spacing: var( --e-global-typography-primary-letter-spacing );\">&nbsp;<\/span><\/p><p>No local, os entregadores solicitaram a identifica\u00e7\u00e3o do recebedor das mercadorias com documento e a apresenta\u00e7\u00e3o do cart\u00e3o de cr\u00e9dito usada na compra online de forma f\u00edsica, o que n\u00e3o foi feito pelo recebedor. Mesmo a compra j\u00e1 estando paga, diante da poss\u00edvel fraude na utiliza\u00e7\u00e3o do cart\u00e3o de cr\u00e9dito de terceiros, o supermercado ent\u00e3o n\u00e3o fez a entrega e acionou a pol\u00edcia.<\/p><p>A guarni\u00e7\u00e3o da Pol\u00edcia Militar, juntamente com o Delegado Ricardo Melo, foram at\u00e9 o local e encontraram dois suspeitos, que estariam hospedado no local, onde informaram que estavam ali para somente receber as comprar feitas por terceiros que n\u00e3o quiseram informar nomes. Realizou-se ainda contato com a imobili\u00e1ria respons\u00e1vel pela loca\u00e7\u00e3o e, ent\u00e3o, tamb\u00e9m verificaram que estavam sendo v\u00edtimas de fraude, nos mesmos moldes.<span style=\"font-family: var( --e-global-typography-primary-font-family ), Sans-serif; font-size: var( --e-global-typography-primary-font-size ); font-weight: var( --e-global-typography-primary-font-weight ); letter-spacing: var( --e-global-typography-primary-letter-spacing );\">&nbsp;<\/span><\/p><p>Os autores realizaram a reserva para 10 dias, sendo que passados 8 dias de reserva, a transa\u00e7\u00e3o tamb\u00e9m ser\u00e1 contestada pelo titular do cart\u00e3o, ficando assim com o preju\u00edzo da reserva. Tamb\u00e9m identificaram um dos autores em outra reserva que havia sido realizada contesta\u00e7\u00e3o do pagamento do cart\u00e3o, onde somente nesta estadia o preju\u00edzo foi mais de R$ 9.000,00.<\/p><p>Os presos foram ent\u00e3o conduzidos at\u00e9 a Delegacia de Pol\u00edcia Civil de Itapema. A Pol\u00edcia Civil alerta para que os comerciantes em geral adotem cautelas para se certificar sobre a identidade e a apresenta\u00e7\u00e3o f\u00edsica do cart\u00e3o, nestas hip\u00f3teses de compras virtuais para evitarem preju\u00edzos.<\/p>\t\t\t\t\t\t\t\t<\/div>\n\t\t\t\t<\/div>\n\t\t\t\t\t<\/div>\n\t\t<\/div>\n\t\t\t\t\t<\/div>\n\t\t<\/section>\n\t\t\t\t<\/div>\n\t\t","protected":false},"excerpt":{"rendered":"<p>Pol\u00edcias Civil e Militar prendem golpistas que alugavam apartamentos e realizavam compras em Bombinhas No s\u00e1bado (22), a Pol\u00edcia Civil de Santa Catarina, por meio da Delegacia de Pol\u00edcia da Comarca de Bombinhas, e a Pol\u00edcia Militar prenderam em flagrante dois autores pela pr\u00e1tica de estelionatos em Bombinhas.&nbsp; Na \u00faltima semana havia sido registrado um [&hellip;]<\/p>\n","protected":false},"author":5,"featured_media":11798,"comment_status":"closed","ping_status":"open","sticky":false,"template":"","format":"standard","meta":{"_monsterinsights_skip_tracking":false,"_monsterinsights_sitenote_active":false,"_monsterinsights_sitenote_note":"","_monsterinsights_sitenote_category":0,"footnotes":""},"categories":[1],"tags":[],"class_list":["post-11797","post","type-post","status-publish","format-standard","has-post-thumbnail","hentry","category-sem-categoria"],"_links":{"self":[{"href":"https:\/\/pc.sc.gov.br\/index.php?rest_route=\/wp\/v2\/posts\/11797","targetHints":{"allow":["GET"]}}],"collection":[{"href":"https:\/\/pc.sc.gov.br\/index.php?rest_route=\/wp\/v2\/posts"}],"about":[{"href":"https:\/\/pc.sc.gov.br\/index.php?rest_route=\/wp\/v2\/types\/post"}],"author":[{"embeddable":true,"href":"https:\/\/pc.sc.gov.br\/index.php?rest_route=\/wp\/v2\/users\/5"}],"replies":[{"embeddable":true,"href":"https:\/\/pc.sc.gov.br\/index.php?rest_route=%2Fwp%2Fv2%2Fcomments&post=11797"}],"version-history":[{"count":4,"href":"https:\/\/pc.sc.gov.br\/index.php?rest_route=\/wp\/v2\/posts\/11797\/revisions"}],"predecessor-version":[{"id":11802,"href":"https:\/\/pc.sc.gov.br\/index.php?rest_route=\/wp\/v2\/posts\/11797\/revisions\/11802"}],"wp:featuredmedia":[{"embeddable":true,"href":"https:\/\/pc.sc.gov.br\/index.php?rest_route=\/wp\/v2\/media\/11798"}],"wp:attachment":[{"href":"https:\/\/pc.sc.gov.br\/index.php?rest_route=%2Fwp%2Fv2%2Fmedia&parent=11797"}],"wp:term":[{"taxonomy":"category","embeddable":true,"href":"https:\/\/pc.sc.gov.br\/index.php?rest_route=%2Fwp%2Fv2%2Fcategories&post=11797"},{"taxonomy":"post_tag","embeddable":true,"href":"https:\/\/pc.sc.gov.br\/index.php?rest_route=%2Fwp%2Fv2%2Ftags&post=11797"}],"curies":[{"name":"wp","href":"https:\/\/api.w.org\/{rel}","templated":true}]}}