{"id":11803,"date":"2023-07-24T16:16:33","date_gmt":"2023-07-24T19:16:33","guid":{"rendered":"https:\/\/pc.sc.gov.br\/?p=11803"},"modified":"2023-07-24T16:18:14","modified_gmt":"2023-07-24T19:18:14","slug":"policia-civil-identifica-e-promove-indiciamento-de-duas-pessoas-envolvidas-em-cessao-de-contas-bancarias-para-extorsoes-em-sc","status":"publish","type":"post","link":"https:\/\/pc.sc.gov.br\/?p=11803","title":{"rendered":"Pol\u00edcia Civil identifica e promove indiciamento de duas pessoas envolvidas em cess\u00e3o de contas banc\u00e1rias para extors\u00f5es em SC"},"content":{"rendered":"\t\t<div data-elementor-type=\"wp-post\" data-elementor-id=\"11803\" class=\"elementor elementor-11803\" data-elementor-post-type=\"post\">\n\t\t\t\t\t\t<section class=\"elementor-section elementor-top-section elementor-element elementor-element-9cf2877 elementor-section-boxed elementor-section-height-default elementor-section-height-default\" data-id=\"9cf2877\" data-element_type=\"section\">\n\t\t\t\t\t\t<div class=\"elementor-container elementor-column-gap-default\">\n\t\t\t\t\t<div class=\"elementor-column elementor-col-100 elementor-top-column elementor-element elementor-element-128c2bd\" data-id=\"128c2bd\" data-element_type=\"column\">\n\t\t\t<div class=\"elementor-widget-wrap elementor-element-populated\">\n\t\t\t\t\t\t<div class=\"elementor-element elementor-element-f3f40e3 elementor-widget elementor-widget-heading\" data-id=\"f3f40e3\" data-element_type=\"widget\" data-widget_type=\"heading.default\">\n\t\t\t\t<div class=\"elementor-widget-container\">\n\t\t\t\t\t<h2 class=\"elementor-heading-title elementor-size-default\">Pol\u00edcia Civil identifica e promove indiciamento de duas pessoas envolvidas em cess\u00e3o de contas banc\u00e1rias para extors\u00f5es em SC<\/h2>\t\t\t\t<\/div>\n\t\t\t\t<\/div>\n\t\t\t\t\t<\/div>\n\t\t<\/div>\n\t\t\t\t\t<\/div>\n\t\t<\/section>\n\t\t\t\t<section class=\"elementor-section elementor-top-section elementor-element elementor-element-019845d elementor-section-boxed elementor-section-height-default elementor-section-height-default\" data-id=\"019845d\" data-element_type=\"section\">\n\t\t\t\t\t\t<div class=\"elementor-container elementor-column-gap-default\">\n\t\t\t\t\t<div class=\"elementor-column elementor-col-100 elementor-top-column elementor-element elementor-element-412d40b\" data-id=\"412d40b\" data-element_type=\"column\">\n\t\t\t<div class=\"elementor-widget-wrap elementor-element-populated\">\n\t\t\t\t\t\t<div class=\"elementor-element elementor-element-6a81b78 elementor-widget elementor-widget-image\" data-id=\"6a81b78\" data-element_type=\"widget\" data-widget_type=\"image.default\">\n\t\t\t\t<div class=\"elementor-widget-container\">\n\t\t\t\t\t\t\t\t\t\t\t\t\t\t\t<img fetchpriority=\"high\" decoding=\"async\" width=\"696\" height=\"409\" src=\"https:\/\/pc.sc.gov.br\/\/wp-content\/uploads\/2023\/07\/WhatsApp-Image-2023-07-24-at-16.14.07-1-1024x602.jpeg\" class=\"attachment-large size-large wp-image-11804\" alt=\"\" srcset=\"https:\/\/pc.sc.gov.br\/\/wp-content\/uploads\/2023\/07\/WhatsApp-Image-2023-07-24-at-16.14.07-1-1024x602.jpeg 1024w, https:\/\/pc.sc.gov.br\/\/wp-content\/uploads\/2023\/07\/WhatsApp-Image-2023-07-24-at-16.14.07-1-300x177.jpeg 300w, https:\/\/pc.sc.gov.br\/\/wp-content\/uploads\/2023\/07\/WhatsApp-Image-2023-07-24-at-16.14.07-1-768x452.jpeg 768w, https:\/\/pc.sc.gov.br\/\/wp-content\/uploads\/2023\/07\/WhatsApp-Image-2023-07-24-at-16.14.07-1.jpeg 1200w\" sizes=\"(max-width: 696px) 100vw, 696px\" \/>\t\t\t\t\t\t\t\t\t\t\t\t\t\t\t<\/div>\n\t\t\t\t<\/div>\n\t\t\t\t\t<\/div>\n\t\t<\/div>\n\t\t\t\t\t<\/div>\n\t\t<\/section>\n\t\t\t\t<section class=\"elementor-section elementor-top-section elementor-element elementor-element-b1c9ebe elementor-section-boxed elementor-section-height-default elementor-section-height-default\" data-id=\"b1c9ebe\" data-element_type=\"section\">\n\t\t\t\t\t\t<div class=\"elementor-container elementor-column-gap-default\">\n\t\t\t\t\t<div class=\"elementor-column elementor-col-100 elementor-top-column elementor-element elementor-element-3c317dc\" data-id=\"3c317dc\" data-element_type=\"column\">\n\t\t\t<div class=\"elementor-widget-wrap elementor-element-populated\">\n\t\t\t\t\t\t<div class=\"elementor-element elementor-element-980d2c8 elementor-widget elementor-widget-text-editor\" data-id=\"980d2c8\" data-element_type=\"widget\" data-widget_type=\"text-editor.default\">\n\t\t\t\t<div class=\"elementor-widget-container\">\n\t\t\t\t\t\t\t\t\t<p>A Pol\u00edcia Civil de Santa Catarina, por meio da Divis\u00e3o de Repress\u00e3o a Roubos, encerrou duas investiga\u00e7\u00f5es por crimes de extors\u00f5es qualificadas pelo concurso de pessoas em Crici\u00fama. Duas pessoas foram identificadas e indiciadas pelo delito, com penas de at\u00e9 15 anos de reclus\u00e3o.<\/p><p>Um dos fatos envolveu abordagem da v\u00edtima no bairro Michel, sendo coagida por uma dupla, com uma faca, a realizar pagamentos de grandes valores via m\u00e1quina de cart\u00e3o. Em outro crime, os autores realizaram contato por meio cibern\u00e9tico e constrangeram a v\u00edtima a realizar diversas transfer\u00eancias via PIX para conta banc\u00e1ria do grupo criminoso.<span style=\"font-family: var( --e-global-typography-primary-font-family ), Sans-serif; font-size: var( --e-global-typography-primary-font-size ); font-weight: var( --e-global-typography-primary-font-weight ); letter-spacing: var( --e-global-typography-primary-letter-spacing );\">&nbsp;<\/span><\/p><p>A investiga\u00e7\u00e3o da Pol\u00edcia Civil identificou uma pessoa residente no Paran\u00e1 e outra residente em Pernambuco com envolvimento na trama criminosa. O inqu\u00e9rito policial foi finalizado e remetido para an\u00e1lise do Minist\u00e9rio P\u00fablico.<\/p>\t\t\t\t\t\t\t\t<\/div>\n\t\t\t\t<\/div>\n\t\t\t\t\t<\/div>\n\t\t<\/div>\n\t\t\t\t\t<\/div>\n\t\t<\/section>\n\t\t\t\t<\/div>\n\t\t","protected":false},"excerpt":{"rendered":"<p>Pol\u00edcia Civil identifica e promove indiciamento de duas pessoas envolvidas em cess\u00e3o de contas banc\u00e1rias para extors\u00f5es em SC A Pol\u00edcia Civil de Santa Catarina, por meio da Divis\u00e3o de Repress\u00e3o a Roubos, encerrou duas investiga\u00e7\u00f5es por crimes de extors\u00f5es qualificadas pelo concurso de pessoas em Crici\u00fama. Duas pessoas foram identificadas e indiciadas pelo delito, [&hellip;]<\/p>\n","protected":false},"author":5,"featured_media":11804,"comment_status":"closed","ping_status":"open","sticky":false,"template":"","format":"standard","meta":{"_monsterinsights_skip_tracking":false,"_monsterinsights_sitenote_active":false,"_monsterinsights_sitenote_note":"","_monsterinsights_sitenote_category":0,"footnotes":""},"categories":[1],"tags":[],"class_list":["post-11803","post","type-post","status-publish","format-standard","has-post-thumbnail","hentry","category-sem-categoria"],"_links":{"self":[{"href":"https:\/\/pc.sc.gov.br\/index.php?rest_route=\/wp\/v2\/posts\/11803","targetHints":{"allow":["GET"]}}],"collection":[{"href":"https:\/\/pc.sc.gov.br\/index.php?rest_route=\/wp\/v2\/posts"}],"about":[{"href":"https:\/\/pc.sc.gov.br\/index.php?rest_route=\/wp\/v2\/types\/post"}],"author":[{"embeddable":true,"href":"https:\/\/pc.sc.gov.br\/index.php?rest_route=\/wp\/v2\/users\/5"}],"replies":[{"embeddable":true,"href":"https:\/\/pc.sc.gov.br\/index.php?rest_route=%2Fwp%2Fv2%2Fcomments&post=11803"}],"version-history":[{"count":4,"href":"https:\/\/pc.sc.gov.br\/index.php?rest_route=\/wp\/v2\/posts\/11803\/revisions"}],"predecessor-version":[{"id":11808,"href":"https:\/\/pc.sc.gov.br\/index.php?rest_route=\/wp\/v2\/posts\/11803\/revisions\/11808"}],"wp:featuredmedia":[{"embeddable":true,"href":"https:\/\/pc.sc.gov.br\/index.php?rest_route=\/wp\/v2\/media\/11804"}],"wp:attachment":[{"href":"https:\/\/pc.sc.gov.br\/index.php?rest_route=%2Fwp%2Fv2%2Fmedia&parent=11803"}],"wp:term":[{"taxonomy":"category","embeddable":true,"href":"https:\/\/pc.sc.gov.br\/index.php?rest_route=%2Fwp%2Fv2%2Fcategories&post=11803"},{"taxonomy":"post_tag","embeddable":true,"href":"https:\/\/pc.sc.gov.br\/index.php?rest_route=%2Fwp%2Fv2%2Ftags&post=11803"}],"curies":[{"name":"wp","href":"https:\/\/api.w.org\/{rel}","templated":true}]}}