{"id":11809,"date":"2023-07-24T16:24:25","date_gmt":"2023-07-24T19:24:25","guid":{"rendered":"https:\/\/pc.sc.gov.br\/?p=11809"},"modified":"2023-07-24T16:31:29","modified_gmt":"2023-07-24T19:31:29","slug":"operacao-conjunta-entre-pcsc-e-prf-resulta-na-recuperacao-de-carreta-roubada-em-2019-e-avaliada-em-r-250-mil","status":"publish","type":"post","link":"https:\/\/pc.sc.gov.br\/?p=11809","title":{"rendered":"Opera\u00e7\u00e3o conjunta entre PCSC e PRF resulta na recupera\u00e7\u00e3o de carreta roubada em 2019 e avaliada em R$ 250 mil"},"content":{"rendered":"\t\t<div data-elementor-type=\"wp-post\" data-elementor-id=\"11809\" class=\"elementor elementor-11809\" data-elementor-post-type=\"post\">\n\t\t\t\t\t\t<section class=\"elementor-section elementor-top-section elementor-element elementor-element-a74895d elementor-section-boxed elementor-section-height-default elementor-section-height-default\" data-id=\"a74895d\" data-element_type=\"section\">\n\t\t\t\t\t\t<div class=\"elementor-container elementor-column-gap-default\">\n\t\t\t\t\t<div class=\"elementor-column elementor-col-100 elementor-top-column elementor-element elementor-element-fb80d0e\" data-id=\"fb80d0e\" data-element_type=\"column\">\n\t\t\t<div class=\"elementor-widget-wrap elementor-element-populated\">\n\t\t\t\t\t\t<div class=\"elementor-element elementor-element-2fdd20b elementor-widget elementor-widget-heading\" data-id=\"2fdd20b\" data-element_type=\"widget\" data-widget_type=\"heading.default\">\n\t\t\t\t<div class=\"elementor-widget-container\">\n\t\t\t\t\t<h2 class=\"elementor-heading-title elementor-size-default\">Opera\u00e7\u00e3o conjunta entre PCSC e PRF resulta na recupera\u00e7\u00e3o de carreta c\u00e2mara fria roubada em 2019 e avaliada em R$ 250 mil<\/h2>\t\t\t\t<\/div>\n\t\t\t\t<\/div>\n\t\t\t\t\t<\/div>\n\t\t<\/div>\n\t\t\t\t\t<\/div>\n\t\t<\/section>\n\t\t\t\t<section class=\"elementor-section elementor-top-section elementor-element elementor-element-5ea9186 elementor-section-boxed elementor-section-height-default elementor-section-height-default\" data-id=\"5ea9186\" data-element_type=\"section\">\n\t\t\t\t\t\t<div class=\"elementor-container elementor-column-gap-default\">\n\t\t\t\t\t<div class=\"elementor-column elementor-col-100 elementor-top-column elementor-element elementor-element-bb251f4\" data-id=\"bb251f4\" data-element_type=\"column\">\n\t\t\t<div class=\"elementor-widget-wrap elementor-element-populated\">\n\t\t\t\t\t\t<div class=\"elementor-element elementor-element-aac956c elementor-widget elementor-widget-image\" data-id=\"aac956c\" data-element_type=\"widget\" data-widget_type=\"image.default\">\n\t\t\t\t<div class=\"elementor-widget-container\">\n\t\t\t\t\t\t\t\t\t\t\t\t\t\t\t<img fetchpriority=\"high\" decoding=\"async\" width=\"597\" height=\"600\" src=\"https:\/\/pc.sc.gov.br\/\/wp-content\/uploads\/2023\/07\/WhatsApp-Image-2023-07-24-at-15.51.33.jpeg\" class=\"attachment-large size-large wp-image-11810\" alt=\"\" srcset=\"https:\/\/pc.sc.gov.br\/\/wp-content\/uploads\/2023\/07\/WhatsApp-Image-2023-07-24-at-15.51.33.jpeg 597w, https:\/\/pc.sc.gov.br\/\/wp-content\/uploads\/2023\/07\/WhatsApp-Image-2023-07-24-at-15.51.33-150x150.jpeg 150w\" sizes=\"(max-width: 597px) 100vw, 597px\" \/>\t\t\t\t\t\t\t\t\t\t\t\t\t\t\t<\/div>\n\t\t\t\t<\/div>\n\t\t\t\t\t<\/div>\n\t\t<\/div>\n\t\t\t\t\t<\/div>\n\t\t<\/section>\n\t\t\t\t<section class=\"elementor-section elementor-top-section elementor-element elementor-element-a79b6fe elementor-section-boxed elementor-section-height-default elementor-section-height-default\" data-id=\"a79b6fe\" data-element_type=\"section\">\n\t\t\t\t\t\t<div class=\"elementor-container elementor-column-gap-default\">\n\t\t\t\t\t<div class=\"elementor-column elementor-col-100 elementor-top-column elementor-element elementor-element-2925708\" data-id=\"2925708\" data-element_type=\"column\">\n\t\t\t<div class=\"elementor-widget-wrap elementor-element-populated\">\n\t\t\t\t\t\t<div class=\"elementor-element elementor-element-ec1e680 elementor-widget elementor-widget-text-editor\" data-id=\"ec1e680\" data-element_type=\"widget\" data-widget_type=\"text-editor.default\">\n\t\t\t\t<div class=\"elementor-widget-container\">\n\t\t\t\t\t\t\t\t\t<p>Uma opera\u00e7\u00e3o conjunta realizada no \u00faltimo s\u00e1bado (22) entre a Pol\u00edcia Civil de Faxinal dos Guedes e a Pol\u00edcia Rodovi\u00e1ria Federal (PRF) resultou na apreens\u00e3o de uma carreta c\u00e2mara fria, com um valor estimado de R$ 250 mil. O ve\u00edculo havia sido tomado de assalto no estado de Minas Gerais no ano de 2019 e foi localizado no munic\u00edpio de Parana\u00edba, no Mato Grosso do Sul.<\/p><p>A recupera\u00e7\u00e3o da carreta s\u00f3 foi poss\u00edvel devido ao trabalho dos policiais civis de Faxinal dos Guedes, que receberam informa\u00e7\u00f5es cruciais de um cidad\u00e3o morador da cidade. O motorista da carreta, v\u00edtima do assalto em 2019, foi quem forneceu pistas sobre a localiza\u00e7\u00e3o do ve\u00edculo ao descobrir uma placa falsa que havia sido colocada no equipamento.<\/p><p>Com as informa\u00e7\u00f5es em m\u00e3os, a equipe da Pol\u00edcia Civil acionou a intelig\u00eancia da Pol\u00edcia Rodovi\u00e1ria Federal, possibilitando uma a\u00e7\u00e3o precisa para a apreens\u00e3o da carreta. O sucesso da opera\u00e7\u00e3o demonstra a import\u00e2ncia da integra\u00e7\u00e3o entre diferentes for\u00e7as de seguran\u00e7a no combate ao crime e na recupera\u00e7\u00e3o de bens roubados.<\/p><p>A carreta c\u00e2mara fria, ap\u00f3s a apreens\u00e3o, ser\u00e1 devidamente restitu\u00edda ao seu leg\u00edtimo propriet\u00e1rio, encerrando um longo per\u00edodo de busca e afli\u00e7\u00e3o.<\/p><div>\u00a0<\/div>\t\t\t\t\t\t\t\t<\/div>\n\t\t\t\t<\/div>\n\t\t\t\t\t<\/div>\n\t\t<\/div>\n\t\t\t\t\t<\/div>\n\t\t<\/section>\n\t\t\t\t<\/div>\n\t\t","protected":false},"excerpt":{"rendered":"<p>Opera\u00e7\u00e3o conjunta entre PCSC e PRF resulta na recupera\u00e7\u00e3o de carreta c\u00e2mara fria roubada em 2019 e avaliada em R$ 250 mil Uma opera\u00e7\u00e3o conjunta realizada no \u00faltimo s\u00e1bado (22) entre a Pol\u00edcia Civil de Faxinal dos Guedes e a Pol\u00edcia Rodovi\u00e1ria Federal (PRF) resultou na apreens\u00e3o de uma carreta c\u00e2mara fria, com um valor [&hellip;]<\/p>\n","protected":false},"author":5,"featured_media":11810,"comment_status":"closed","ping_status":"open","sticky":false,"template":"","format":"standard","meta":{"_monsterinsights_skip_tracking":false,"_monsterinsights_sitenote_active":false,"_monsterinsights_sitenote_note":"","_monsterinsights_sitenote_category":0,"footnotes":""},"categories":[1],"tags":[],"class_list":["post-11809","post","type-post","status-publish","format-standard","has-post-thumbnail","hentry","category-sem-categoria"],"_links":{"self":[{"href":"https:\/\/pc.sc.gov.br\/index.php?rest_route=\/wp\/v2\/posts\/11809","targetHints":{"allow":["GET"]}}],"collection":[{"href":"https:\/\/pc.sc.gov.br\/index.php?rest_route=\/wp\/v2\/posts"}],"about":[{"href":"https:\/\/pc.sc.gov.br\/index.php?rest_route=\/wp\/v2\/types\/post"}],"author":[{"embeddable":true,"href":"https:\/\/pc.sc.gov.br\/index.php?rest_route=\/wp\/v2\/users\/5"}],"replies":[{"embeddable":true,"href":"https:\/\/pc.sc.gov.br\/index.php?rest_route=%2Fwp%2Fv2%2Fcomments&post=11809"}],"version-history":[{"count":4,"href":"https:\/\/pc.sc.gov.br\/index.php?rest_route=\/wp\/v2\/posts\/11809\/revisions"}],"predecessor-version":[{"id":11814,"href":"https:\/\/pc.sc.gov.br\/index.php?rest_route=\/wp\/v2\/posts\/11809\/revisions\/11814"}],"wp:featuredmedia":[{"embeddable":true,"href":"https:\/\/pc.sc.gov.br\/index.php?rest_route=\/wp\/v2\/media\/11810"}],"wp:attachment":[{"href":"https:\/\/pc.sc.gov.br\/index.php?rest_route=%2Fwp%2Fv2%2Fmedia&parent=11809"}],"wp:term":[{"taxonomy":"category","embeddable":true,"href":"https:\/\/pc.sc.gov.br\/index.php?rest_route=%2Fwp%2Fv2%2Fcategories&post=11809"},{"taxonomy":"post_tag","embeddable":true,"href":"https:\/\/pc.sc.gov.br\/index.php?rest_route=%2Fwp%2Fv2%2Ftags&post=11809"}],"curies":[{"name":"wp","href":"https:\/\/api.w.org\/{rel}","templated":true}]}}