{"id":11833,"date":"2023-07-25T14:20:35","date_gmt":"2023-07-25T17:20:35","guid":{"rendered":"https:\/\/pc.sc.gov.br\/?p=11833"},"modified":"2023-07-25T14:21:45","modified_gmt":"2023-07-25T17:21:45","slug":"policia-civil-compre-mandados-contra-dois-homens-em-monte-castelo","status":"publish","type":"post","link":"https:\/\/pc.sc.gov.br\/?p=11833","title":{"rendered":"Pol\u00edcia Civil compre mandados contra dois homens em Monte Castelo"},"content":{"rendered":"\t\t<div data-elementor-type=\"wp-post\" data-elementor-id=\"11833\" class=\"elementor elementor-11833\" data-elementor-post-type=\"post\">\n\t\t\t\t\t\t<section class=\"elementor-section elementor-top-section elementor-element elementor-element-319701b elementor-section-boxed elementor-section-height-default elementor-section-height-default\" data-id=\"319701b\" data-element_type=\"section\">\n\t\t\t\t\t\t<div class=\"elementor-container elementor-column-gap-default\">\n\t\t\t\t\t<div class=\"elementor-column elementor-col-100 elementor-top-column elementor-element elementor-element-34f8fae\" data-id=\"34f8fae\" data-element_type=\"column\">\n\t\t\t<div class=\"elementor-widget-wrap elementor-element-populated\">\n\t\t\t\t\t\t<div class=\"elementor-element elementor-element-67db97d elementor-widget elementor-widget-heading\" data-id=\"67db97d\" data-element_type=\"widget\" data-widget_type=\"heading.default\">\n\t\t\t\t<div class=\"elementor-widget-container\">\n\t\t\t\t\t<h2 class=\"elementor-heading-title elementor-size-default\">Pol\u00edcia Civil compre mandados contra dois homens em Monte Castelo<\/h2>\t\t\t\t<\/div>\n\t\t\t\t<\/div>\n\t\t\t\t\t<\/div>\n\t\t<\/div>\n\t\t\t\t\t<\/div>\n\t\t<\/section>\n\t\t\t\t<section class=\"elementor-section elementor-top-section elementor-element elementor-element-76b9589 elementor-section-boxed elementor-section-height-default elementor-section-height-default\" data-id=\"76b9589\" data-element_type=\"section\">\n\t\t\t\t\t\t<div class=\"elementor-container elementor-column-gap-default\">\n\t\t\t\t\t<div class=\"elementor-column elementor-col-100 elementor-top-column elementor-element elementor-element-d8eb51e\" data-id=\"d8eb51e\" data-element_type=\"column\">\n\t\t\t<div class=\"elementor-widget-wrap elementor-element-populated\">\n\t\t\t\t\t\t<div class=\"elementor-element elementor-element-5905a0d elementor-widget elementor-widget-image\" data-id=\"5905a0d\" data-element_type=\"widget\" data-widget_type=\"image.default\">\n\t\t\t\t<div class=\"elementor-widget-container\">\n\t\t\t\t\t\t\t\t\t\t\t\t\t\t\t<img fetchpriority=\"high\" decoding=\"async\" width=\"696\" height=\"583\" src=\"https:\/\/pc.sc.gov.br\/\/wp-content\/uploads\/2023\/07\/pcscsfjsnfjsngjdfgn.jpg\" class=\"attachment-large size-large wp-image-11798\" alt=\"\" srcset=\"https:\/\/pc.sc.gov.br\/\/wp-content\/uploads\/2023\/07\/pcscsfjsnfjsngjdfgn.jpg 940w, https:\/\/pc.sc.gov.br\/\/wp-content\/uploads\/2023\/07\/pcscsfjsnfjsngjdfgn-300x251.jpg 300w, https:\/\/pc.sc.gov.br\/\/wp-content\/uploads\/2023\/07\/pcscsfjsnfjsngjdfgn-768x644.jpg 768w\" sizes=\"(max-width: 696px) 100vw, 696px\" \/>\t\t\t\t\t\t\t\t\t\t\t\t\t\t\t<\/div>\n\t\t\t\t<\/div>\n\t\t\t\t\t<\/div>\n\t\t<\/div>\n\t\t\t\t\t<\/div>\n\t\t<\/section>\n\t\t\t\t<section class=\"elementor-section elementor-top-section elementor-element elementor-element-07a3433 elementor-section-boxed elementor-section-height-default elementor-section-height-default\" data-id=\"07a3433\" data-element_type=\"section\">\n\t\t\t\t\t\t<div class=\"elementor-container elementor-column-gap-default\">\n\t\t\t\t\t<div class=\"elementor-column elementor-col-100 elementor-top-column elementor-element elementor-element-7b8c51b\" data-id=\"7b8c51b\" data-element_type=\"column\">\n\t\t\t<div class=\"elementor-widget-wrap elementor-element-populated\">\n\t\t\t\t\t\t<div class=\"elementor-element elementor-element-7bd33a7 elementor-widget elementor-widget-text-editor\" data-id=\"7bd33a7\" data-element_type=\"widget\" data-widget_type=\"text-editor.default\">\n\t\t\t\t<div class=\"elementor-widget-container\">\n\t\t\t\t\t\t\t\t\t<p>A Pol\u00edcia Civil de Santa Catarina, por meio da Delegacia de Policia do Munic\u00edpio de Monte Castelo, deu cumprimento a um mandado de interna\u00e7\u00e3o provis\u00f3ria expedido contra um homem e a um mandado de pris\u00e3o tempor\u00e1ria contra outro homem.<\/p><p>Durante as investiga\u00e7\u00f5es, foi constatado ind\u00edcios de autoria de que um dos homens, no ano de 2020, teria tentado assassinar seu pai, incendiando a resid\u00eancia do mesmo em seguida. Constatou-se que o investigado sofre de problemas psiqui\u00e1tricos, sendo representado pela sua interna\u00e7\u00e3o em Hospital de Custodia.<span style=\"font-family: var( --e-global-typography-primary-font-family ), Sans-serif; font-size: var( --e-global-typography-primary-font-size ); font-weight: var( --e-global-typography-primary-font-weight ); letter-spacing: var( --e-global-typography-primary-letter-spacing );\">&nbsp;<\/span><\/p><p>O segundo homem foi preso temporariamente em raz\u00e3o de que as investiga\u00e7\u00f5es apontaram que o suspeito teria abusado sexualmente de um adolescente de 14 anos e amea\u00e7ado o menor e sua fam\u00edlia caso os fatos chegasse ao conhecimento das autoridades.<\/p><p>Para a seguran\u00e7a do menor e de seus familiares, a Pol\u00edcia Civil representou pela pris\u00e3o tempor\u00e1ria do investigado at\u00e9 o fim das investiga\u00e7\u00f5es.<br>A opera\u00e7\u00e3o com apoio de policiais da Delegacia de Pol\u00edcia da Comarca de Mafra e da Policia Militar.<\/p>\t\t\t\t\t\t\t\t<\/div>\n\t\t\t\t<\/div>\n\t\t\t\t\t<\/div>\n\t\t<\/div>\n\t\t\t\t\t<\/div>\n\t\t<\/section>\n\t\t\t\t<\/div>\n\t\t","protected":false},"excerpt":{"rendered":"<p>Pol\u00edcia Civil compre mandados contra dois homens em Monte Castelo A Pol\u00edcia Civil de Santa Catarina, por meio da Delegacia de Policia do Munic\u00edpio de Monte Castelo, deu cumprimento a um mandado de interna\u00e7\u00e3o provis\u00f3ria expedido contra um homem e a um mandado de pris\u00e3o tempor\u00e1ria contra outro homem. Durante as investiga\u00e7\u00f5es, foi constatado ind\u00edcios [&hellip;]<\/p>\n","protected":false},"author":5,"featured_media":11834,"comment_status":"closed","ping_status":"open","sticky":false,"template":"","format":"standard","meta":{"_monsterinsights_skip_tracking":false,"_monsterinsights_sitenote_active":false,"_monsterinsights_sitenote_note":"","_monsterinsights_sitenote_category":0,"footnotes":""},"categories":[1],"tags":[],"class_list":["post-11833","post","type-post","status-publish","format-standard","has-post-thumbnail","hentry","category-sem-categoria"],"_links":{"self":[{"href":"https:\/\/pc.sc.gov.br\/index.php?rest_route=\/wp\/v2\/posts\/11833","targetHints":{"allow":["GET"]}}],"collection":[{"href":"https:\/\/pc.sc.gov.br\/index.php?rest_route=\/wp\/v2\/posts"}],"about":[{"href":"https:\/\/pc.sc.gov.br\/index.php?rest_route=\/wp\/v2\/types\/post"}],"author":[{"embeddable":true,"href":"https:\/\/pc.sc.gov.br\/index.php?rest_route=\/wp\/v2\/users\/5"}],"replies":[{"embeddable":true,"href":"https:\/\/pc.sc.gov.br\/index.php?rest_route=%2Fwp%2Fv2%2Fcomments&post=11833"}],"version-history":[{"count":4,"href":"https:\/\/pc.sc.gov.br\/index.php?rest_route=\/wp\/v2\/posts\/11833\/revisions"}],"predecessor-version":[{"id":11838,"href":"https:\/\/pc.sc.gov.br\/index.php?rest_route=\/wp\/v2\/posts\/11833\/revisions\/11838"}],"wp:featuredmedia":[{"embeddable":true,"href":"https:\/\/pc.sc.gov.br\/index.php?rest_route=\/wp\/v2\/media\/11834"}],"wp:attachment":[{"href":"https:\/\/pc.sc.gov.br\/index.php?rest_route=%2Fwp%2Fv2%2Fmedia&parent=11833"}],"wp:term":[{"taxonomy":"category","embeddable":true,"href":"https:\/\/pc.sc.gov.br\/index.php?rest_route=%2Fwp%2Fv2%2Fcategories&post=11833"},{"taxonomy":"post_tag","embeddable":true,"href":"https:\/\/pc.sc.gov.br\/index.php?rest_route=%2Fwp%2Fv2%2Ftags&post=11833"}],"curies":[{"name":"wp","href":"https:\/\/api.w.org\/{rel}","templated":true}]}}