{"id":11866,"date":"2023-07-25T19:17:15","date_gmt":"2023-07-25T22:17:15","guid":{"rendered":"https:\/\/pc.sc.gov.br\/?p=11866"},"modified":"2023-07-25T19:18:34","modified_gmt":"2023-07-25T22:18:34","slug":"policia-civil-prende-homem-condenado-a-mais-de-50-anos-de-prisao-e-outro-por-porte-ilegal-de-arma-de-fogo-em-lages","status":"publish","type":"post","link":"https:\/\/pc.sc.gov.br\/?p=11866","title":{"rendered":"Pol\u00edcia Civil prende homem condenado a mais de 50 anos de pris\u00e3o e outro por porte ilegal de arma de fogo em Lages"},"content":{"rendered":"\t\t<div data-elementor-type=\"wp-post\" data-elementor-id=\"11866\" class=\"elementor elementor-11866\" data-elementor-post-type=\"post\">\n\t\t\t\t\t\t<section class=\"elementor-section elementor-top-section elementor-element elementor-element-6a5e8f0 elementor-section-boxed elementor-section-height-default elementor-section-height-default\" data-id=\"6a5e8f0\" data-element_type=\"section\">\n\t\t\t\t\t\t<div class=\"elementor-container elementor-column-gap-default\">\n\t\t\t\t\t<div class=\"elementor-column elementor-col-100 elementor-top-column elementor-element elementor-element-f23e327\" data-id=\"f23e327\" data-element_type=\"column\">\n\t\t\t<div class=\"elementor-widget-wrap elementor-element-populated\">\n\t\t\t\t\t\t<div class=\"elementor-element elementor-element-5adf810 elementor-widget elementor-widget-heading\" data-id=\"5adf810\" data-element_type=\"widget\" data-widget_type=\"heading.default\">\n\t\t\t\t<div class=\"elementor-widget-container\">\n\t\t\t\t\t<h2 class=\"elementor-heading-title elementor-size-default\">Pol\u00edcia Civil prende homem condenado a mais de 50 anos de pris\u00e3o e outro por porte ilegal de arma de fogo em Lages<\/h2>\t\t\t\t<\/div>\n\t\t\t\t<\/div>\n\t\t\t\t\t<\/div>\n\t\t<\/div>\n\t\t\t\t\t<\/div>\n\t\t<\/section>\n\t\t\t\t<section class=\"elementor-section elementor-top-section elementor-element elementor-element-9066b3e elementor-section-boxed elementor-section-height-default elementor-section-height-default\" data-id=\"9066b3e\" data-element_type=\"section\">\n\t\t\t\t\t\t<div class=\"elementor-container elementor-column-gap-default\">\n\t\t\t\t\t<div class=\"elementor-column elementor-col-100 elementor-top-column elementor-element elementor-element-2136a73\" data-id=\"2136a73\" data-element_type=\"column\">\n\t\t\t<div class=\"elementor-widget-wrap elementor-element-populated\">\n\t\t\t\t\t\t<div class=\"elementor-element elementor-element-c0dec68 elementor-widget elementor-widget-image\" data-id=\"c0dec68\" data-element_type=\"widget\" data-widget_type=\"image.default\">\n\t\t\t\t<div class=\"elementor-widget-container\">\n\t\t\t\t\t\t\t\t\t\t\t\t\t\t\t<img fetchpriority=\"high\" decoding=\"async\" width=\"696\" height=\"522\" src=\"https:\/\/pc.sc.gov.br\/\/wp-content\/uploads\/2023\/07\/WhatsApp-Image-2023-07-25-at-18.37.32-1-1024x768.jpeg\" class=\"attachment-large size-large wp-image-11867\" alt=\"\" srcset=\"https:\/\/pc.sc.gov.br\/\/wp-content\/uploads\/2023\/07\/WhatsApp-Image-2023-07-25-at-18.37.32-1-1024x768.jpeg 1024w, https:\/\/pc.sc.gov.br\/\/wp-content\/uploads\/2023\/07\/WhatsApp-Image-2023-07-25-at-18.37.32-1-300x225.jpeg 300w, https:\/\/pc.sc.gov.br\/\/wp-content\/uploads\/2023\/07\/WhatsApp-Image-2023-07-25-at-18.37.32-1-768x576.jpeg 768w, https:\/\/pc.sc.gov.br\/\/wp-content\/uploads\/2023\/07\/WhatsApp-Image-2023-07-25-at-18.37.32-1-1536x1152.jpeg 1536w, https:\/\/pc.sc.gov.br\/\/wp-content\/uploads\/2023\/07\/WhatsApp-Image-2023-07-25-at-18.37.32-1.jpeg 1600w\" sizes=\"(max-width: 696px) 100vw, 696px\" \/>\t\t\t\t\t\t\t\t\t\t\t\t\t\t\t<\/div>\n\t\t\t\t<\/div>\n\t\t\t\t\t<\/div>\n\t\t<\/div>\n\t\t\t\t\t<\/div>\n\t\t<\/section>\n\t\t\t\t<section class=\"elementor-section elementor-top-section elementor-element elementor-element-032f4ee elementor-section-boxed elementor-section-height-default elementor-section-height-default\" data-id=\"032f4ee\" data-element_type=\"section\">\n\t\t\t\t\t\t<div class=\"elementor-container elementor-column-gap-default\">\n\t\t\t\t\t<div class=\"elementor-column elementor-col-100 elementor-top-column elementor-element elementor-element-7e75ae2\" data-id=\"7e75ae2\" data-element_type=\"column\">\n\t\t\t<div class=\"elementor-widget-wrap elementor-element-populated\">\n\t\t\t\t\t\t<div class=\"elementor-element elementor-element-c41ce13 elementor-widget elementor-widget-text-editor\" data-id=\"c41ce13\" data-element_type=\"widget\" data-widget_type=\"text-editor.default\">\n\t\t\t\t<div class=\"elementor-widget-container\">\n\t\t\t\t\t\t\t\t\t<p>Nesta ter\u00e7a-feira (25), a Pol\u00edcia Civil de Santa Catarina, por meio da Delegacia de Pol\u00edcia de Comarca de Santo Amaro da Imperatriz, com apoio da Divis\u00e3o de Investiga\u00e7\u00e3o Criminal de Lages, efetuou a pris\u00e3o de dois homens, sendo um deles condenado a mais de 50 anos de pris\u00e3o em Lages.<br>O caso teve in\u00edcio a partir de uma investiga\u00e7\u00e3o conduzida pelos policiais de Santo Amaro da Imperatriz que apuraram o crime de tentativa de roubo ocorrido em Santo Amaro da Imperatriz. Foi expedido mandado de busca e apreens\u00e3o para ser cumprido em Lages, j\u00e1 que um dos investigados residia na cidade.<br><br>Policiais da DIC de Lages prestaram apoio para o cumprimento da ordem judicial e, durante as dilig\u00eancias, localizaram na posse do investigado e outros homens que estavam com ele, dentre eles, um menor, uma pistola de fabrica\u00e7\u00e3o turca calibre 9x19mm, com numera\u00e7\u00e3o raspada, muni\u00e7\u00f5es de arma de fogo de diversos calibres e drogas.<br><br>No decorrer dos trabalhos, os policias identificaram que um dos abordados forneceu dados falsos sobre sua identidade e, ap\u00f3s contato com policiais do Paran\u00e1, descobriram que o homem havia sido condenado a mais de 50 anos de pris\u00e3o por crimes de roubo pelo Poder Judici\u00e1rio da Comarca de Joinville.<br><br>O menor e os dois homens foram conduzidos para a DIC de Lages, onde foram autuados pelos crimes de posse de arma de fogo de uso restrito com numera\u00e7\u00e3o raspada, posse ilegal de muni\u00e7\u00e3o de uso permitido, favorecimento pessoal, falsa identidade e posse de drogas para consumo. Uma mulher tamb\u00e9m foi conduzida e autuada por posse de drogas para consumo, sendo liberada em seguida.<br><br>Formalizados os procedimentos legais, os presos foram encaminhados para o Pres\u00eddio de Lages, onde ficar\u00e3o \u00e0 disposi\u00e7\u00e3o da Justi\u00e7a. O menor foi liberado com seu respons\u00e1vel legal, nos termos do Estatuto da Crian\u00e7a e do Adolescente.<\/p>\t\t\t\t\t\t\t\t<\/div>\n\t\t\t\t<\/div>\n\t\t\t\t\t<\/div>\n\t\t<\/div>\n\t\t\t\t\t<\/div>\n\t\t<\/section>\n\t\t\t\t<\/div>\n\t\t","protected":false},"excerpt":{"rendered":"<p>Pol\u00edcia Civil prende homem condenado a mais de 50 anos de pris\u00e3o e outro por porte ilegal de arma de fogo em Lages Nesta ter\u00e7a-feira (25), a Pol\u00edcia Civil de Santa Catarina, por meio da Delegacia de Pol\u00edcia de Comarca de Santo Amaro da Imperatriz, com apoio da Divis\u00e3o de Investiga\u00e7\u00e3o Criminal de Lages, efetuou [&hellip;]<\/p>\n","protected":false},"author":5,"featured_media":11867,"comment_status":"closed","ping_status":"open","sticky":false,"template":"","format":"standard","meta":{"_monsterinsights_skip_tracking":false,"_monsterinsights_sitenote_active":false,"_monsterinsights_sitenote_note":"","_monsterinsights_sitenote_category":0,"footnotes":""},"categories":[1],"tags":[],"class_list":["post-11866","post","type-post","status-publish","format-standard","has-post-thumbnail","hentry","category-sem-categoria"],"_links":{"self":[{"href":"https:\/\/pc.sc.gov.br\/index.php?rest_route=\/wp\/v2\/posts\/11866","targetHints":{"allow":["GET"]}}],"collection":[{"href":"https:\/\/pc.sc.gov.br\/index.php?rest_route=\/wp\/v2\/posts"}],"about":[{"href":"https:\/\/pc.sc.gov.br\/index.php?rest_route=\/wp\/v2\/types\/post"}],"author":[{"embeddable":true,"href":"https:\/\/pc.sc.gov.br\/index.php?rest_route=\/wp\/v2\/users\/5"}],"replies":[{"embeddable":true,"href":"https:\/\/pc.sc.gov.br\/index.php?rest_route=%2Fwp%2Fv2%2Fcomments&post=11866"}],"version-history":[{"count":4,"href":"https:\/\/pc.sc.gov.br\/index.php?rest_route=\/wp\/v2\/posts\/11866\/revisions"}],"predecessor-version":[{"id":11871,"href":"https:\/\/pc.sc.gov.br\/index.php?rest_route=\/wp\/v2\/posts\/11866\/revisions\/11871"}],"wp:featuredmedia":[{"embeddable":true,"href":"https:\/\/pc.sc.gov.br\/index.php?rest_route=\/wp\/v2\/media\/11867"}],"wp:attachment":[{"href":"https:\/\/pc.sc.gov.br\/index.php?rest_route=%2Fwp%2Fv2%2Fmedia&parent=11866"}],"wp:term":[{"taxonomy":"category","embeddable":true,"href":"https:\/\/pc.sc.gov.br\/index.php?rest_route=%2Fwp%2Fv2%2Fcategories&post=11866"},{"taxonomy":"post_tag","embeddable":true,"href":"https:\/\/pc.sc.gov.br\/index.php?rest_route=%2Fwp%2Fv2%2Ftags&post=11866"}],"curies":[{"name":"wp","href":"https:\/\/api.w.org\/{rel}","templated":true}]}}