{"id":11872,"date":"2023-07-26T16:20:13","date_gmt":"2023-07-26T19:20:13","guid":{"rendered":"https:\/\/pc.sc.gov.br\/?p=11872"},"modified":"2023-07-26T17:43:50","modified_gmt":"2023-07-26T20:43:50","slug":"em-alusao-aos-211-anos-da-instituicao-policia-civil-realiza-palestra-com-filosofo-luiz-felipe-ponde-sobre-etica-no-mercado-de-trabalho","status":"publish","type":"post","link":"https:\/\/pc.sc.gov.br\/?p=11872","title":{"rendered":"Em alus\u00e3o aos 211 anos da institui\u00e7\u00e3o, Pol\u00edcia Civil realiza palestra com fil\u00f3sofo Luiz Felipe Pond\u00e9 sobre \u00c9tica no Mercado de Trabalho"},"content":{"rendered":"\t\t<div data-elementor-type=\"wp-post\" data-elementor-id=\"11872\" class=\"elementor elementor-11872\" data-elementor-post-type=\"post\">\n\t\t\t\t\t\t<section class=\"elementor-section elementor-top-section elementor-element elementor-element-b207ceb elementor-section-boxed elementor-section-height-default elementor-section-height-default\" data-id=\"b207ceb\" data-element_type=\"section\">\n\t\t\t\t\t\t<div class=\"elementor-container elementor-column-gap-default\">\n\t\t\t\t\t<div class=\"elementor-column elementor-col-100 elementor-top-column elementor-element elementor-element-f39768b\" data-id=\"f39768b\" data-element_type=\"column\">\n\t\t\t<div class=\"elementor-widget-wrap elementor-element-populated\">\n\t\t\t\t\t\t<div class=\"elementor-element elementor-element-0a50181 elementor-widget elementor-widget-heading\" data-id=\"0a50181\" data-element_type=\"widget\" data-widget_type=\"heading.default\">\n\t\t\t\t<div class=\"elementor-widget-container\">\n\t\t\t\t\t<h2 class=\"elementor-heading-title elementor-size-default\">Em alus\u00e3o aos 211 anos da institui\u00e7\u00e3o, Pol\u00edcia Civil realiza palestra com fil\u00f3sofo Luiz Felipe Pond\u00e9 sobre \u00c9tica no Mercado de Trabalho<\/h2>\t\t\t\t<\/div>\n\t\t\t\t<\/div>\n\t\t\t\t\t<\/div>\n\t\t<\/div>\n\t\t\t\t\t<\/div>\n\t\t<\/section>\n\t\t\t\t<section class=\"elementor-section elementor-top-section elementor-element elementor-element-50e506a elementor-section-boxed elementor-section-height-default elementor-section-height-default\" data-id=\"50e506a\" data-element_type=\"section\">\n\t\t\t\t\t\t<div class=\"elementor-container elementor-column-gap-default\">\n\t\t\t\t\t<div class=\"elementor-column elementor-col-100 elementor-top-column elementor-element elementor-element-bae185c\" data-id=\"bae185c\" data-element_type=\"column\">\n\t\t\t<div class=\"elementor-widget-wrap elementor-element-populated\">\n\t\t\t\t\t\t<div class=\"elementor-element elementor-element-376497c elementor-widget elementor-widget-image\" data-id=\"376497c\" data-element_type=\"widget\" data-widget_type=\"image.default\">\n\t\t\t\t<div class=\"elementor-widget-container\">\n\t\t\t\t\t\t\t\t\t\t\t\t\t\t\t<img fetchpriority=\"high\" decoding=\"async\" width=\"696\" height=\"464\" src=\"https:\/\/pc.sc.gov.br\/\/wp-content\/uploads\/2023\/07\/WhatsApp-Image-2023-07-26-at-17.31.55-1024x682.jpeg\" class=\"attachment-large size-large wp-image-11886\" alt=\"\" srcset=\"https:\/\/pc.sc.gov.br\/\/wp-content\/uploads\/2023\/07\/WhatsApp-Image-2023-07-26-at-17.31.55-1024x682.jpeg 1024w, https:\/\/pc.sc.gov.br\/\/wp-content\/uploads\/2023\/07\/WhatsApp-Image-2023-07-26-at-17.31.55-300x200.jpeg 300w, https:\/\/pc.sc.gov.br\/\/wp-content\/uploads\/2023\/07\/WhatsApp-Image-2023-07-26-at-17.31.55-768x512.jpeg 768w, https:\/\/pc.sc.gov.br\/\/wp-content\/uploads\/2023\/07\/WhatsApp-Image-2023-07-26-at-17.31.55-1536x1023.jpeg 1536w, https:\/\/pc.sc.gov.br\/\/wp-content\/uploads\/2023\/07\/WhatsApp-Image-2023-07-26-at-17.31.55.jpeg 1600w\" sizes=\"(max-width: 696px) 100vw, 696px\" \/>\t\t\t\t\t\t\t\t\t\t\t\t\t\t\t<\/div>\n\t\t\t\t<\/div>\n\t\t\t\t\t<\/div>\n\t\t<\/div>\n\t\t\t\t\t<\/div>\n\t\t<\/section>\n\t\t\t\t<section class=\"elementor-section elementor-top-section elementor-element elementor-element-60fbe39 elementor-section-boxed elementor-section-height-default elementor-section-height-default\" data-id=\"60fbe39\" data-element_type=\"section\">\n\t\t\t\t\t\t<div class=\"elementor-container elementor-column-gap-default\">\n\t\t\t\t\t<div class=\"elementor-column elementor-col-100 elementor-top-column elementor-element elementor-element-ebaee47\" data-id=\"ebaee47\" data-element_type=\"column\">\n\t\t\t<div class=\"elementor-widget-wrap elementor-element-populated\">\n\t\t\t\t\t\t<div class=\"elementor-element elementor-element-3cef88b elementor-widget elementor-widget-text-editor\" data-id=\"3cef88b\" data-element_type=\"widget\" data-widget_type=\"text-editor.default\">\n\t\t\t\t<div class=\"elementor-widget-container\">\n\t\t\t\t\t\t\t\t\t<p>O professor e fil\u00f3sofo Luiz Felipe Pond\u00e9 foi o palestrante convidado desta quarta-feira (26) do evento realizado pela Pol\u00edcia Civil de Santa Catarina, em comemora\u00e7\u00e3o aos 211 anos da institui\u00e7\u00e3o. Professor Pond\u00e9 falou sobre \u00c9tica no Mercado de Trabalho, trabalhando conceitos a partir de correntes de pensamento de diversas escolas filos\u00f3ficas. O evento realizado na Acadepol contou com a presen\u00e7a do secret\u00e1rio de Seguran\u00e7a P\u00fablica, Paulo Cezar Ramos de Oliveira, do secret\u00e1rio adjunto Freibergue Rubem, o delegado-geral, Ulisses Gabriel e do delegado-geral adjunto, Nilson Lu\u00eds de Oliveira C\u00e9zar. Tamb\u00e9m estava presente o diretor da Acadepol, Andre Bermudez, entre outras autoridades.<\/p><p>Um dos fil\u00f3sofos contempor\u00e2neos mais respeitados no Brasil, Luiz Felipe Pond\u00e9 possui uma carreira s\u00f3lida como escritor e uma atua\u00e7\u00e3o acad\u00eamica de grande consist\u00eancia. Participou de uma s\u00e9rie de debates em todos os meios e colaborou com os principais ve\u00edculos de comunica\u00e7\u00e3o com seu conhecimento. Al\u00e9m disso, ministrou uma infinidade de cursos por todo o pa\u00eds.<\/p><p>Tem experi\u00eancia na \u00e1rea de Filosofia, com \u00eanfase em Ci\u00eancias da Religi\u00e3o e Filosofia da Religi\u00e3o. Em seu trabalho, atua principalmente nos seguintes temas: religi\u00e3o, m\u00edstica, santidade, ang\u00fastia, modernidade, p\u00f3s-modernidade, bem como epistemologia.<\/p><p>\u00c9 autor de diversas obras de cunho filos\u00f3fico e questionador, como \u201cO homem insuficiente\u201d, \u201cConhecimento na desgra\u00e7a\u201d, \u201cDo pensamento no deserto\u201d, \u201cContra um mundo melhor\u201d, entre outras.\u00a0 \u00a0<\/p>\t\t\t\t\t\t\t\t<\/div>\n\t\t\t\t<\/div>\n\t\t\t\t\t<\/div>\n\t\t<\/div>\n\t\t\t\t\t<\/div>\n\t\t<\/section>\n\t\t\t\t<\/div>\n\t\t","protected":false},"excerpt":{"rendered":"<p>Em alus\u00e3o aos 211 anos da institui\u00e7\u00e3o, Pol\u00edcia Civil realiza palestra com fil\u00f3sofo Luiz Felipe Pond\u00e9 sobre \u00c9tica no Mercado de Trabalho O professor e fil\u00f3sofo Luiz Felipe Pond\u00e9 foi o palestrante convidado desta quarta-feira (26) do evento realizado pela Pol\u00edcia Civil de Santa Catarina, em comemora\u00e7\u00e3o aos 211 anos da institui\u00e7\u00e3o. Professor Pond\u00e9 falou [&hellip;]<\/p>\n","protected":false},"author":5,"featured_media":11874,"comment_status":"closed","ping_status":"open","sticky":false,"template":"","format":"standard","meta":{"_monsterinsights_skip_tracking":false,"_monsterinsights_sitenote_active":false,"_monsterinsights_sitenote_note":"","_monsterinsights_sitenote_category":0,"footnotes":""},"categories":[1],"tags":[],"class_list":["post-11872","post","type-post","status-publish","format-standard","has-post-thumbnail","hentry","category-sem-categoria"],"_links":{"self":[{"href":"https:\/\/pc.sc.gov.br\/index.php?rest_route=\/wp\/v2\/posts\/11872","targetHints":{"allow":["GET"]}}],"collection":[{"href":"https:\/\/pc.sc.gov.br\/index.php?rest_route=\/wp\/v2\/posts"}],"about":[{"href":"https:\/\/pc.sc.gov.br\/index.php?rest_route=\/wp\/v2\/types\/post"}],"author":[{"embeddable":true,"href":"https:\/\/pc.sc.gov.br\/index.php?rest_route=\/wp\/v2\/users\/5"}],"replies":[{"embeddable":true,"href":"https:\/\/pc.sc.gov.br\/index.php?rest_route=%2Fwp%2Fv2%2Fcomments&post=11872"}],"version-history":[{"count":7,"href":"https:\/\/pc.sc.gov.br\/index.php?rest_route=\/wp\/v2\/posts\/11872\/revisions"}],"predecessor-version":[{"id":11895,"href":"https:\/\/pc.sc.gov.br\/index.php?rest_route=\/wp\/v2\/posts\/11872\/revisions\/11895"}],"wp:featuredmedia":[{"embeddable":true,"href":"https:\/\/pc.sc.gov.br\/index.php?rest_route=\/wp\/v2\/media\/11874"}],"wp:attachment":[{"href":"https:\/\/pc.sc.gov.br\/index.php?rest_route=%2Fwp%2Fv2%2Fmedia&parent=11872"}],"wp:term":[{"taxonomy":"category","embeddable":true,"href":"https:\/\/pc.sc.gov.br\/index.php?rest_route=%2Fwp%2Fv2%2Fcategories&post=11872"},{"taxonomy":"post_tag","embeddable":true,"href":"https:\/\/pc.sc.gov.br\/index.php?rest_route=%2Fwp%2Fv2%2Ftags&post=11872"}],"curies":[{"name":"wp","href":"https:\/\/api.w.org\/{rel}","templated":true}]}}