{"id":11901,"date":"2023-07-27T11:05:46","date_gmt":"2023-07-27T14:05:46","guid":{"rendered":"https:\/\/pc.sc.gov.br\/?p=11901"},"modified":"2023-07-27T11:09:52","modified_gmt":"2023-07-27T14:09:52","slug":"em-palhoca-policia-civil-realiza-operacao-conexao-nordeste-e-prende-foragido-acusado-de-diversos-crimes-no-ceara","status":"publish","type":"post","link":"https:\/\/pc.sc.gov.br\/?p=11901","title":{"rendered":"Em Palho\u00e7a, Pol\u00edcia Civil realiza opera\u00e7\u00e3o \u201cConex\u00e3o Nordeste\u201d e prende foragido acusado de diversos crimes no Cear\u00e1"},"content":{"rendered":"\t\t<div data-elementor-type=\"wp-post\" data-elementor-id=\"11901\" class=\"elementor elementor-11901\" data-elementor-post-type=\"post\">\n\t\t\t\t\t\t<section class=\"elementor-section elementor-top-section elementor-element elementor-element-7a7281d elementor-section-boxed elementor-section-height-default elementor-section-height-default\" data-id=\"7a7281d\" data-element_type=\"section\">\n\t\t\t\t\t\t<div class=\"elementor-container elementor-column-gap-default\">\n\t\t\t\t\t<div class=\"elementor-column elementor-col-100 elementor-top-column elementor-element elementor-element-315eba5\" data-id=\"315eba5\" data-element_type=\"column\">\n\t\t\t<div class=\"elementor-widget-wrap elementor-element-populated\">\n\t\t\t\t\t\t<div class=\"elementor-element elementor-element-f215ef2 elementor-widget elementor-widget-heading\" data-id=\"f215ef2\" data-element_type=\"widget\" data-widget_type=\"heading.default\">\n\t\t\t\t<div class=\"elementor-widget-container\">\n\t\t\t\t\t<h2 class=\"elementor-heading-title elementor-size-default\">Em Palho\u00e7a, Pol\u00edcia Civil realiza opera\u00e7\u00e3o \u201cConex\u00e3o Nordeste\u201d e prende foragido acusado de diversos crimes no Cear\u00e1<\/h2>\t\t\t\t<\/div>\n\t\t\t\t<\/div>\n\t\t\t\t\t<\/div>\n\t\t<\/div>\n\t\t\t\t\t<\/div>\n\t\t<\/section>\n\t\t\t\t<section class=\"elementor-section elementor-top-section elementor-element elementor-element-56ba6e1 elementor-section-boxed elementor-section-height-default elementor-section-height-default\" data-id=\"56ba6e1\" data-element_type=\"section\">\n\t\t\t\t\t\t<div class=\"elementor-container elementor-column-gap-default\">\n\t\t\t\t\t<div class=\"elementor-column elementor-col-100 elementor-top-column elementor-element elementor-element-7f957b0\" data-id=\"7f957b0\" data-element_type=\"column\">\n\t\t\t<div class=\"elementor-widget-wrap elementor-element-populated\">\n\t\t\t\t\t\t<div class=\"elementor-element elementor-element-fdcfb53 elementor-widget elementor-widget-image\" data-id=\"fdcfb53\" data-element_type=\"widget\" data-widget_type=\"image.default\">\n\t\t\t\t<div class=\"elementor-widget-container\">\n\t\t\t\t\t\t\t\t\t\t\t\t\t\t\t<img fetchpriority=\"high\" decoding=\"async\" width=\"696\" height=\"570\" src=\"https:\/\/pc.sc.gov.br\/\/wp-content\/uploads\/2023\/07\/WhatsApp-Image-2023-07-27-at-11.02.17.jpeg\" class=\"attachment-large size-large wp-image-11904\" alt=\"\" srcset=\"https:\/\/pc.sc.gov.br\/\/wp-content\/uploads\/2023\/07\/WhatsApp-Image-2023-07-27-at-11.02.17.jpeg 998w, https:\/\/pc.sc.gov.br\/\/wp-content\/uploads\/2023\/07\/WhatsApp-Image-2023-07-27-at-11.02.17-300x246.jpeg 300w, https:\/\/pc.sc.gov.br\/\/wp-content\/uploads\/2023\/07\/WhatsApp-Image-2023-07-27-at-11.02.17-768x629.jpeg 768w\" sizes=\"(max-width: 696px) 100vw, 696px\" \/>\t\t\t\t\t\t\t\t\t\t\t\t\t\t\t<\/div>\n\t\t\t\t<\/div>\n\t\t\t\t\t<\/div>\n\t\t<\/div>\n\t\t\t\t\t<\/div>\n\t\t<\/section>\n\t\t\t\t<section class=\"elementor-section elementor-top-section elementor-element elementor-element-40b09d1 elementor-section-boxed elementor-section-height-default elementor-section-height-default\" data-id=\"40b09d1\" data-element_type=\"section\">\n\t\t\t\t\t\t<div class=\"elementor-container elementor-column-gap-default\">\n\t\t\t\t\t<div class=\"elementor-column elementor-col-100 elementor-top-column elementor-element elementor-element-06f1188\" data-id=\"06f1188\" data-element_type=\"column\">\n\t\t\t<div class=\"elementor-widget-wrap elementor-element-populated\">\n\t\t\t\t\t\t<div class=\"elementor-element elementor-element-694f9f5 elementor-widget elementor-widget-text-editor\" data-id=\"694f9f5\" data-element_type=\"widget\" data-widget_type=\"text-editor.default\">\n\t\t\t\t<div class=\"elementor-widget-container\">\n\t\t\t\t\t\t\t\t\t<p>A Pol\u00edcia Civil por meio da Delegacia de Repress\u00e3o ao Crime Organizado (DRACO\/DEIC) deflagrou nesta quinta-feira (27) a opera\u00e7\u00e3o policial \u201cConex\u00e3o Nordeste\u201d para o cumprimento de dois mandados de busca e um mandado de pris\u00e3o preventiva no munic\u00edpio de Palho\u00e7a.<\/p>\n<p>O alvo das buscas trata-se de um homem, natural do estado do Ceara, apontado como uma das lideran\u00e7as de uma organiza\u00e7\u00e3o criminosa e atua\u00e7\u00e3o no Estado do Cear\u00e1. O homem tinha mandado de pris\u00e3o preventiva ativo, pelo crime de participa\u00e7\u00e3o em organiza\u00e7\u00e3o criminosa, e possui diversas passagens policiais pelos crimes de homic\u00eddios, roubo, porte ilegal de arma de fogo e organiza\u00e7\u00e3o criminosa, no estado do Cear\u00e1. O foragido estava escondido em Palho\u00e7a. A DRACO tamb\u00e9m instaurou inqu\u00e9rito policial para apurar se esse homem estaria cometendo crimes aqui em Santa Catarina.&nbsp;<\/p>\n<p>A opera\u00e7\u00e3o da DRACO foi coordenada pelo delegado Ant\u00f4nio Seixas Joca e contou com o apoio das demais Delegacias de Pol\u00edcia Especializadas da DEIC. A DRACO refor\u00e7a seu compromisso em combater o crime organizado em prol da sociedade catarinense.<span style=\"color: var( --e-global-color-text ); font-family: var( --e-global-typography-primary-font-family ), Sans-serif; font-size: var( --e-global-typography-primary-font-size ); font-weight: var( --e-global-typography-primary-font-weight ); letter-spacing: var( --e-global-typography-primary-letter-spacing );\">&nbsp;<\/span><\/p><p><font color=\"#7a7a7a\">A seguir, delegado Ant\u00f4nio Seixar Joca, titular da DRACO\/DEIC comenta a opera\u00e7\u00e3o &#8220;Conex\u00e3o Nordeste&#8221;<\/font><\/p>\t\t\t\t\t\t\t\t<\/div>\n\t\t\t\t<\/div>\n\t\t\t\t\t<\/div>\n\t\t<\/div>\n\t\t\t\t\t<\/div>\n\t\t<\/section>\n\t\t\t\t<section class=\"elementor-section elementor-top-section elementor-element elementor-element-10e0379 elementor-section-boxed elementor-section-height-default elementor-section-height-default\" data-id=\"10e0379\" data-element_type=\"section\">\n\t\t\t\t\t\t<div class=\"elementor-container elementor-column-gap-default\">\n\t\t\t\t\t<div class=\"elementor-column elementor-col-100 elementor-top-column elementor-element elementor-element-a8a9641\" data-id=\"a8a9641\" data-element_type=\"column\">\n\t\t\t<div class=\"elementor-widget-wrap elementor-element-populated\">\n\t\t\t\t\t\t<div class=\"elementor-element elementor-element-aaef669 elementor-widget elementor-widget-video\" data-id=\"aaef669\" data-element_type=\"widget\" data-settings=\"{&quot;video_type&quot;:&quot;hosted&quot;,&quot;controls&quot;:&quot;yes&quot;}\" data-widget_type=\"video.default\">\n\t\t\t\t<div class=\"elementor-widget-container\">\n\t\t\t\t\t\t\t<div class=\"e-hosted-video elementor-wrapper elementor-open-inline\">\n\t\t\t\t\t<video class=\"elementor-video\" src=\"https:\/\/pc.sc.gov.br\/wp-content\/uploads\/2023\/07\/delegado-JOCA-NORDESTE.mp4\" controls=\"\" preload=\"metadata\"><\/video>\n\t\t\t\t<\/div>\n\t\t\t\t\t\t<\/div>\n\t\t\t\t<\/div>\n\t\t\t\t\t<\/div>\n\t\t<\/div>\n\t\t\t\t\t<\/div>\n\t\t<\/section>\n\t\t\t\t<\/div>\n\t\t","protected":false},"excerpt":{"rendered":"<p>Em Palho\u00e7a, Pol\u00edcia Civil realiza opera\u00e7\u00e3o \u201cConex\u00e3o Nordeste\u201d e prende foragido acusado de diversos crimes no Cear\u00e1 A Pol\u00edcia Civil por meio da Delegacia de Repress\u00e3o ao Crime Organizado (DRACO\/DEIC) deflagrou nesta quinta-feira (27) a opera\u00e7\u00e3o policial \u201cConex\u00e3o Nordeste\u201d para o cumprimento de dois mandados de busca e um mandado de pris\u00e3o preventiva no munic\u00edpio [&hellip;]<\/p>\n","protected":false},"author":5,"featured_media":11904,"comment_status":"closed","ping_status":"open","sticky":false,"template":"","format":"standard","meta":{"_monsterinsights_skip_tracking":false,"_monsterinsights_sitenote_active":false,"_monsterinsights_sitenote_note":"","_monsterinsights_sitenote_category":0,"footnotes":""},"categories":[1],"tags":[],"class_list":["post-11901","post","type-post","status-publish","format-standard","has-post-thumbnail","hentry","category-sem-categoria"],"_links":{"self":[{"href":"https:\/\/pc.sc.gov.br\/index.php?rest_route=\/wp\/v2\/posts\/11901","targetHints":{"allow":["GET"]}}],"collection":[{"href":"https:\/\/pc.sc.gov.br\/index.php?rest_route=\/wp\/v2\/posts"}],"about":[{"href":"https:\/\/pc.sc.gov.br\/index.php?rest_route=\/wp\/v2\/types\/post"}],"author":[{"embeddable":true,"href":"https:\/\/pc.sc.gov.br\/index.php?rest_route=\/wp\/v2\/users\/5"}],"replies":[{"embeddable":true,"href":"https:\/\/pc.sc.gov.br\/index.php?rest_route=%2Fwp%2Fv2%2Fcomments&post=11901"}],"version-history":[{"count":4,"href":"https:\/\/pc.sc.gov.br\/index.php?rest_route=\/wp\/v2\/posts\/11901\/revisions"}],"predecessor-version":[{"id":11909,"href":"https:\/\/pc.sc.gov.br\/index.php?rest_route=\/wp\/v2\/posts\/11901\/revisions\/11909"}],"wp:featuredmedia":[{"embeddable":true,"href":"https:\/\/pc.sc.gov.br\/index.php?rest_route=\/wp\/v2\/media\/11904"}],"wp:attachment":[{"href":"https:\/\/pc.sc.gov.br\/index.php?rest_route=%2Fwp%2Fv2%2Fmedia&parent=11901"}],"wp:term":[{"taxonomy":"category","embeddable":true,"href":"https:\/\/pc.sc.gov.br\/index.php?rest_route=%2Fwp%2Fv2%2Fcategories&post=11901"},{"taxonomy":"post_tag","embeddable":true,"href":"https:\/\/pc.sc.gov.br\/index.php?rest_route=%2Fwp%2Fv2%2Ftags&post=11901"}],"curies":[{"name":"wp","href":"https:\/\/api.w.org\/{rel}","templated":true}]}}