{"id":11910,"date":"2023-07-27T14:58:32","date_gmt":"2023-07-27T17:58:32","guid":{"rendered":"https:\/\/pc.sc.gov.br\/?p=11910"},"modified":"2023-07-27T15:14:48","modified_gmt":"2023-07-27T18:14:48","slug":"policia-civil-lanca-sistema-unico-de-denuncias-na-solenidade-dos-211-anos-da-instituicao","status":"publish","type":"post","link":"https:\/\/pc.sc.gov.br\/?p=11910","title":{"rendered":"Pol\u00edcia Civil lan\u00e7a Sistema \u00danico de Den\u00fancias na solenidade dos 211 anos da Institui\u00e7\u00e3o"},"content":{"rendered":"\t\t<div data-elementor-type=\"wp-post\" data-elementor-id=\"11910\" class=\"elementor elementor-11910\" data-elementor-post-type=\"post\">\n\t\t\t\t\t\t<section class=\"elementor-section elementor-top-section elementor-element elementor-element-d04cb21 elementor-section-boxed elementor-section-height-default elementor-section-height-default\" data-id=\"d04cb21\" data-element_type=\"section\">\n\t\t\t\t\t\t<div class=\"elementor-container elementor-column-gap-default\">\n\t\t\t\t\t<div class=\"elementor-column elementor-col-100 elementor-top-column elementor-element elementor-element-f1ef364\" data-id=\"f1ef364\" data-element_type=\"column\">\n\t\t\t<div class=\"elementor-widget-wrap elementor-element-populated\">\n\t\t\t\t\t\t<div class=\"elementor-element elementor-element-77da8ee elementor-widget elementor-widget-heading\" data-id=\"77da8ee\" data-element_type=\"widget\" data-widget_type=\"heading.default\">\n\t\t\t\t<div class=\"elementor-widget-container\">\n\t\t\t\t\t<h2 class=\"elementor-heading-title elementor-size-default\">Pol\u00edcia Civil lan\u00e7a Sistema \u00danico de Den\u00fancias na solenidade dos 211 anos da Institui\u00e7\u00e3o<\/h2>\t\t\t\t<\/div>\n\t\t\t\t<\/div>\n\t\t\t\t\t<\/div>\n\t\t<\/div>\n\t\t\t\t\t<\/div>\n\t\t<\/section>\n\t\t\t\t<section class=\"elementor-section elementor-top-section elementor-element elementor-element-3e60c86 elementor-section-boxed elementor-section-height-default elementor-section-height-default\" data-id=\"3e60c86\" data-element_type=\"section\">\n\t\t\t\t\t\t<div class=\"elementor-container elementor-column-gap-default\">\n\t\t\t\t\t<div class=\"elementor-column elementor-col-100 elementor-top-column elementor-element elementor-element-c0640d0\" data-id=\"c0640d0\" data-element_type=\"column\">\n\t\t\t<div class=\"elementor-widget-wrap elementor-element-populated\">\n\t\t\t\t\t\t<div class=\"elementor-element elementor-element-c5d3586 elementor-widget elementor-widget-image\" data-id=\"c5d3586\" data-element_type=\"widget\" data-widget_type=\"image.default\">\n\t\t\t\t<div class=\"elementor-widget-container\">\n\t\t\t\t\t\t\t\t\t\t\t\t\t\t\t<img fetchpriority=\"high\" decoding=\"async\" width=\"696\" height=\"464\" src=\"https:\/\/pc.sc.gov.br\/\/wp-content\/uploads\/2023\/07\/SOLENE-MESA-1024x683.jpg\" class=\"attachment-large size-large wp-image-11925\" alt=\"\" srcset=\"https:\/\/pc.sc.gov.br\/\/wp-content\/uploads\/2023\/07\/SOLENE-MESA-1024x683.jpg 1024w, https:\/\/pc.sc.gov.br\/\/wp-content\/uploads\/2023\/07\/SOLENE-MESA-300x200.jpg 300w, https:\/\/pc.sc.gov.br\/\/wp-content\/uploads\/2023\/07\/SOLENE-MESA-768x512.jpg 768w, https:\/\/pc.sc.gov.br\/\/wp-content\/uploads\/2023\/07\/SOLENE-MESA-1536x1024.jpg 1536w, https:\/\/pc.sc.gov.br\/\/wp-content\/uploads\/2023\/07\/SOLENE-MESA.jpg 2047w\" sizes=\"(max-width: 696px) 100vw, 696px\" \/>\t\t\t\t\t\t\t\t\t\t\t\t\t\t\t<\/div>\n\t\t\t\t<\/div>\n\t\t\t\t\t<\/div>\n\t\t<\/div>\n\t\t\t\t\t<\/div>\n\t\t<\/section>\n\t\t\t\t<section class=\"elementor-section elementor-top-section elementor-element elementor-element-dcf39f8 elementor-section-boxed elementor-section-height-default elementor-section-height-default\" data-id=\"dcf39f8\" data-element_type=\"section\">\n\t\t\t\t\t\t<div class=\"elementor-container elementor-column-gap-default\">\n\t\t\t\t\t<div class=\"elementor-column elementor-col-100 elementor-top-column elementor-element elementor-element-ea76782\" data-id=\"ea76782\" data-element_type=\"column\">\n\t\t\t<div class=\"elementor-widget-wrap elementor-element-populated\">\n\t\t\t\t\t\t<div class=\"elementor-element elementor-element-93e4de8 elementor-widget elementor-widget-text-editor\" data-id=\"93e4de8\" data-element_type=\"widget\" data-widget_type=\"text-editor.default\">\n\t\t\t\t<div class=\"elementor-widget-container\">\n\t\t\t\t\t\t\t\t\t<p>A Pol\u00edcia Civil de Santa Catarina realizou nesta quinta-feira (27) a solenidade em comemora\u00e7\u00e3o aos 211 anos da institui\u00e7\u00e3o. A data oficial da cria\u00e7\u00e3o da PCSC \u00e9 dia 29 de julho. A cerim\u00f4nia realizada na Acadepol, em Florian\u00f3polis, contou com a presen\u00e7a do governador Jorginho Mello, da vice-governadora Marilisa Bohem, do delegado-geral Ulisses Gabriel, e do Secret\u00e1rio da Seguran\u00e7a P\u00fablica, Paulo Cezar Ramos de Oliveira, entre outras autoridades.<\/p><p>Durante a solenidade o governador Jorginho Mello destacou o trabalho que a Pol\u00edcia Civil vem realizando. \u201cOs bons resultados da Pol\u00edcia Civil s\u00e3o o reflexo de um trabalho s\u00e9rio, feito por homens e mulheres honrados em defesa da seguran\u00e7a p\u00fablica dos catarinenses\u201d, assinalou o governador.<\/p><p>A vice-governadora, delegada aposentada da Pol\u00edcia Civil Marilisa Boehm, manifestou seu orgulho em fazer parte da hist\u00f3ria de Pol\u00edcia Civil. \u201cEu sou da Pol\u00edcia Civil\u201d, assinalou a vice-governadora ao receber uma homenagem do delegado-geral, Ulisses Gabriel, e do Secret\u00e1rio de Seguran\u00e7a P\u00fablica, Paulo C\u00e9zar Ramos de Oliveira. Os ex-delegados-gerais tamb\u00e9m foram homenageados na solenidade. \u201cEles abriram o caminho que estamos trilhando agora\u201d, disse o delegado-geral Ulisses Gabriel.<\/p><p>Na sua manifesta\u00e7\u00e3o, o delegado-geral destacou que a institui\u00e7\u00e3o soma 211 anos de servi\u00e7os prestados \u00e0 Santa Catarina e ao cidad\u00e3o catarinense. \u201cNesse per\u00edodo a pol\u00edcia evoluiu muito. N\u00f3s trocamos o cavalo pelo carro; trocamos o rev\u00f3lver pela pistola; a m\u00e1quina de escrever pelo computador. Passamos a ter software para fazermos o boletim de ocorr\u00eancia, a ouvir as pessoas em depoimentos virtualizados\u201d, disse.\u00a0<\/p><p>O delegado Ulisses tamb\u00e9m apresentou o planejamento estrat\u00e9gico da institui\u00e7\u00e3o para os pr\u00f3ximos 12 anos. \u201cUm grande desejo do governador Jorginho Melo \u00e9 a constru\u00e7\u00e3o de um projeto de Estado para Santa Catarina. Para termos projetos de Estado precisamos ter planejamento ao longo de v\u00e1rios anos e, esse planejamento estrat\u00e9gico, leva em conta a governan\u00e7a na Pol\u00edcia Civil, a rela\u00e7\u00e3o da Pol\u00edcia Civil com a comunidade, a situa\u00e7\u00e3o envolvendo o efetivo e a qualifica\u00e7\u00e3o do efetivo\u201d, disse Ulisses.<\/p><p>Outra novidade apresentada pelo delegado-geral foi o Sistema \u00danico de Den\u00fancias. \u201cHoje n\u00f3s temos v\u00e1rios canais den\u00fancias temos o site da Pol\u00edcia Civil, o 181, e o WhatsApp. A partir do Sistema \u00danico de Den\u00fancias todas as den\u00fancias ser\u00e3o centralizadas para um \u00fanico local e, de l\u00e1, distribu\u00eddos dando agilidade no trabalho da PCSC\u201d, assinalou Ulisses. Na pr\u00e1tica funciona assim: qualquer den\u00fancia que chegar at\u00e9 a PCSC ser\u00e1 gravada e transformada em um documento virtual, por meio de Intelig\u00eancia Artificial. A partir da\u00ed, j\u00e1 ser\u00e1 enviada para a respectiva delegacia de forma instant\u00e2nea. \u201cDesta forma a informa\u00e7\u00e3o vai circular com maior rapidez dando agilidade nas investiga\u00e7\u00f5es\u201d, detalhou Ulisses.<\/p><p>A Pol\u00edcia Civil tamb\u00e9m est\u00e1 em fase de implanta\u00e7\u00e3o do Inqu\u00e9rito Policial Digital. \u201cA partir do momento em que a investiga\u00e7\u00e3o come\u00e7a ela ser\u00e1 totalmente digitalizada e conectada com o sistema de poder judici\u00e1rio evitando retrabalhos\u201d, finalizou.<\/p>\t\t\t\t\t\t\t\t<\/div>\n\t\t\t\t<\/div>\n\t\t\t\t\t<\/div>\n\t\t<\/div>\n\t\t\t\t\t<\/div>\n\t\t<\/section>\n\t\t\t\t<section class=\"elementor-section elementor-top-section elementor-element elementor-element-ad15a4f elementor-section-boxed elementor-section-height-default elementor-section-height-default\" data-id=\"ad15a4f\" data-element_type=\"section\">\n\t\t\t\t\t\t<div class=\"elementor-container elementor-column-gap-default\">\n\t\t\t\t\t<div class=\"elementor-column elementor-col-100 elementor-top-column elementor-element elementor-element-3380e40\" data-id=\"3380e40\" data-element_type=\"column\">\n\t\t\t<div class=\"elementor-widget-wrap elementor-element-populated\">\n\t\t\t\t\t\t<div class=\"elementor-element elementor-element-dfc15cc elementor-skin-carousel elementor-arrows-yes elementor-pagination-type-bullets elementor-pagination-position-outside elementor-widget elementor-widget-media-carousel\" data-id=\"dfc15cc\" data-element_type=\"widget\" data-settings=\"{&quot;skin&quot;:&quot;carousel&quot;,&quot;effect&quot;:&quot;slide&quot;,&quot;show_arrows&quot;:&quot;yes&quot;,&quot;pagination&quot;:&quot;bullets&quot;,&quot;speed&quot;:500,&quot;autoplay&quot;:&quot;yes&quot;,&quot;autoplay_speed&quot;:5000,&quot;loop&quot;:&quot;yes&quot;,&quot;pause_on_hover&quot;:&quot;yes&quot;,&quot;pause_on_interaction&quot;:&quot;yes&quot;,&quot;space_between&quot;:{&quot;unit&quot;:&quot;px&quot;,&quot;size&quot;:10,&quot;sizes&quot;:[]},&quot;space_between_tablet&quot;:{&quot;unit&quot;:&quot;px&quot;,&quot;size&quot;:10,&quot;sizes&quot;:[]},&quot;space_between_mobile&quot;:{&quot;unit&quot;:&quot;px&quot;,&quot;size&quot;:10,&quot;sizes&quot;:[]}}\" data-widget_type=\"media-carousel.default\">\n\t\t\t\t<div class=\"elementor-widget-container\">\n\t\t\t\t\t\t\t\t\t<div class=\"elementor-swiper\">\n\t\t\t\t\t<div class=\"elementor-main-swiper swiper\" role=\"region\" aria-roledescription=\"carousel\" aria-label=\"Slides\">\n\t\t\t\t<div class=\"swiper-wrapper\">\n\t\t\t\t\t\t\t\t\t\t\t<div class=\"swiper-slide\" role=\"group\" aria-roledescription=\"slide\">\n\t\t\t\t\t\t\t\t\t<div class=\"elementor-carousel-image\" role=\"img\" aria-label=\"WhatsApp Image 2023-07-27 at 14.33.15\" style=\"background-image: url(&#039;https:\/\/pc.sc.gov.br\/\/wp-content\/uploads\/2023\/07\/WhatsApp-Image-2023-07-27-at-14.33.15-1.jpeg&#039;)\">\n\n\t\t\t\n\t\t\t\t\t<\/div>\n\t\t\t\t\t\t\t\t<\/div>\n\t\t\t\t\t\t\t\t\t\t\t<div class=\"swiper-slide\" role=\"group\" aria-roledescription=\"slide\">\n\t\t\t\t\t\t\t\t\t<div class=\"elementor-carousel-image\" role=\"img\" aria-label=\"SOLENE VICE\" style=\"background-image: url(&#039;https:\/\/pc.sc.gov.br\/\/wp-content\/uploads\/2023\/07\/SOLENE-VICE.jpg&#039;)\">\n\n\t\t\t\n\t\t\t\t\t<\/div>\n\t\t\t\t\t\t\t\t<\/div>\n\t\t\t\t\t\t\t\t\t\t\t<div class=\"swiper-slide\" role=\"group\" aria-roledescription=\"slide\">\n\t\t\t\t\t\t\t\t\t<div class=\"elementor-carousel-image\" role=\"img\" aria-label=\"SOLENE MAURICIO\" style=\"background-image: url(&#039;https:\/\/pc.sc.gov.br\/\/wp-content\/uploads\/2023\/07\/SOLENE-MAURICIO.jpg&#039;)\">\n\n\t\t\t\n\t\t\t\t\t<\/div>\n\t\t\t\t\t\t\t\t<\/div>\n\t\t\t\t\t\t\t\t\t\t\t<div class=\"swiper-slide\" role=\"group\" aria-roledescription=\"slide\">\n\t\t\t\t\t\t\t\t\t<div class=\"elementor-carousel-image\" role=\"img\" aria-label=\"SOLENE HOMENA04\" style=\"background-image: url(&#039;https:\/\/pc.sc.gov.br\/\/wp-content\/uploads\/2023\/07\/SOLENE-HOMENA04.jpg&#039;)\">\n\n\t\t\t\n\t\t\t\t\t<\/div>\n\t\t\t\t\t\t\t\t<\/div>\n\t\t\t\t\t\t\t\t\t\t\t<div class=\"swiper-slide\" role=\"group\" aria-roledescription=\"slide\">\n\t\t\t\t\t\t\t\t\t<div class=\"elementor-carousel-image\" role=\"img\" aria-label=\"SOLENE HOMENA03\" style=\"background-image: url(&#039;https:\/\/pc.sc.gov.br\/\/wp-content\/uploads\/2023\/07\/SOLENE-HOMENA03.jpg&#039;)\">\n\n\t\t\t\n\t\t\t\t\t<\/div>\n\t\t\t\t\t\t\t\t<\/div>\n\t\t\t\t\t\t\t\t\t\t\t<div class=\"swiper-slide\" role=\"group\" aria-roledescription=\"slide\">\n\t\t\t\t\t\t\t\t\t<div class=\"elementor-carousel-image\" role=\"img\" aria-label=\"SOLENE HOMENA02\" style=\"background-image: url(&#039;https:\/\/pc.sc.gov.br\/\/wp-content\/uploads\/2023\/07\/SOLENE-HOMENA02.jpg&#039;)\">\n\n\t\t\t\n\t\t\t\t\t<\/div>\n\t\t\t\t\t\t\t\t<\/div>\n\t\t\t\t\t\t\t\t\t\t\t<div class=\"swiper-slide\" role=\"group\" aria-roledescription=\"slide\">\n\t\t\t\t\t\t\t\t\t<div class=\"elementor-carousel-image\" role=\"img\" aria-label=\"SOLENE HOMENA01\" style=\"background-image: url(&#039;https:\/\/pc.sc.gov.br\/\/wp-content\/uploads\/2023\/07\/SOLENE-HOMENA01.jpg&#039;)\">\n\n\t\t\t\n\t\t\t\t\t<\/div>\n\t\t\t\t\t\t\t\t<\/div>\n\t\t\t\t\t\t\t\t\t\t\t<div class=\"swiper-slide\" role=\"group\" aria-roledescription=\"slide\">\n\t\t\t\t\t\t\t\t\t<div class=\"elementor-carousel-image\" role=\"img\" aria-label=\"SOLENE HOMENA\" style=\"background-image: url(&#039;https:\/\/pc.sc.gov.br\/\/wp-content\/uploads\/2023\/07\/SOLENE-HOMENA.jpg&#039;)\">\n\n\t\t\t\n\t\t\t\t\t<\/div>\n\t\t\t\t\t\t\t\t<\/div>\n\t\t\t\t\t\t\t\t\t\t\t<div class=\"swiper-slide\" role=\"group\" aria-roledescription=\"slide\">\n\t\t\t\t\t\t\t\t\t<div class=\"elementor-carousel-image\" role=\"img\" aria-label=\"SOLENE GAROTAS\" style=\"background-image: url(&#039;https:\/\/pc.sc.gov.br\/\/wp-content\/uploads\/2023\/07\/SOLENE-GAROTAS.jpg&#039;)\">\n\n\t\t\t\n\t\t\t\t\t<\/div>\n\t\t\t\t\t\t\t\t<\/div>\n\t\t\t\t\t\t\t\t\t\t\t<div class=\"swiper-slide\" role=\"group\" aria-roledescription=\"slide\">\n\t\t\t\t\t\t\t\t\t<div class=\"elementor-carousel-image\" role=\"img\" aria-label=\"SOLENE EGIDIO\" style=\"background-image: url(&#039;https:\/\/pc.sc.gov.br\/\/wp-content\/uploads\/2023\/07\/SOLENE-EGIDIO.jpg&#039;)\">\n\n\t\t\t\n\t\t\t\t\t<\/div>\n\t\t\t\t\t\t\t\t<\/div>\n\t\t\t\t\t\t\t\t\t\t\t<div class=\"swiper-slide\" role=\"group\" aria-roledescription=\"slide\">\n\t\t\t\t\t\t\t\t\t<div class=\"elementor-carousel-image\" role=\"img\" aria-label=\"SOLENE ALFEU\" style=\"background-image: url(&#039;https:\/\/pc.sc.gov.br\/\/wp-content\/uploads\/2023\/07\/SOLENE-ALFEU.jpg&#039;)\">\n\n\t\t\t\n\t\t\t\t\t<\/div>\n\t\t\t\t\t\t\t\t<\/div>\n\t\t\t\t\t\t\t\t\t\t\t<div class=\"swiper-slide\" role=\"group\" aria-roledescription=\"slide\">\n\t\t\t\t\t\t\t\t\t<div class=\"elementor-carousel-image\" role=\"img\" aria-label=\"WhatsApp Image 2023-07-27 at 14.33.17\" style=\"background-image: url(&#039;https:\/\/pc.sc.gov.br\/\/wp-content\/uploads\/2023\/07\/WhatsApp-Image-2023-07-27-at-14.33.17.jpeg&#039;)\">\n\n\t\t\t\n\t\t\t\t\t<\/div>\n\t\t\t\t\t\t\t\t<\/div>\n\t\t\t\t\t\t\t\t\t\t\t<div class=\"swiper-slide\" role=\"group\" aria-roledescription=\"slide\">\n\t\t\t\t\t\t\t\t\t<div class=\"elementor-carousel-image\" role=\"img\" aria-label=\"WhatsApp Image 2023-07-27 at 14.33.12\" style=\"background-image: url(&#039;https:\/\/pc.sc.gov.br\/\/wp-content\/uploads\/2023\/07\/WhatsApp-Image-2023-07-27-at-14.33.12.jpeg&#039;)\">\n\n\t\t\t\n\t\t\t\t\t<\/div>\n\t\t\t\t\t\t\t\t<\/div>\n\t\t\t\t\t\t\t\t\t\t\t<div class=\"swiper-slide\" role=\"group\" aria-roledescription=\"slide\">\n\t\t\t\t\t\t\t\t\t<div class=\"elementor-carousel-image\" role=\"img\" aria-label=\"WhatsApp Image 2023-07-27 at 14.33.12 (1)\" style=\"background-image: url(&#039;https:\/\/pc.sc.gov.br\/\/wp-content\/uploads\/2023\/07\/WhatsApp-Image-2023-07-27-at-14.33.12-1.jpeg&#039;)\">\n\n\t\t\t\n\t\t\t\t\t<\/div>\n\t\t\t\t\t\t\t\t<\/div>\n\t\t\t\t\t\t\t\t\t\t\t<div class=\"swiper-slide\" role=\"group\" aria-roledescription=\"slide\">\n\t\t\t\t\t\t\t\t\t<div class=\"elementor-carousel-image\" role=\"img\" aria-label=\"WhatsApp Image 2023-07-27 at 14.33.11\" style=\"background-image: url(&#039;https:\/\/pc.sc.gov.br\/\/wp-content\/uploads\/2023\/07\/WhatsApp-Image-2023-07-27-at-14.33.11.jpeg&#039;)\">\n\n\t\t\t\n\t\t\t\t\t<\/div>\n\t\t\t\t\t\t\t\t<\/div>\n\t\t\t\t\t\t\t\t\t<\/div>\n\t\t\t\t\t\t\t\t\t\t\t\t\t\t\t<div class=\"elementor-swiper-button elementor-swiper-button-prev\" role=\"button\" tabindex=\"0\" aria-label=\"Previous\">\n\t\t\t\t\t\t\t<i aria-hidden=\"true\" class=\"eicon-chevron-left\"><\/i>\t\t\t\t\t\t<\/div>\n\t\t\t\t\t\t<div class=\"elementor-swiper-button elementor-swiper-button-next\" role=\"button\" tabindex=\"0\" aria-label=\"Next\">\n\t\t\t\t\t\t\t<i aria-hidden=\"true\" class=\"eicon-chevron-right\"><\/i>\t\t\t\t\t\t<\/div>\n\t\t\t\t\t\t\t\t\t\t\t\t\t\t\t\t<div class=\"swiper-pagination\"><\/div>\n\t\t\t\t\t\t\t\t\t\t\t\t<\/div>\n\t\t\t\t<\/div>\n\t\t\t\t\t\t\t\t<\/div>\n\t\t\t\t<\/div>\n\t\t\t\t\t<\/div>\n\t\t<\/div>\n\t\t\t\t\t<\/div>\n\t\t<\/section>\n\t\t\t\t<\/div>\n\t\t","protected":false},"excerpt":{"rendered":"<p>Pol\u00edcia Civil lan\u00e7a Sistema \u00danico de Den\u00fancias na solenidade dos 211 anos da Institui\u00e7\u00e3o A Pol\u00edcia Civil de Santa Catarina realizou nesta quinta-feira (27) a solenidade em comemora\u00e7\u00e3o aos 211 anos da institui\u00e7\u00e3o. A data oficial da cria\u00e7\u00e3o da PCSC \u00e9 dia 29 de julho. A cerim\u00f4nia realizada na Acadepol, em Florian\u00f3polis, contou com a [&hellip;]<\/p>\n","protected":false},"author":5,"featured_media":11925,"comment_status":"closed","ping_status":"open","sticky":false,"template":"","format":"standard","meta":{"_monsterinsights_skip_tracking":false,"_monsterinsights_sitenote_active":false,"_monsterinsights_sitenote_note":"","_monsterinsights_sitenote_category":0,"footnotes":""},"categories":[1],"tags":[],"class_list":["post-11910","post","type-post","status-publish","format-standard","has-post-thumbnail","hentry","category-sem-categoria"],"_links":{"self":[{"href":"https:\/\/pc.sc.gov.br\/index.php?rest_route=\/wp\/v2\/posts\/11910","targetHints":{"allow":["GET"]}}],"collection":[{"href":"https:\/\/pc.sc.gov.br\/index.php?rest_route=\/wp\/v2\/posts"}],"about":[{"href":"https:\/\/pc.sc.gov.br\/index.php?rest_route=\/wp\/v2\/types\/post"}],"author":[{"embeddable":true,"href":"https:\/\/pc.sc.gov.br\/index.php?rest_route=\/wp\/v2\/users\/5"}],"replies":[{"embeddable":true,"href":"https:\/\/pc.sc.gov.br\/index.php?rest_route=%2Fwp%2Fv2%2Fcomments&post=11910"}],"version-history":[{"count":4,"href":"https:\/\/pc.sc.gov.br\/index.php?rest_route=\/wp\/v2\/posts\/11910\/revisions"}],"predecessor-version":[{"id":11931,"href":"https:\/\/pc.sc.gov.br\/index.php?rest_route=\/wp\/v2\/posts\/11910\/revisions\/11931"}],"wp:featuredmedia":[{"embeddable":true,"href":"https:\/\/pc.sc.gov.br\/index.php?rest_route=\/wp\/v2\/media\/11925"}],"wp:attachment":[{"href":"https:\/\/pc.sc.gov.br\/index.php?rest_route=%2Fwp%2Fv2%2Fmedia&parent=11910"}],"wp:term":[{"taxonomy":"category","embeddable":true,"href":"https:\/\/pc.sc.gov.br\/index.php?rest_route=%2Fwp%2Fv2%2Fcategories&post=11910"},{"taxonomy":"post_tag","embeddable":true,"href":"https:\/\/pc.sc.gov.br\/index.php?rest_route=%2Fwp%2Fv2%2Ftags&post=11910"}],"curies":[{"name":"wp","href":"https:\/\/api.w.org\/{rel}","templated":true}]}}