{"id":11933,"date":"2023-07-27T15:29:39","date_gmt":"2023-07-27T18:29:39","guid":{"rendered":"https:\/\/pc.sc.gov.br\/?p=11933"},"modified":"2023-07-27T15:30:38","modified_gmt":"2023-07-27T18:30:38","slug":"policia-civil-prende-homem-por-estupro-de-vulneravel-em-ararangua","status":"publish","type":"post","link":"https:\/\/pc.sc.gov.br\/?p=11933","title":{"rendered":"Pol\u00edcia Civil prende homem por estupro de vulner\u00e1vel em Ararangu\u00e1"},"content":{"rendered":"\t\t<div data-elementor-type=\"wp-post\" data-elementor-id=\"11933\" class=\"elementor elementor-11933\" data-elementor-post-type=\"post\">\n\t\t\t\t\t\t<section class=\"elementor-section elementor-top-section elementor-element elementor-element-488cd4a elementor-section-boxed elementor-section-height-default elementor-section-height-default\" data-id=\"488cd4a\" data-element_type=\"section\">\n\t\t\t\t\t\t<div class=\"elementor-container elementor-column-gap-default\">\n\t\t\t\t\t<div class=\"elementor-column elementor-col-100 elementor-top-column elementor-element elementor-element-e020e9f\" data-id=\"e020e9f\" data-element_type=\"column\">\n\t\t\t<div class=\"elementor-widget-wrap elementor-element-populated\">\n\t\t\t\t\t\t<div class=\"elementor-element elementor-element-24e9c2e elementor-widget elementor-widget-heading\" data-id=\"24e9c2e\" data-element_type=\"widget\" data-widget_type=\"heading.default\">\n\t\t\t\t<div class=\"elementor-widget-container\">\n\t\t\t\t\t<h2 class=\"elementor-heading-title elementor-size-default\">Pol\u00edcia Civil prende homem por estupro de vulner\u00e1vel em Ararangu\u00e1<\/h2>\t\t\t\t<\/div>\n\t\t\t\t<\/div>\n\t\t\t\t\t<\/div>\n\t\t<\/div>\n\t\t\t\t\t<\/div>\n\t\t<\/section>\n\t\t\t\t<section class=\"elementor-section elementor-top-section elementor-element elementor-element-53f9484 elementor-section-boxed elementor-section-height-default elementor-section-height-default\" data-id=\"53f9484\" data-element_type=\"section\">\n\t\t\t\t\t\t<div class=\"elementor-container elementor-column-gap-default\">\n\t\t\t\t\t<div class=\"elementor-column elementor-col-100 elementor-top-column elementor-element elementor-element-392c167\" data-id=\"392c167\" data-element_type=\"column\">\n\t\t\t<div class=\"elementor-widget-wrap elementor-element-populated\">\n\t\t\t\t\t\t<div class=\"elementor-element elementor-element-de562c4 elementor-widget elementor-widget-text-editor\" data-id=\"de562c4\" data-element_type=\"widget\" data-widget_type=\"text-editor.default\">\n\t\t\t\t<div class=\"elementor-widget-container\">\n\t\t\t\t\t\t\t\t\t<p>Na quarta-feira (26), a Pol\u00edcia Civil de Santa Catarina, por meio da Divis\u00e3o de Investiga\u00e7\u00e3o Criminal de Ararangu\u00e1, prendeu um homem por estupro de vulner\u00e1vel. O crime ocorreu em 2014, quando o homem abusou sexualmente de uma crian\u00e7a. A investiga\u00e7\u00e3o foi realizada pela Delegacia de Prote\u00e7\u00e3o \u00e0 Crian\u00e7a, ao Adolescente, \u00e0 Mulher e ao Idoso de Ararangu\u00e1.<br><br>Ap\u00f3s a conclus\u00e3o do inqu\u00e9rito com o indiciamento, o autor foi denunciado pelo Minist\u00e9rio P\u00fablico e condenado pela Segunda Vara Criminal da Comarca de Ararangu\u00e1 a 12 anos de pris\u00e3o. Em seguida ao cumprimento do mandado, o condenado foi encaminhado ao Pres\u00eddio.<\/p>\t\t\t\t\t\t\t\t<\/div>\n\t\t\t\t<\/div>\n\t\t\t\t\t<\/div>\n\t\t<\/div>\n\t\t\t\t\t<\/div>\n\t\t<\/section>\n\t\t\t\t<section class=\"elementor-section elementor-top-section elementor-element elementor-element-7917d4a elementor-section-boxed elementor-section-height-default elementor-section-height-default\" data-id=\"7917d4a\" data-element_type=\"section\">\n\t\t\t\t\t\t<div class=\"elementor-container elementor-column-gap-default\">\n\t\t\t\t\t<div class=\"elementor-column elementor-col-100 elementor-top-column elementor-element elementor-element-fb4cdce\" data-id=\"fb4cdce\" data-element_type=\"column\">\n\t\t\t<div class=\"elementor-widget-wrap elementor-element-populated\">\n\t\t\t\t\t\t<div class=\"elementor-element elementor-element-9e374a7 elementor-widget elementor-widget-image\" data-id=\"9e374a7\" data-element_type=\"widget\" data-widget_type=\"image.default\">\n\t\t\t\t<div class=\"elementor-widget-container\">\n\t\t\t\t\t\t\t\t\t\t\t\t\t\t\t<img fetchpriority=\"high\" decoding=\"async\" width=\"696\" height=\"1004\" src=\"https:\/\/pc.sc.gov.br\/\/wp-content\/uploads\/2023\/06\/VIATURA_000000000028-1-e1755803154189-710x1024.jpg\" class=\"attachment-large size-large wp-image-10113\" alt=\"\" srcset=\"https:\/\/pc.sc.gov.br\/\/wp-content\/uploads\/2023\/06\/VIATURA_000000000028-1-e1755803154189-710x1024.jpg 710w, https:\/\/pc.sc.gov.br\/\/wp-content\/uploads\/2023\/06\/VIATURA_000000000028-1-e1755803154189-208x300.jpg 208w, https:\/\/pc.sc.gov.br\/\/wp-content\/uploads\/2023\/06\/VIATURA_000000000028-1-e1755803154189.jpg 720w\" sizes=\"(max-width: 696px) 100vw, 696px\" \/>\t\t\t\t\t\t\t\t\t\t\t\t\t\t\t<\/div>\n\t\t\t\t<\/div>\n\t\t\t\t\t<\/div>\n\t\t<\/div>\n\t\t\t\t\t<\/div>\n\t\t<\/section>\n\t\t\t\t<\/div>\n\t\t","protected":false},"excerpt":{"rendered":"<p>Pol\u00edcia Civil prende homem por estupro de vulner\u00e1vel em Ararangu\u00e1 Na quarta-feira (26), a Pol\u00edcia Civil de Santa Catarina, por meio da Divis\u00e3o de Investiga\u00e7\u00e3o Criminal de Ararangu\u00e1, prendeu um homem por estupro de vulner\u00e1vel. O crime ocorreu em 2014, quando o homem abusou sexualmente de uma crian\u00e7a. A investiga\u00e7\u00e3o foi realizada pela Delegacia de [&hellip;]<\/p>\n","protected":false},"author":5,"featured_media":10113,"comment_status":"closed","ping_status":"open","sticky":false,"template":"","format":"standard","meta":{"_monsterinsights_skip_tracking":false,"_monsterinsights_sitenote_active":false,"_monsterinsights_sitenote_note":"","_monsterinsights_sitenote_category":0,"footnotes":""},"categories":[1],"tags":[],"class_list":["post-11933","post","type-post","status-publish","format-standard","has-post-thumbnail","hentry","category-sem-categoria"],"_links":{"self":[{"href":"https:\/\/pc.sc.gov.br\/index.php?rest_route=\/wp\/v2\/posts\/11933","targetHints":{"allow":["GET"]}}],"collection":[{"href":"https:\/\/pc.sc.gov.br\/index.php?rest_route=\/wp\/v2\/posts"}],"about":[{"href":"https:\/\/pc.sc.gov.br\/index.php?rest_route=\/wp\/v2\/types\/post"}],"author":[{"embeddable":true,"href":"https:\/\/pc.sc.gov.br\/index.php?rest_route=\/wp\/v2\/users\/5"}],"replies":[{"embeddable":true,"href":"https:\/\/pc.sc.gov.br\/index.php?rest_route=%2Fwp%2Fv2%2Fcomments&post=11933"}],"version-history":[{"count":4,"href":"https:\/\/pc.sc.gov.br\/index.php?rest_route=\/wp\/v2\/posts\/11933\/revisions"}],"predecessor-version":[{"id":11937,"href":"https:\/\/pc.sc.gov.br\/index.php?rest_route=\/wp\/v2\/posts\/11933\/revisions\/11937"}],"wp:featuredmedia":[{"embeddable":true,"href":"https:\/\/pc.sc.gov.br\/index.php?rest_route=\/wp\/v2\/media\/10113"}],"wp:attachment":[{"href":"https:\/\/pc.sc.gov.br\/index.php?rest_route=%2Fwp%2Fv2%2Fmedia&parent=11933"}],"wp:term":[{"taxonomy":"category","embeddable":true,"href":"https:\/\/pc.sc.gov.br\/index.php?rest_route=%2Fwp%2Fv2%2Fcategories&post=11933"},{"taxonomy":"post_tag","embeddable":true,"href":"https:\/\/pc.sc.gov.br\/index.php?rest_route=%2Fwp%2Fv2%2Ftags&post=11933"}],"curies":[{"name":"wp","href":"https:\/\/api.w.org\/{rel}","templated":true}]}}