{"id":11938,"date":"2023-07-27T15:41:28","date_gmt":"2023-07-27T18:41:28","guid":{"rendered":"https:\/\/pc.sc.gov.br\/?p=11938"},"modified":"2023-07-27T15:43:18","modified_gmt":"2023-07-27T18:43:18","slug":"policia-civil-cumpre-mandado-de-busca-e-apreensao-contra-adolescente-por-ato-infracional-de-crime-analogo-a-aliciamento-de-menores","status":"publish","type":"post","link":"https:\/\/pc.sc.gov.br\/?p=11938","title":{"rendered":"Pol\u00edcia Civil cumpre mandado de busca e apreens\u00e3o contra adolescente por ato infracional de crime an\u00e1logo a aliciamento de menores"},"content":{"rendered":"\t\t<div data-elementor-type=\"wp-post\" data-elementor-id=\"11938\" class=\"elementor elementor-11938\" data-elementor-post-type=\"post\">\n\t\t\t\t\t\t<section class=\"elementor-section elementor-top-section elementor-element elementor-element-9395838 elementor-section-boxed elementor-section-height-default elementor-section-height-default\" data-id=\"9395838\" data-element_type=\"section\">\n\t\t\t\t\t\t<div class=\"elementor-container elementor-column-gap-default\">\n\t\t\t\t\t<div class=\"elementor-column elementor-col-100 elementor-top-column elementor-element elementor-element-11ab7b6\" data-id=\"11ab7b6\" data-element_type=\"column\">\n\t\t\t<div class=\"elementor-widget-wrap elementor-element-populated\">\n\t\t\t\t\t\t<div class=\"elementor-element elementor-element-70d5d3e elementor-widget elementor-widget-heading\" data-id=\"70d5d3e\" data-element_type=\"widget\" data-widget_type=\"heading.default\">\n\t\t\t\t<div class=\"elementor-widget-container\">\n\t\t\t\t\t<h2 class=\"elementor-heading-title elementor-size-default\">Pol\u00edcia Civil cumpre mandado de busca e apreens\u00e3o contra adolescente por ato infracional de crime an\u00e1logo a aliciamento de menores<\/h2>\t\t\t\t<\/div>\n\t\t\t\t<\/div>\n\t\t\t\t\t<\/div>\n\t\t<\/div>\n\t\t\t\t\t<\/div>\n\t\t<\/section>\n\t\t\t\t<section class=\"elementor-section elementor-top-section elementor-element elementor-element-d9c520c elementor-section-boxed elementor-section-height-default elementor-section-height-default\" data-id=\"d9c520c\" data-element_type=\"section\">\n\t\t\t\t\t\t<div class=\"elementor-container elementor-column-gap-default\">\n\t\t\t\t\t<div class=\"elementor-column elementor-col-100 elementor-top-column elementor-element elementor-element-474e28a\" data-id=\"474e28a\" data-element_type=\"column\">\n\t\t\t<div class=\"elementor-widget-wrap elementor-element-populated\">\n\t\t\t\t\t\t<div class=\"elementor-element elementor-element-6a69ea5 elementor-widget elementor-widget-image\" data-id=\"6a69ea5\" data-element_type=\"widget\" data-widget_type=\"image.default\">\n\t\t\t\t<div class=\"elementor-widget-container\">\n\t\t\t\t\t\t\t\t\t\t\t\t\t\t\t<img fetchpriority=\"high\" decoding=\"async\" width=\"696\" height=\"492\" src=\"https:\/\/pc.sc.gov.br\/\/wp-content\/uploads\/2023\/07\/WhatsApp-Image-2023-07-27-at-08.02.53-1024x724.jpeg\" class=\"attachment-large size-large wp-image-11939\" alt=\"\" srcset=\"https:\/\/pc.sc.gov.br\/\/wp-content\/uploads\/2023\/07\/WhatsApp-Image-2023-07-27-at-08.02.53-1024x724.jpeg 1024w, https:\/\/pc.sc.gov.br\/\/wp-content\/uploads\/2023\/07\/WhatsApp-Image-2023-07-27-at-08.02.53-300x212.jpeg 300w, https:\/\/pc.sc.gov.br\/\/wp-content\/uploads\/2023\/07\/WhatsApp-Image-2023-07-27-at-08.02.53-768x543.jpeg 768w, https:\/\/pc.sc.gov.br\/\/wp-content\/uploads\/2023\/07\/WhatsApp-Image-2023-07-27-at-08.02.53-1536x1086.jpeg 1536w, https:\/\/pc.sc.gov.br\/\/wp-content\/uploads\/2023\/07\/WhatsApp-Image-2023-07-27-at-08.02.53.jpeg 1600w\" sizes=\"(max-width: 696px) 100vw, 696px\" \/>\t\t\t\t\t\t\t\t\t\t\t\t\t\t\t<\/div>\n\t\t\t\t<\/div>\n\t\t\t\t\t<\/div>\n\t\t<\/div>\n\t\t\t\t\t<\/div>\n\t\t<\/section>\n\t\t\t\t<section class=\"elementor-section elementor-top-section elementor-element elementor-element-f885548 elementor-section-boxed elementor-section-height-default elementor-section-height-default\" data-id=\"f885548\" data-element_type=\"section\">\n\t\t\t\t\t\t<div class=\"elementor-container elementor-column-gap-default\">\n\t\t\t\t\t<div class=\"elementor-column elementor-col-100 elementor-top-column elementor-element elementor-element-ed3ef79\" data-id=\"ed3ef79\" data-element_type=\"column\">\n\t\t\t<div class=\"elementor-widget-wrap elementor-element-populated\">\n\t\t\t\t\t\t<div class=\"elementor-element elementor-element-55793b8 elementor-widget elementor-widget-text-editor\" data-id=\"55793b8\" data-element_type=\"widget\" data-widget_type=\"text-editor.default\">\n\t\t\t\t<div class=\"elementor-widget-container\">\n\t\t\t\t\t\t\t\t\t<p>Na quinta-feira (26), a Pol\u00edcia Civil de Santa Catarina, por meio da Delegacia de Repress\u00e3o aos Crimes de Inform\u00e1tica da Diretoria Estadual de Investiga\u00e7\u00f5es Criminais, com apoio da Pol\u00edcia Civil de S\u00e3o Paulo, cumpriu mandado de busca e apreens\u00e3o contra adolescente de 16 anos, suspeito pela autoria de ato infracional an\u00e1logo ao crime de aliciamento de menores.<br><br>As investiga\u00e7\u00f5es foram iniciadas ap\u00f3s a den\u00fancia dos pais de que a filha de sete anos de idade apresentou comportamento estranho e escondeu o aparelho celular, no qual jogava jogos infantis. Os pais identificaram que uma suposta amiga, que a menina conheceu no jogo, manteve contato via aplicativo de mensagens, enviando v\u00eddeos e solicitando imagens com conte\u00fado \u00edntimo.<br><br>O desdobramento da investiga\u00e7\u00e3o identificou que a amiga era, na verdade, um adolescente de 16 anos de idade, residente na cidade de Jandira, no estado de S\u00e3o Paulo.<br><br>A Pol\u00edcia Civil mant\u00e9m o compromisso de atua\u00e7\u00e3o firme e eficaz para prote\u00e7\u00e3o da dignidade sexual das crian\u00e7as e adolescentes. <\/p>\t\t\t\t\t\t\t\t<\/div>\n\t\t\t\t<\/div>\n\t\t\t\t\t<\/div>\n\t\t<\/div>\n\t\t\t\t\t<\/div>\n\t\t<\/section>\n\t\t\t\t<\/div>\n\t\t","protected":false},"excerpt":{"rendered":"<p>Pol\u00edcia Civil cumpre mandado de busca e apreens\u00e3o contra adolescente por ato infracional de crime an\u00e1logo a aliciamento de menores Na quinta-feira (26), a Pol\u00edcia Civil de Santa Catarina, por meio da Delegacia de Repress\u00e3o aos Crimes de Inform\u00e1tica da Diretoria Estadual de Investiga\u00e7\u00f5es Criminais, com apoio da Pol\u00edcia Civil de S\u00e3o Paulo, cumpriu mandado [&hellip;]<\/p>\n","protected":false},"author":5,"featured_media":11939,"comment_status":"closed","ping_status":"open","sticky":false,"template":"","format":"standard","meta":{"_monsterinsights_skip_tracking":false,"_monsterinsights_sitenote_active":false,"_monsterinsights_sitenote_note":"","_monsterinsights_sitenote_category":0,"footnotes":""},"categories":[1],"tags":[],"class_list":["post-11938","post","type-post","status-publish","format-standard","has-post-thumbnail","hentry","category-sem-categoria"],"_links":{"self":[{"href":"https:\/\/pc.sc.gov.br\/index.php?rest_route=\/wp\/v2\/posts\/11938","targetHints":{"allow":["GET"]}}],"collection":[{"href":"https:\/\/pc.sc.gov.br\/index.php?rest_route=\/wp\/v2\/posts"}],"about":[{"href":"https:\/\/pc.sc.gov.br\/index.php?rest_route=\/wp\/v2\/types\/post"}],"author":[{"embeddable":true,"href":"https:\/\/pc.sc.gov.br\/index.php?rest_route=\/wp\/v2\/users\/5"}],"replies":[{"embeddable":true,"href":"https:\/\/pc.sc.gov.br\/index.php?rest_route=%2Fwp%2Fv2%2Fcomments&post=11938"}],"version-history":[{"count":4,"href":"https:\/\/pc.sc.gov.br\/index.php?rest_route=\/wp\/v2\/posts\/11938\/revisions"}],"predecessor-version":[{"id":11944,"href":"https:\/\/pc.sc.gov.br\/index.php?rest_route=\/wp\/v2\/posts\/11938\/revisions\/11944"}],"wp:featuredmedia":[{"embeddable":true,"href":"https:\/\/pc.sc.gov.br\/index.php?rest_route=\/wp\/v2\/media\/11939"}],"wp:attachment":[{"href":"https:\/\/pc.sc.gov.br\/index.php?rest_route=%2Fwp%2Fv2%2Fmedia&parent=11938"}],"wp:term":[{"taxonomy":"category","embeddable":true,"href":"https:\/\/pc.sc.gov.br\/index.php?rest_route=%2Fwp%2Fv2%2Fcategories&post=11938"},{"taxonomy":"post_tag","embeddable":true,"href":"https:\/\/pc.sc.gov.br\/index.php?rest_route=%2Fwp%2Fv2%2Ftags&post=11938"}],"curies":[{"name":"wp","href":"https:\/\/api.w.org\/{rel}","templated":true}]}}