{"id":11946,"date":"2023-07-27T15:59:55","date_gmt":"2023-07-27T18:59:55","guid":{"rendered":"https:\/\/pc.sc.gov.br\/?p=11946"},"modified":"2023-07-27T16:02:25","modified_gmt":"2023-07-27T19:02:25","slug":"policia-civil-e-secretaria-do-estado-da-fazenda-realizam-fiscalizacao-em-empresa-suspeita-por-crime-tributario-no-oeste-do-estado","status":"publish","type":"post","link":"https:\/\/pc.sc.gov.br\/?p=11946","title":{"rendered":"Pol\u00edcia Civil e Secretaria do Estado da Fazenda realizam fiscaliza\u00e7\u00e3o em empresa suspeita por crime tribut\u00e1rio no oeste do estado"},"content":{"rendered":"\t\t<div data-elementor-type=\"wp-post\" data-elementor-id=\"11946\" class=\"elementor elementor-11946\" data-elementor-post-type=\"post\">\n\t\t\t\t\t\t<section class=\"elementor-section elementor-top-section elementor-element elementor-element-551cf64 elementor-section-boxed elementor-section-height-default elementor-section-height-default\" data-id=\"551cf64\" data-element_type=\"section\">\n\t\t\t\t\t\t<div class=\"elementor-container elementor-column-gap-default\">\n\t\t\t\t\t<div class=\"elementor-column elementor-col-100 elementor-top-column elementor-element elementor-element-6ba81e4\" data-id=\"6ba81e4\" data-element_type=\"column\">\n\t\t\t<div class=\"elementor-widget-wrap elementor-element-populated\">\n\t\t\t\t\t\t<div class=\"elementor-element elementor-element-6c2c714 elementor-widget elementor-widget-heading\" data-id=\"6c2c714\" data-element_type=\"widget\" data-widget_type=\"heading.default\">\n\t\t\t\t<div class=\"elementor-widget-container\">\n\t\t\t\t\t<h2 class=\"elementor-heading-title elementor-size-default\">Pol\u00edcia Civil e Secretaria do Estado da Fazenda realizam fiscaliza\u00e7\u00e3o em empresa suspeita por crime tribut\u00e1rio no oeste do estado<\/h2>\t\t\t\t<\/div>\n\t\t\t\t<\/div>\n\t\t\t\t\t<\/div>\n\t\t<\/div>\n\t\t\t\t\t<\/div>\n\t\t<\/section>\n\t\t\t\t<section class=\"elementor-section elementor-top-section elementor-element elementor-element-09822ec elementor-section-boxed elementor-section-height-default elementor-section-height-default\" data-id=\"09822ec\" data-element_type=\"section\">\n\t\t\t\t\t\t<div class=\"elementor-container elementor-column-gap-default\">\n\t\t\t\t\t<div class=\"elementor-column elementor-col-100 elementor-top-column elementor-element elementor-element-084c500\" data-id=\"084c500\" data-element_type=\"column\">\n\t\t\t<div class=\"elementor-widget-wrap elementor-element-populated\">\n\t\t\t\t\t\t<div class=\"elementor-element elementor-element-d824c76 elementor-widget elementor-widget-image\" data-id=\"d824c76\" data-element_type=\"widget\" data-widget_type=\"image.default\">\n\t\t\t\t<div class=\"elementor-widget-container\">\n\t\t\t\t\t\t\t\t\t\t\t\t\t\t\t<img fetchpriority=\"high\" decoding=\"async\" width=\"696\" height=\"761\" src=\"https:\/\/pc.sc.gov.br\/\/wp-content\/uploads\/2023\/07\/WhatsApp-Image-2023-07-27-at-08.03.12-e1690484373899-937x1024.jpeg\" class=\"attachment-large size-large wp-image-11948\" alt=\"\" srcset=\"https:\/\/pc.sc.gov.br\/\/wp-content\/uploads\/2023\/07\/WhatsApp-Image-2023-07-27-at-08.03.12-e1690484373899-937x1024.jpeg 937w, https:\/\/pc.sc.gov.br\/\/wp-content\/uploads\/2023\/07\/WhatsApp-Image-2023-07-27-at-08.03.12-e1690484373899-274x300.jpeg 274w, https:\/\/pc.sc.gov.br\/\/wp-content\/uploads\/2023\/07\/WhatsApp-Image-2023-07-27-at-08.03.12-e1690484373899-768x840.jpeg 768w, https:\/\/pc.sc.gov.br\/\/wp-content\/uploads\/2023\/07\/WhatsApp-Image-2023-07-27-at-08.03.12-e1690484373899.jpeg 1200w\" sizes=\"(max-width: 696px) 100vw, 696px\" \/>\t\t\t\t\t\t\t\t\t\t\t\t\t\t\t<\/div>\n\t\t\t\t<\/div>\n\t\t\t\t\t<\/div>\n\t\t<\/div>\n\t\t\t\t\t<\/div>\n\t\t<\/section>\n\t\t\t\t<section class=\"elementor-section elementor-top-section elementor-element elementor-element-3ed3e9a elementor-section-boxed elementor-section-height-default elementor-section-height-default\" data-id=\"3ed3e9a\" data-element_type=\"section\">\n\t\t\t\t\t\t<div class=\"elementor-container elementor-column-gap-default\">\n\t\t\t\t\t<div class=\"elementor-column elementor-col-100 elementor-top-column elementor-element elementor-element-398b7c5\" data-id=\"398b7c5\" data-element_type=\"column\">\n\t\t\t<div class=\"elementor-widget-wrap elementor-element-populated\">\n\t\t\t\t\t\t<div class=\"elementor-element elementor-element-f3a8e08 elementor-widget elementor-widget-text-editor\" data-id=\"f3a8e08\" data-element_type=\"widget\" data-widget_type=\"text-editor.default\">\n\t\t\t\t<div class=\"elementor-widget-container\">\n\t\t\t\t\t\t\t\t\t<p>Na ter\u00e7a-feira (25), a Pol\u00edcia Civil de Santa Catarina, por meio da Delegacia de Investiga\u00e7\u00f5es aos Crimes Contra a Fazenda P\u00fablica da Diretoria Estadual de Investiga\u00e7\u00f5es Criminais (DFAZ\/DEIC), e a Secretaria do Estado da Fazenda realizaram opera\u00e7\u00e3o para fiscalizar uma empresa de grande porte da regi\u00e3o de S\u00e3o Miguel do Oeste.<br><br>Na sede da empresa, foi apreendida grande quantidade de documentos digitais, com ind\u00edcios de serem objetos de crime tribut\u00e1rio. Os documentos seguem para an\u00e1lise dos auditores estaduais, com a finalidade de identificar os valores sonegados para posterior lan\u00e7amento em d\u00edvida ativa, que, em an\u00e1lise preliminar, verificou-se que pode chegar a 70 milh\u00f5es de reais.<br><br>A DFAZ\/DEIC aguarda a conclus\u00e3o das an\u00e1lises financeiras para a tomada das provid\u00eancias legais. <\/p>\t\t\t\t\t\t\t\t<\/div>\n\t\t\t\t<\/div>\n\t\t\t\t\t<\/div>\n\t\t<\/div>\n\t\t\t\t\t<\/div>\n\t\t<\/section>\n\t\t\t\t<\/div>\n\t\t","protected":false},"excerpt":{"rendered":"<p>Pol\u00edcia Civil e Secretaria do Estado da Fazenda realizam fiscaliza\u00e7\u00e3o em empresa suspeita por crime tribut\u00e1rio no oeste do estado Na ter\u00e7a-feira (25), a Pol\u00edcia Civil de Santa Catarina, por meio da Delegacia de Investiga\u00e7\u00f5es aos Crimes Contra a Fazenda P\u00fablica da Diretoria Estadual de Investiga\u00e7\u00f5es Criminais (DFAZ\/DEIC), e a Secretaria do Estado da Fazenda [&hellip;]<\/p>\n","protected":false},"author":5,"featured_media":11948,"comment_status":"closed","ping_status":"open","sticky":false,"template":"","format":"standard","meta":{"_monsterinsights_skip_tracking":false,"_monsterinsights_sitenote_active":false,"_monsterinsights_sitenote_note":"","_monsterinsights_sitenote_category":0,"footnotes":""},"categories":[1],"tags":[],"class_list":["post-11946","post","type-post","status-publish","format-standard","has-post-thumbnail","hentry","category-sem-categoria"],"_links":{"self":[{"href":"https:\/\/pc.sc.gov.br\/index.php?rest_route=\/wp\/v2\/posts\/11946","targetHints":{"allow":["GET"]}}],"collection":[{"href":"https:\/\/pc.sc.gov.br\/index.php?rest_route=\/wp\/v2\/posts"}],"about":[{"href":"https:\/\/pc.sc.gov.br\/index.php?rest_route=\/wp\/v2\/types\/post"}],"author":[{"embeddable":true,"href":"https:\/\/pc.sc.gov.br\/index.php?rest_route=\/wp\/v2\/users\/5"}],"replies":[{"embeddable":true,"href":"https:\/\/pc.sc.gov.br\/index.php?rest_route=%2Fwp%2Fv2%2Fcomments&post=11946"}],"version-history":[{"count":4,"href":"https:\/\/pc.sc.gov.br\/index.php?rest_route=\/wp\/v2\/posts\/11946\/revisions"}],"predecessor-version":[{"id":11952,"href":"https:\/\/pc.sc.gov.br\/index.php?rest_route=\/wp\/v2\/posts\/11946\/revisions\/11952"}],"wp:featuredmedia":[{"embeddable":true,"href":"https:\/\/pc.sc.gov.br\/index.php?rest_route=\/wp\/v2\/media\/11948"}],"wp:attachment":[{"href":"https:\/\/pc.sc.gov.br\/index.php?rest_route=%2Fwp%2Fv2%2Fmedia&parent=11946"}],"wp:term":[{"taxonomy":"category","embeddable":true,"href":"https:\/\/pc.sc.gov.br\/index.php?rest_route=%2Fwp%2Fv2%2Fcategories&post=11946"},{"taxonomy":"post_tag","embeddable":true,"href":"https:\/\/pc.sc.gov.br\/index.php?rest_route=%2Fwp%2Fv2%2Ftags&post=11946"}],"curies":[{"name":"wp","href":"https:\/\/api.w.org\/{rel}","templated":true}]}}