{"id":11953,"date":"2023-07-27T16:13:19","date_gmt":"2023-07-27T19:13:19","guid":{"rendered":"https:\/\/pc.sc.gov.br\/?p=11953"},"modified":"2023-07-27T16:14:29","modified_gmt":"2023-07-27T19:14:29","slug":"policia-civil-recupera-700-unidades-de-leite-furtadas-e-prende-homem-em-itajai","status":"publish","type":"post","link":"https:\/\/pc.sc.gov.br\/?p=11953","title":{"rendered":"Pol\u00edcia Civil recupera 700 unidades de leite furtadas e prende homem em Itaja\u00ed"},"content":{"rendered":"\t\t<div data-elementor-type=\"wp-post\" data-elementor-id=\"11953\" class=\"elementor elementor-11953\" data-elementor-post-type=\"post\">\n\t\t\t\t\t\t<section class=\"elementor-section elementor-top-section elementor-element elementor-element-bdcd79e elementor-section-boxed elementor-section-height-default elementor-section-height-default\" data-id=\"bdcd79e\" data-element_type=\"section\">\n\t\t\t\t\t\t<div class=\"elementor-container elementor-column-gap-default\">\n\t\t\t\t\t<div class=\"elementor-column elementor-col-100 elementor-top-column elementor-element elementor-element-ae60515\" data-id=\"ae60515\" data-element_type=\"column\">\n\t\t\t<div class=\"elementor-widget-wrap elementor-element-populated\">\n\t\t\t\t\t\t<div class=\"elementor-element elementor-element-830c337 elementor-widget elementor-widget-heading\" data-id=\"830c337\" data-element_type=\"widget\" data-widget_type=\"heading.default\">\n\t\t\t\t<div class=\"elementor-widget-container\">\n\t\t\t\t\t<h2 class=\"elementor-heading-title elementor-size-default\">Pol\u00edcia Civil recupera 700 unidades de leite furtadas e prende homem em Itaja\u00ed <\/h2>\t\t\t\t<\/div>\n\t\t\t\t<\/div>\n\t\t\t\t\t<\/div>\n\t\t<\/div>\n\t\t\t\t\t<\/div>\n\t\t<\/section>\n\t\t\t\t<section class=\"elementor-section elementor-top-section elementor-element elementor-element-f9ed1dd elementor-section-boxed elementor-section-height-default elementor-section-height-default\" data-id=\"f9ed1dd\" data-element_type=\"section\">\n\t\t\t\t\t\t<div class=\"elementor-container elementor-column-gap-default\">\n\t\t\t\t\t<div class=\"elementor-column elementor-col-100 elementor-top-column elementor-element elementor-element-bb80587\" data-id=\"bb80587\" data-element_type=\"column\">\n\t\t\t<div class=\"elementor-widget-wrap elementor-element-populated\">\n\t\t\t\t\t\t<div class=\"elementor-element elementor-element-a7583a8 elementor-widget elementor-widget-image\" data-id=\"a7583a8\" data-element_type=\"widget\" data-widget_type=\"image.default\">\n\t\t\t\t<div class=\"elementor-widget-container\">\n\t\t\t\t\t\t\t\t\t\t\t\t\t\t\t<img fetchpriority=\"high\" decoding=\"async\" width=\"576\" height=\"1024\" src=\"https:\/\/pc.sc.gov.br\/\/wp-content\/uploads\/2023\/07\/WhatsApp-Image-2023-07-27-at-08.03.33-576x1024.jpeg\" class=\"attachment-large size-large wp-image-11954\" alt=\"\" srcset=\"https:\/\/pc.sc.gov.br\/\/wp-content\/uploads\/2023\/07\/WhatsApp-Image-2023-07-27-at-08.03.33-576x1024.jpeg 576w, https:\/\/pc.sc.gov.br\/\/wp-content\/uploads\/2023\/07\/WhatsApp-Image-2023-07-27-at-08.03.33-169x300.jpeg 169w, https:\/\/pc.sc.gov.br\/\/wp-content\/uploads\/2023\/07\/WhatsApp-Image-2023-07-27-at-08.03.33-768x1366.jpeg 768w, https:\/\/pc.sc.gov.br\/\/wp-content\/uploads\/2023\/07\/WhatsApp-Image-2023-07-27-at-08.03.33-864x1536.jpeg 864w, https:\/\/pc.sc.gov.br\/\/wp-content\/uploads\/2023\/07\/WhatsApp-Image-2023-07-27-at-08.03.33.jpeg 899w\" sizes=\"(max-width: 576px) 100vw, 576px\" \/>\t\t\t\t\t\t\t\t\t\t\t\t\t\t\t<\/div>\n\t\t\t\t<\/div>\n\t\t\t\t\t<\/div>\n\t\t<\/div>\n\t\t\t\t\t<\/div>\n\t\t<\/section>\n\t\t\t\t<section class=\"elementor-section elementor-top-section elementor-element elementor-element-df155b6 elementor-section-boxed elementor-section-height-default elementor-section-height-default\" data-id=\"df155b6\" data-element_type=\"section\">\n\t\t\t\t\t\t<div class=\"elementor-container elementor-column-gap-default\">\n\t\t\t\t\t<div class=\"elementor-column elementor-col-100 elementor-top-column elementor-element elementor-element-820ba8c\" data-id=\"820ba8c\" data-element_type=\"column\">\n\t\t\t<div class=\"elementor-widget-wrap elementor-element-populated\">\n\t\t\t\t\t\t<div class=\"elementor-element elementor-element-bffbd3e elementor-widget elementor-widget-text-editor\" data-id=\"bffbd3e\" data-element_type=\"widget\" data-widget_type=\"text-editor.default\">\n\t\t\t\t<div class=\"elementor-widget-container\">\n\t\t\t\t\t\t\t\t\t<p>Na segunda-feira (24), a Pol\u00edcia Civil de Santa Catarina, por meio da Delegacia de Furtos e Roubos de Cargas da Diretoria Estadual de Investiga\u00e7\u00f5es Criminais, apreendeu 700 unidades de leite, que estavam dispostas em 53 caixas, e prendeu em flagrante o dono do estabelecimento comercial onde a carga foi encontrada.\\<\/p><p><span style=\"font-family: var( --e-global-typography-primary-font-family ), Sans-serif; font-size: var( --e-global-typography-primary-font-size ); font-weight: var( --e-global-typography-primary-font-weight ); letter-spacing: var( --e-global-typography-primary-letter-spacing );\">Ap\u00f3s informa\u00e7\u00f5es e levantamentos acerca do destino de uma carga de leite que foi furtada h\u00e1 aproximadamente 20 dias, a equipe de policiais deslocou-se a um supermercado na cidade de Itaja\u00ed.<\/span><br><\/p><p>Foi feito contato com a v\u00edtima do furto, que compareceu ao local e realizou o reconhecimento da carga, que foi devolvida a ela na sequ\u00eancia. <br>Den\u00fancias e informa\u00e7\u00f5es relacionadas a Roubo de Cargas podem ser encaminhadas para o e-mail _roubosdecargas-deic@pc.sc.gov.br ou pelo whatsApp (48) 99161-8446. O anonimato \u00e9 garantido. <\/p>\t\t\t\t\t\t\t\t<\/div>\n\t\t\t\t<\/div>\n\t\t\t\t\t<\/div>\n\t\t<\/div>\n\t\t\t\t\t<\/div>\n\t\t<\/section>\n\t\t\t\t<\/div>\n\t\t","protected":false},"excerpt":{"rendered":"<p>Pol\u00edcia Civil recupera 700 unidades de leite furtadas e prende homem em Itaja\u00ed Na segunda-feira (24), a Pol\u00edcia Civil de Santa Catarina, por meio da Delegacia de Furtos e Roubos de Cargas da Diretoria Estadual de Investiga\u00e7\u00f5es Criminais, apreendeu 700 unidades de leite, que estavam dispostas em 53 caixas, e prendeu em flagrante o dono [&hellip;]<\/p>\n","protected":false},"author":5,"featured_media":11954,"comment_status":"closed","ping_status":"open","sticky":false,"template":"","format":"standard","meta":{"_monsterinsights_skip_tracking":false,"_monsterinsights_sitenote_active":false,"_monsterinsights_sitenote_note":"","_monsterinsights_sitenote_category":0,"footnotes":""},"categories":[1],"tags":[],"class_list":["post-11953","post","type-post","status-publish","format-standard","has-post-thumbnail","hentry","category-sem-categoria"],"_links":{"self":[{"href":"https:\/\/pc.sc.gov.br\/index.php?rest_route=\/wp\/v2\/posts\/11953","targetHints":{"allow":["GET"]}}],"collection":[{"href":"https:\/\/pc.sc.gov.br\/index.php?rest_route=\/wp\/v2\/posts"}],"about":[{"href":"https:\/\/pc.sc.gov.br\/index.php?rest_route=\/wp\/v2\/types\/post"}],"author":[{"embeddable":true,"href":"https:\/\/pc.sc.gov.br\/index.php?rest_route=\/wp\/v2\/users\/5"}],"replies":[{"embeddable":true,"href":"https:\/\/pc.sc.gov.br\/index.php?rest_route=%2Fwp%2Fv2%2Fcomments&post=11953"}],"version-history":[{"count":4,"href":"https:\/\/pc.sc.gov.br\/index.php?rest_route=\/wp\/v2\/posts\/11953\/revisions"}],"predecessor-version":[{"id":11958,"href":"https:\/\/pc.sc.gov.br\/index.php?rest_route=\/wp\/v2\/posts\/11953\/revisions\/11958"}],"wp:featuredmedia":[{"embeddable":true,"href":"https:\/\/pc.sc.gov.br\/index.php?rest_route=\/wp\/v2\/media\/11954"}],"wp:attachment":[{"href":"https:\/\/pc.sc.gov.br\/index.php?rest_route=%2Fwp%2Fv2%2Fmedia&parent=11953"}],"wp:term":[{"taxonomy":"category","embeddable":true,"href":"https:\/\/pc.sc.gov.br\/index.php?rest_route=%2Fwp%2Fv2%2Fcategories&post=11953"},{"taxonomy":"post_tag","embeddable":true,"href":"https:\/\/pc.sc.gov.br\/index.php?rest_route=%2Fwp%2Fv2%2Ftags&post=11953"}],"curies":[{"name":"wp","href":"https:\/\/api.w.org\/{rel}","templated":true}]}}