{"id":11959,"date":"2023-07-27T16:27:02","date_gmt":"2023-07-27T19:27:02","guid":{"rendered":"https:\/\/pc.sc.gov.br\/?p=11959"},"modified":"2023-07-27T16:28:17","modified_gmt":"2023-07-27T19:28:17","slug":"policia-civil-prende-autor-de-homicidio-cerca-de-15-horas-apos-o-crime-ocorrer-em-lages","status":"publish","type":"post","link":"https:\/\/pc.sc.gov.br\/?p=11959","title":{"rendered":"Pol\u00edcia Civil prende autor de homic\u00eddio cerca de 15 horas ap\u00f3s o crime ocorrer em Lages"},"content":{"rendered":"\t\t<div data-elementor-type=\"wp-post\" data-elementor-id=\"11959\" class=\"elementor elementor-11959\" data-elementor-post-type=\"post\">\n\t\t\t\t\t\t<section class=\"elementor-section elementor-top-section elementor-element elementor-element-da2028c elementor-section-boxed elementor-section-height-default elementor-section-height-default\" data-id=\"da2028c\" data-element_type=\"section\">\n\t\t\t\t\t\t<div class=\"elementor-container elementor-column-gap-default\">\n\t\t\t\t\t<div class=\"elementor-column elementor-col-100 elementor-top-column elementor-element elementor-element-3fdc9df\" data-id=\"3fdc9df\" data-element_type=\"column\">\n\t\t\t<div class=\"elementor-widget-wrap elementor-element-populated\">\n\t\t\t\t\t\t<div class=\"elementor-element elementor-element-11b53d0 elementor-widget elementor-widget-heading\" data-id=\"11b53d0\" data-element_type=\"widget\" data-widget_type=\"heading.default\">\n\t\t\t\t<div class=\"elementor-widget-container\">\n\t\t\t\t\t<h2 class=\"elementor-heading-title elementor-size-default\">Pol\u00edcia Civil prende autor de homic\u00eddio cerca de 15 horas ap\u00f3s o crime ocorrer em Lages<\/h2>\t\t\t\t<\/div>\n\t\t\t\t<\/div>\n\t\t\t\t\t<\/div>\n\t\t<\/div>\n\t\t\t\t\t<\/div>\n\t\t<\/section>\n\t\t\t\t<section class=\"elementor-section elementor-top-section elementor-element elementor-element-695b3f0 elementor-section-boxed elementor-section-height-default elementor-section-height-default\" data-id=\"695b3f0\" data-element_type=\"section\">\n\t\t\t\t\t\t<div class=\"elementor-container elementor-column-gap-default\">\n\t\t\t\t\t<div class=\"elementor-column elementor-col-100 elementor-top-column elementor-element elementor-element-2760796\" data-id=\"2760796\" data-element_type=\"column\">\n\t\t\t<div class=\"elementor-widget-wrap elementor-element-populated\">\n\t\t\t\t\t\t<div class=\"elementor-element elementor-element-ebf95b1 elementor-widget elementor-widget-image\" data-id=\"ebf95b1\" data-element_type=\"widget\" data-widget_type=\"image.default\">\n\t\t\t\t<div class=\"elementor-widget-container\">\n\t\t\t\t\t\t\t\t\t\t\t\t\t\t\t<img fetchpriority=\"high\" decoding=\"async\" width=\"576\" height=\"1024\" src=\"https:\/\/pc.sc.gov.br\/\/wp-content\/uploads\/2023\/07\/WhatsApp-Image-2023-07-27-at-10.05.56-576x1024.jpeg\" class=\"attachment-large size-large wp-image-11960\" alt=\"\" srcset=\"https:\/\/pc.sc.gov.br\/\/wp-content\/uploads\/2023\/07\/WhatsApp-Image-2023-07-27-at-10.05.56-576x1024.jpeg 576w, https:\/\/pc.sc.gov.br\/\/wp-content\/uploads\/2023\/07\/WhatsApp-Image-2023-07-27-at-10.05.56-169x300.jpeg 169w, https:\/\/pc.sc.gov.br\/\/wp-content\/uploads\/2023\/07\/WhatsApp-Image-2023-07-27-at-10.05.56-768x1366.jpeg 768w, https:\/\/pc.sc.gov.br\/\/wp-content\/uploads\/2023\/07\/WhatsApp-Image-2023-07-27-at-10.05.56-864x1536.jpeg 864w, https:\/\/pc.sc.gov.br\/\/wp-content\/uploads\/2023\/07\/WhatsApp-Image-2023-07-27-at-10.05.56.jpeg 899w\" sizes=\"(max-width: 576px) 100vw, 576px\" \/>\t\t\t\t\t\t\t\t\t\t\t\t\t\t\t<\/div>\n\t\t\t\t<\/div>\n\t\t\t\t\t<\/div>\n\t\t<\/div>\n\t\t\t\t\t<\/div>\n\t\t<\/section>\n\t\t\t\t<section class=\"elementor-section elementor-top-section elementor-element elementor-element-c0a6810 elementor-section-boxed elementor-section-height-default elementor-section-height-default\" data-id=\"c0a6810\" data-element_type=\"section\">\n\t\t\t\t\t\t<div class=\"elementor-container elementor-column-gap-default\">\n\t\t\t\t\t<div class=\"elementor-column elementor-col-100 elementor-top-column elementor-element elementor-element-bb7d213\" data-id=\"bb7d213\" data-element_type=\"column\">\n\t\t\t<div class=\"elementor-widget-wrap elementor-element-populated\">\n\t\t\t\t\t\t<div class=\"elementor-element elementor-element-71a291c elementor-widget elementor-widget-text-editor\" data-id=\"71a291c\" data-element_type=\"widget\" data-widget_type=\"text-editor.default\">\n\t\t\t\t<div class=\"elementor-widget-container\">\n\t\t\t\t\t\t\t\t\t<p>Na quarta-feira (26), a Pol\u00edcia Civil de Santa Catarina, por meio da Divis\u00e3o de Investiga\u00e7\u00e3o Criminal de Lages e do N\u00facleo de Opera\u00e7\u00f5es com C\u00e3es, efetuou a pris\u00e3o do autor de um homic\u00eddio praticado no per\u00edodo da manh\u00e3 do mesmo dia em Lages.<\/p><p>Logo ap\u00f3s ter conhecimento do homic\u00eddio, policiais da DIC se deslocaram para o local dos fatos e iniciaram os trabalhos para identificar o autor do crime. Foram realizadas diversas dilig\u00eancias de investiga\u00e7\u00e3o sendo constatado que o investigado, ap\u00f3s os fatos, estava hospedado em um hotel no centro de Lages.<\/p><p>Foi realizado o cerco do local e feito contato com os respons\u00e1veis pelo estabelecimento. Os respons\u00e1veis pelo local franquearam a entrada dos policiais e passaram informa\u00e7\u00f5es acerca do homem procurado pela pr\u00e1tica do homic\u00eddio.<\/p><p>Os policiais realizaram a abordagem dos h\u00f3spedes e, durante os trabalhos, identificaram um quarto, onde foi encontrado um casal, que estava na posse de drogas (maconha e coca\u00edna). Ambos foram conduzidos e o homem autuado pelo crime de tr\u00e1fico de drogas.<\/p><p>O autor do homic\u00eddio n\u00e3o estava no local. Ainda assim, os policiais permaneceram realizando a campana para encontrar o investigado. Depois de algum tempo, policiais que estavam na vigil\u00e2ncia identificaram o autor, acionando as demais equipes.<\/p><p>Foi realizado novo cerco do local e identificado o quarto ocupado pelo investigado, junto de sua companheira.<\/p><p>O investigado foi abordado e preso em flagrante pelo crime de homic\u00eddio. Ainda, foram identificadas as roupas usadas pelo autor no momento em que atacou a v\u00edtima, assim como uma faca, possivelmente a arma usada no crime.<\/p><p>Conduzido para a DIC de Lages, durante interrogat\u00f3rio, o homem confessou a pr\u00e1tica do crime. Formalizados os procedimentos legais, ele foi encaminhado para o Pres\u00eddio Masculino de Lages, onde ficar\u00e1 \u00e0 disposi\u00e7\u00e3o da Justi\u00e7a.<\/p>\t\t\t\t\t\t\t\t<\/div>\n\t\t\t\t<\/div>\n\t\t\t\t\t<\/div>\n\t\t<\/div>\n\t\t\t\t\t<\/div>\n\t\t<\/section>\n\t\t\t\t<\/div>\n\t\t","protected":false},"excerpt":{"rendered":"<p>Pol\u00edcia Civil prende autor de homic\u00eddio cerca de 15 horas ap\u00f3s o crime ocorrer em Lages Na quarta-feira (26), a Pol\u00edcia Civil de Santa Catarina, por meio da Divis\u00e3o de Investiga\u00e7\u00e3o Criminal de Lages e do N\u00facleo de Opera\u00e7\u00f5es com C\u00e3es, efetuou a pris\u00e3o do autor de um homic\u00eddio praticado no per\u00edodo da manh\u00e3 do [&hellip;]<\/p>\n","protected":false},"author":5,"featured_media":11960,"comment_status":"closed","ping_status":"open","sticky":false,"template":"","format":"standard","meta":{"_monsterinsights_skip_tracking":false,"_monsterinsights_sitenote_active":false,"_monsterinsights_sitenote_note":"","_monsterinsights_sitenote_category":0,"footnotes":""},"categories":[1],"tags":[],"class_list":["post-11959","post","type-post","status-publish","format-standard","has-post-thumbnail","hentry","category-sem-categoria"],"_links":{"self":[{"href":"https:\/\/pc.sc.gov.br\/index.php?rest_route=\/wp\/v2\/posts\/11959","targetHints":{"allow":["GET"]}}],"collection":[{"href":"https:\/\/pc.sc.gov.br\/index.php?rest_route=\/wp\/v2\/posts"}],"about":[{"href":"https:\/\/pc.sc.gov.br\/index.php?rest_route=\/wp\/v2\/types\/post"}],"author":[{"embeddable":true,"href":"https:\/\/pc.sc.gov.br\/index.php?rest_route=\/wp\/v2\/users\/5"}],"replies":[{"embeddable":true,"href":"https:\/\/pc.sc.gov.br\/index.php?rest_route=%2Fwp%2Fv2%2Fcomments&post=11959"}],"version-history":[{"count":4,"href":"https:\/\/pc.sc.gov.br\/index.php?rest_route=\/wp\/v2\/posts\/11959\/revisions"}],"predecessor-version":[{"id":11964,"href":"https:\/\/pc.sc.gov.br\/index.php?rest_route=\/wp\/v2\/posts\/11959\/revisions\/11964"}],"wp:featuredmedia":[{"embeddable":true,"href":"https:\/\/pc.sc.gov.br\/index.php?rest_route=\/wp\/v2\/media\/11960"}],"wp:attachment":[{"href":"https:\/\/pc.sc.gov.br\/index.php?rest_route=%2Fwp%2Fv2%2Fmedia&parent=11959"}],"wp:term":[{"taxonomy":"category","embeddable":true,"href":"https:\/\/pc.sc.gov.br\/index.php?rest_route=%2Fwp%2Fv2%2Fcategories&post=11959"},{"taxonomy":"post_tag","embeddable":true,"href":"https:\/\/pc.sc.gov.br\/index.php?rest_route=%2Fwp%2Fv2%2Ftags&post=11959"}],"curies":[{"name":"wp","href":"https:\/\/api.w.org\/{rel}","templated":true}]}}