{"id":11965,"date":"2023-07-27T16:52:46","date_gmt":"2023-07-27T19:52:46","guid":{"rendered":"https:\/\/pc.sc.gov.br\/?p=11965"},"modified":"2023-07-27T16:56:47","modified_gmt":"2023-07-27T19:56:47","slug":"policia-civil-prende-homem-investigado-por-cerca-de-15-furtos-a-estabelecimentos-comercais-de-tubarao","status":"publish","type":"post","link":"https:\/\/pc.sc.gov.br\/?p=11965","title":{"rendered":"Pol\u00edcia Civil prende homem investigado por cerca de 15 furtos a estabelecimentos comerciais de Tubar\u00e3o"},"content":{"rendered":"\t\t<div data-elementor-type=\"wp-post\" data-elementor-id=\"11965\" class=\"elementor elementor-11965\" data-elementor-post-type=\"post\">\n\t\t\t\t\t\t<section class=\"elementor-section elementor-top-section elementor-element elementor-element-f6a3391 elementor-section-boxed elementor-section-height-default elementor-section-height-default\" data-id=\"f6a3391\" data-element_type=\"section\">\n\t\t\t\t\t\t<div class=\"elementor-container elementor-column-gap-default\">\n\t\t\t\t\t<div class=\"elementor-column elementor-col-100 elementor-top-column elementor-element elementor-element-7007571\" data-id=\"7007571\" data-element_type=\"column\">\n\t\t\t<div class=\"elementor-widget-wrap elementor-element-populated\">\n\t\t\t\t\t\t\t<\/div>\n\t\t<\/div>\n\t\t\t\t\t<\/div>\n\t\t<\/section>\n\t\t\t\t<section class=\"elementor-section elementor-top-section elementor-element elementor-element-ff8368a elementor-section-boxed elementor-section-height-default elementor-section-height-default\" data-id=\"ff8368a\" data-element_type=\"section\">\n\t\t\t\t\t\t<div class=\"elementor-container elementor-column-gap-default\">\n\t\t\t\t\t<div class=\"elementor-column elementor-col-100 elementor-top-column elementor-element elementor-element-5223f04\" data-id=\"5223f04\" data-element_type=\"column\">\n\t\t\t<div class=\"elementor-widget-wrap elementor-element-populated\">\n\t\t\t\t\t\t<div class=\"elementor-element elementor-element-8fb750b elementor-widget elementor-widget-heading\" data-id=\"8fb750b\" data-element_type=\"widget\" data-widget_type=\"heading.default\">\n\t\t\t\t<div class=\"elementor-widget-container\">\n\t\t\t\t\t<h2 class=\"elementor-heading-title elementor-size-default\">Pol\u00edcia Civil prende homem investigado por cerca de 15 furtos a estabelecimentos comerciais de Tubar\u00e3o<\/h2>\t\t\t\t<\/div>\n\t\t\t\t<\/div>\n\t\t\t\t<div class=\"elementor-element elementor-element-1dc610f elementor-widget elementor-widget-image\" data-id=\"1dc610f\" data-element_type=\"widget\" data-widget_type=\"image.default\">\n\t\t\t\t<div class=\"elementor-widget-container\">\n\t\t\t\t\t\t\t\t\t\t\t\t\t\t\t<img fetchpriority=\"high\" decoding=\"async\" width=\"602\" height=\"510\" src=\"https:\/\/pc.sc.gov.br\/\/wp-content\/uploads\/2023\/07\/WhatsApp-Image-2023-07-27-at-12.10.30.jpeg\" class=\"attachment-large size-large wp-image-11966\" alt=\"\" srcset=\"https:\/\/pc.sc.gov.br\/\/wp-content\/uploads\/2023\/07\/WhatsApp-Image-2023-07-27-at-12.10.30.jpeg 602w, https:\/\/pc.sc.gov.br\/\/wp-content\/uploads\/2023\/07\/WhatsApp-Image-2023-07-27-at-12.10.30-300x254.jpeg 300w\" sizes=\"(max-width: 602px) 100vw, 602px\" \/>\t\t\t\t\t\t\t\t\t\t\t\t\t\t\t<\/div>\n\t\t\t\t<\/div>\n\t\t\t\t<div class=\"elementor-element elementor-element-4c2fc9d elementor-widget elementor-widget-text-editor\" data-id=\"4c2fc9d\" data-element_type=\"widget\" data-widget_type=\"text-editor.default\">\n\t\t\t\t<div class=\"elementor-widget-container\">\n\t\t\t\t\t\t\t\t\t<p>Na quarta-feira (26), a Pol\u00edcia Civil de Santa Catarina, por meio da Divis\u00e3o de Investiga\u00e7\u00e3o Criminal de Tubar\u00e3o, prendeu um homem suspeito de ter praticado cerca de 15 furtos a estabelecimentos comerciais em Tubar\u00e3o nos \u00faltimos meses.<br><br>A DIC de Tubar\u00e3o tomou conhecimento de uma s\u00e9rie de furtos a estabelecimentos comerciais de Tubar\u00e3o e, ap\u00f3s a coleta de imagens, depoimentos e troca de informa\u00e7\u00f5es com a Pol\u00edcia Militar, identificou o autor como sendo homem que se encontrava em liberdade h\u00e1 pouco tempo.<br><br>Instaurou-se o competente inqu\u00e9rito policial e o homem foi identificado em pelo menos 15 furtos. Nesse sentido, a Pol\u00edcia Civil instaurou o competente inqu\u00e9rito policial, tendo o Delegado de Pol\u00edcia que preside as investiga\u00e7\u00f5es representado pela pris\u00e3o preventiva do investigado, pleito que fora deferido pelo Ju\u00edzo da 2\u00ba Vara Criminal de Tubar\u00e3o.<br><br>De posse do mandado de pris\u00e3o, investigadores da DIC de Tubar\u00e3o procederam em dilig\u00eancias e localizaram o suspeito no bairro Santo Ant\u00f4nio de P\u00e1dua, em Tubar\u00e3o. O suspeito foi conduzido \u00e0 sede da DIC de Tubar\u00e3o, interrogado e posteriormente encaminhado ao Pres\u00eddio Regional de Tubar\u00e3o, onde permanecer\u00e1 \u00e0 disposi\u00e7\u00e3o do Poder Judici\u00e1rio.<br><br>A pris\u00e3o do suspeito contou com o apoio do Departamento de Pol\u00edcia Penal de Santa Catarina.<\/p>\t\t\t\t\t\t\t\t<\/div>\n\t\t\t\t<\/div>\n\t\t\t\t\t<\/div>\n\t\t<\/div>\n\t\t\t\t\t<\/div>\n\t\t<\/section>\n\t\t\t\t<\/div>\n\t\t","protected":false},"excerpt":{"rendered":"<p>Pol\u00edcia Civil prende homem investigado por cerca de 15 furtos a estabelecimentos comerciais de Tubar\u00e3o Na quarta-feira (26), a Pol\u00edcia Civil de Santa Catarina, por meio da Divis\u00e3o de Investiga\u00e7\u00e3o Criminal de Tubar\u00e3o, prendeu um homem suspeito de ter praticado cerca de 15 furtos a estabelecimentos comerciais em Tubar\u00e3o nos \u00faltimos meses. A DIC de [&hellip;]<\/p>\n","protected":false},"author":5,"featured_media":11966,"comment_status":"closed","ping_status":"open","sticky":false,"template":"","format":"standard","meta":{"_monsterinsights_skip_tracking":false,"_monsterinsights_sitenote_active":false,"_monsterinsights_sitenote_note":"","_monsterinsights_sitenote_category":0,"footnotes":""},"categories":[1],"tags":[],"class_list":["post-11965","post","type-post","status-publish","format-standard","has-post-thumbnail","hentry","category-sem-categoria"],"_links":{"self":[{"href":"https:\/\/pc.sc.gov.br\/index.php?rest_route=\/wp\/v2\/posts\/11965","targetHints":{"allow":["GET"]}}],"collection":[{"href":"https:\/\/pc.sc.gov.br\/index.php?rest_route=\/wp\/v2\/posts"}],"about":[{"href":"https:\/\/pc.sc.gov.br\/index.php?rest_route=\/wp\/v2\/types\/post"}],"author":[{"embeddable":true,"href":"https:\/\/pc.sc.gov.br\/index.php?rest_route=\/wp\/v2\/users\/5"}],"replies":[{"embeddable":true,"href":"https:\/\/pc.sc.gov.br\/index.php?rest_route=%2Fwp%2Fv2%2Fcomments&post=11965"}],"version-history":[{"count":8,"href":"https:\/\/pc.sc.gov.br\/index.php?rest_route=\/wp\/v2\/posts\/11965\/revisions"}],"predecessor-version":[{"id":11976,"href":"https:\/\/pc.sc.gov.br\/index.php?rest_route=\/wp\/v2\/posts\/11965\/revisions\/11976"}],"wp:featuredmedia":[{"embeddable":true,"href":"https:\/\/pc.sc.gov.br\/index.php?rest_route=\/wp\/v2\/media\/11966"}],"wp:attachment":[{"href":"https:\/\/pc.sc.gov.br\/index.php?rest_route=%2Fwp%2Fv2%2Fmedia&parent=11965"}],"wp:term":[{"taxonomy":"category","embeddable":true,"href":"https:\/\/pc.sc.gov.br\/index.php?rest_route=%2Fwp%2Fv2%2Fcategories&post=11965"},{"taxonomy":"post_tag","embeddable":true,"href":"https:\/\/pc.sc.gov.br\/index.php?rest_route=%2Fwp%2Fv2%2Ftags&post=11965"}],"curies":[{"name":"wp","href":"https:\/\/api.w.org\/{rel}","templated":true}]}}