{"id":12016,"date":"2023-07-28T16:10:08","date_gmt":"2023-07-28T19:10:08","guid":{"rendered":"https:\/\/pc.sc.gov.br\/?p=12016"},"modified":"2023-07-28T16:18:07","modified_gmt":"2023-07-28T19:18:07","slug":"policia-civil-participa-de-operacao-nacional-de-combate-a-estelionato-e-prende-um-investigado-em-bombinhas","status":"publish","type":"post","link":"https:\/\/pc.sc.gov.br\/?p=12016","title":{"rendered":"Pol\u00edcia Civil participa de opera\u00e7\u00e3o nacional de combate a estelionato e prende um investigado em Bombinhas"},"content":{"rendered":"\t\t<div data-elementor-type=\"wp-post\" data-elementor-id=\"12016\" class=\"elementor elementor-12016\" data-elementor-post-type=\"post\">\n\t\t\t\t\t\t<section class=\"elementor-section elementor-top-section elementor-element elementor-element-9bf447f elementor-section-boxed elementor-section-height-default elementor-section-height-default\" data-id=\"9bf447f\" data-element_type=\"section\">\n\t\t\t\t\t\t<div class=\"elementor-container elementor-column-gap-default\">\n\t\t\t\t\t<div class=\"elementor-column elementor-col-100 elementor-top-column elementor-element elementor-element-69e5f5d\" data-id=\"69e5f5d\" data-element_type=\"column\">\n\t\t\t<div class=\"elementor-widget-wrap elementor-element-populated\">\n\t\t\t\t\t\t<div class=\"elementor-element elementor-element-337c35c elementor-widget elementor-widget-heading\" data-id=\"337c35c\" data-element_type=\"widget\" data-widget_type=\"heading.default\">\n\t\t\t\t<div class=\"elementor-widget-container\">\n\t\t\t\t\t<h2 class=\"elementor-heading-title elementor-size-default\">Pol\u00edcia Civil participa de opera\u00e7\u00e3o nacional de combate a estelionato e prende um investigado em Bombinhas<\/h2>\t\t\t\t<\/div>\n\t\t\t\t<\/div>\n\t\t\t\t\t<\/div>\n\t\t<\/div>\n\t\t\t\t\t<\/div>\n\t\t<\/section>\n\t\t\t\t<section class=\"elementor-section elementor-top-section elementor-element elementor-element-02950ac elementor-section-boxed elementor-section-height-default elementor-section-height-default\" data-id=\"02950ac\" data-element_type=\"section\">\n\t\t\t\t\t\t<div class=\"elementor-container elementor-column-gap-default\">\n\t\t\t\t\t<div class=\"elementor-column elementor-col-100 elementor-top-column elementor-element elementor-element-3e4c44d\" data-id=\"3e4c44d\" data-element_type=\"column\">\n\t\t\t<div class=\"elementor-widget-wrap elementor-element-populated\">\n\t\t\t\t\t\t<div class=\"elementor-element elementor-element-00c7514 elementor-widget elementor-widget-image\" data-id=\"00c7514\" data-element_type=\"widget\" data-widget_type=\"image.default\">\n\t\t\t\t<div class=\"elementor-widget-container\">\n\t\t\t\t\t\t\t\t\t\t\t\t\t\t\t<img fetchpriority=\"high\" decoding=\"async\" width=\"696\" height=\"622\" src=\"https:\/\/pc.sc.gov.br\/\/wp-content\/uploads\/2023\/07\/WhatsApp-Image-2023-07-28-at-16.13.44-1024x915.jpeg\" class=\"attachment-large size-large wp-image-12017\" alt=\"\" srcset=\"https:\/\/pc.sc.gov.br\/\/wp-content\/uploads\/2023\/07\/WhatsApp-Image-2023-07-28-at-16.13.44-1024x915.jpeg 1024w, https:\/\/pc.sc.gov.br\/\/wp-content\/uploads\/2023\/07\/WhatsApp-Image-2023-07-28-at-16.13.44-300x268.jpeg 300w, https:\/\/pc.sc.gov.br\/\/wp-content\/uploads\/2023\/07\/WhatsApp-Image-2023-07-28-at-16.13.44-768x686.jpeg 768w, https:\/\/pc.sc.gov.br\/\/wp-content\/uploads\/2023\/07\/WhatsApp-Image-2023-07-28-at-16.13.44.jpeg 1080w\" sizes=\"(max-width: 696px) 100vw, 696px\" \/>\t\t\t\t\t\t\t\t\t\t\t\t\t\t\t<\/div>\n\t\t\t\t<\/div>\n\t\t\t\t\t<\/div>\n\t\t<\/div>\n\t\t\t\t\t<\/div>\n\t\t<\/section>\n\t\t\t\t<section class=\"elementor-section elementor-top-section elementor-element elementor-element-dd5c30c elementor-section-boxed elementor-section-height-default elementor-section-height-default\" data-id=\"dd5c30c\" data-element_type=\"section\">\n\t\t\t\t\t\t<div class=\"elementor-container elementor-column-gap-default\">\n\t\t\t\t\t<div class=\"elementor-column elementor-col-100 elementor-top-column elementor-element elementor-element-783b599\" data-id=\"783b599\" data-element_type=\"column\">\n\t\t\t<div class=\"elementor-widget-wrap elementor-element-populated\">\n\t\t\t\t\t\t<div class=\"elementor-element elementor-element-821fe8e elementor-widget elementor-widget-text-editor\" data-id=\"821fe8e\" data-element_type=\"widget\" data-widget_type=\"text-editor.default\">\n\t\t\t\t<div class=\"elementor-widget-container\">\n\t\t\t\t\t\t\t\t\t<p>A Pol\u00edcia Civil de Santa Catarina por meio da Delegacia de Pol\u00edcia de Bombinhas deu apoio participou nesta quinta-feira (27) da 2\u00aa fase da Opera\u00e7\u00e3o Redentor. Em Bombinhas um investigado foi preso, em cumprimento de mandados de pris\u00e3o, busca e apreens\u00e3o no bairro de Zimbros, sendo apreendidos tamb\u00e9m equipamentos eletr\u00f4nicos e documentos.\u00a0<\/p><p>A megaopera\u00e7\u00e3o, realizada pela Pol\u00edcia Civil de Goi\u00e1s, com o Grupo Especial de Repress\u00e3o a Crimes Patrimoniais de Rio Verde, aconteceu em oito estados brasileiros (Rio de Janeiro, Santa Catarina, Paran\u00e1, S\u00e3o Paulo, Esp\u00edrito Santo, Para\u00edba, Pernambuco e Piau\u00ed) para investigar uma organiza\u00e7\u00e3o criminosa que, ao se apresentar como empresas de constru\u00e7\u00e3o civil com lucros milion\u00e1rios, aplicavam diversos tipos de golpes. Foram cumpridos 77 mandados de busca e apreens\u00e3o e efetuadas sete pris\u00f5es em todo o pa\u00eds.\u00a0<\/p><p>O grupo teria causado preju\u00edzo de mais de R$ 7 milh\u00f5es. O esquema il\u00edcito da organiza\u00e7\u00e3o criminosa consistia na abertura de empresas no ramo da constru\u00e7\u00e3o civil (falsas construtoras) em v\u00e1rias cidades brasileiras, nas quais elas apresentavam supostos lucros milion\u00e1rios como forma de conseguir dinheiro em banco, ve\u00edculos de concession\u00e1rias, maquin\u00e1rios de constru\u00e7\u00e3o, cr\u00e9ditos de combust\u00edveis com empresas de frota, entre outros.\u00a0<\/p><p>Ap\u00f3s o recebimento dos valores, bens e servi\u00e7os, os criminosos abandonavam a sede da empresa, deixando um lastro de preju\u00edzo ao com\u00e9rcio e rede banc\u00e1ria local. A arquitetura criminosa ainda conta esquema de lavagem de dinheiro por meio de empresas fantasmas e postos de combust\u00edveis.\u00a0<\/p><div>\u00a0<\/div>\t\t\t\t\t\t\t\t<\/div>\n\t\t\t\t<\/div>\n\t\t\t\t\t<\/div>\n\t\t<\/div>\n\t\t\t\t\t<\/div>\n\t\t<\/section>\n\t\t\t\t<\/div>\n\t\t","protected":false},"excerpt":{"rendered":"<p>Pol\u00edcia Civil participa de opera\u00e7\u00e3o nacional de combate a estelionato e prende um investigado em Bombinhas A Pol\u00edcia Civil de Santa Catarina por meio da Delegacia de Pol\u00edcia de Bombinhas deu apoio participou nesta quinta-feira (27) da 2\u00aa fase da Opera\u00e7\u00e3o Redentor. Em Bombinhas um investigado foi preso, em cumprimento de mandados de pris\u00e3o, busca [&hellip;]<\/p>\n","protected":false},"author":5,"featured_media":12017,"comment_status":"closed","ping_status":"open","sticky":false,"template":"","format":"standard","meta":{"_monsterinsights_skip_tracking":false,"_monsterinsights_sitenote_active":false,"_monsterinsights_sitenote_note":"","_monsterinsights_sitenote_category":0,"footnotes":""},"categories":[1],"tags":[],"class_list":["post-12016","post","type-post","status-publish","format-standard","has-post-thumbnail","hentry","category-sem-categoria"],"_links":{"self":[{"href":"https:\/\/pc.sc.gov.br\/index.php?rest_route=\/wp\/v2\/posts\/12016","targetHints":{"allow":["GET"]}}],"collection":[{"href":"https:\/\/pc.sc.gov.br\/index.php?rest_route=\/wp\/v2\/posts"}],"about":[{"href":"https:\/\/pc.sc.gov.br\/index.php?rest_route=\/wp\/v2\/types\/post"}],"author":[{"embeddable":true,"href":"https:\/\/pc.sc.gov.br\/index.php?rest_route=\/wp\/v2\/users\/5"}],"replies":[{"embeddable":true,"href":"https:\/\/pc.sc.gov.br\/index.php?rest_route=%2Fwp%2Fv2%2Fcomments&post=12016"}],"version-history":[{"count":4,"href":"https:\/\/pc.sc.gov.br\/index.php?rest_route=\/wp\/v2\/posts\/12016\/revisions"}],"predecessor-version":[{"id":12021,"href":"https:\/\/pc.sc.gov.br\/index.php?rest_route=\/wp\/v2\/posts\/12016\/revisions\/12021"}],"wp:featuredmedia":[{"embeddable":true,"href":"https:\/\/pc.sc.gov.br\/index.php?rest_route=\/wp\/v2\/media\/12017"}],"wp:attachment":[{"href":"https:\/\/pc.sc.gov.br\/index.php?rest_route=%2Fwp%2Fv2%2Fmedia&parent=12016"}],"wp:term":[{"taxonomy":"category","embeddable":true,"href":"https:\/\/pc.sc.gov.br\/index.php?rest_route=%2Fwp%2Fv2%2Fcategories&post=12016"},{"taxonomy":"post_tag","embeddable":true,"href":"https:\/\/pc.sc.gov.br\/index.php?rest_route=%2Fwp%2Fv2%2Ftags&post=12016"}],"curies":[{"name":"wp","href":"https:\/\/api.w.org\/{rel}","templated":true}]}}