{"id":12082,"date":"2023-08-01T17:43:58","date_gmt":"2023-08-01T20:43:58","guid":{"rendered":"https:\/\/pc.sc.gov.br\/?p=12082"},"modified":"2023-08-01T17:47:31","modified_gmt":"2023-08-01T20:47:31","slug":"policia-civil-deflagra-operacao-sinal-fechado-para-investigar-possivel-fraude-ao-carater-competitivo-de-licitacao-em-ascurra","status":"publish","type":"post","link":"https:\/\/pc.sc.gov.br\/?p=12082","title":{"rendered":"Pol\u00edcia Civil deflagra opera\u00e7\u00e3o \u201cSinal Fechado\u201d para investigar poss\u00edvel fraude ao car\u00e1ter competitivo de licita\u00e7\u00e3o em Ascurra"},"content":{"rendered":"\t\t<div data-elementor-type=\"wp-post\" data-elementor-id=\"12082\" class=\"elementor elementor-12082\" data-elementor-post-type=\"post\">\n\t\t\t\t\t\t<section class=\"elementor-section elementor-top-section elementor-element elementor-element-13775c4 elementor-section-boxed elementor-section-height-default elementor-section-height-default\" data-id=\"13775c4\" data-element_type=\"section\">\n\t\t\t\t\t\t<div class=\"elementor-container elementor-column-gap-default\">\n\t\t\t\t\t<div class=\"elementor-column elementor-col-100 elementor-top-column elementor-element elementor-element-86fbe6f\" data-id=\"86fbe6f\" data-element_type=\"column\">\n\t\t\t<div class=\"elementor-widget-wrap elementor-element-populated\">\n\t\t\t\t\t\t<div class=\"elementor-element elementor-element-8580b5e elementor-widget elementor-widget-heading\" data-id=\"8580b5e\" data-element_type=\"widget\" data-widget_type=\"heading.default\">\n\t\t\t\t<div class=\"elementor-widget-container\">\n\t\t\t\t\t<h2 class=\"elementor-heading-title elementor-size-default\">Pol\u00edcia Civil deflagra opera\u00e7\u00e3o \u201cSinal Fechado\u201d para investigar poss\u00edvel fraude ao car\u00e1ter competitivo de licita\u00e7\u00e3o em Ascurra<\/h2>\t\t\t\t<\/div>\n\t\t\t\t<\/div>\n\t\t\t\t\t<\/div>\n\t\t<\/div>\n\t\t\t\t\t<\/div>\n\t\t<\/section>\n\t\t\t\t<section class=\"elementor-section elementor-top-section elementor-element elementor-element-6e19ccb elementor-section-boxed elementor-section-height-default elementor-section-height-default\" data-id=\"6e19ccb\" data-element_type=\"section\">\n\t\t\t\t\t\t<div class=\"elementor-container elementor-column-gap-default\">\n\t\t\t\t\t<div class=\"elementor-column elementor-col-100 elementor-top-column elementor-element elementor-element-2cc7e3e\" data-id=\"2cc7e3e\" data-element_type=\"column\">\n\t\t\t<div class=\"elementor-widget-wrap elementor-element-populated\">\n\t\t\t\t\t\t<div class=\"elementor-element elementor-element-9b20f7f elementor-widget elementor-widget-text-editor\" data-id=\"9b20f7f\" data-element_type=\"widget\" data-widget_type=\"text-editor.default\">\n\t\t\t\t<div class=\"elementor-widget-container\">\n\t\t\t\t\t\t\t\t\t<p>A Pol\u00edcia Civil de Santa Catarina, por meio da 4\u00aa Delegacia Especializada em Combate \u00e0 Corrup\u00e7\u00e3o de Lages, deflagrou a opera\u00e7\u00e3o \u201cSinal Fechado\u201d, objetivando reprimir a pr\u00e1tica do crime de fraude ao car\u00e1ter competitivo de licita\u00e7\u00e3o na Comarca de Ascurra.<\/p><p>Em mar\u00e7o de 2023, a Prefeitura de Ascurra abriu licita\u00e7\u00e3o para contratar empresa prestadora dos servi\u00e7os de transporte escolar universit\u00e1rio e transportes diversos. Nessa licita\u00e7\u00e3o concorreram quatro empresas, sendo que tr\u00eas delas s\u00e3o investigadas por terem participado da licita\u00e7\u00e3o em conluio, pois se verificou que duas pertencem a marido e esposa, enquanto a terceira pertence a um funcion\u00e1rio do casal.<\/p><p>No dia 1\u00ba de agosto de 2023, foram cumpridos quatro mandados de busca e apreens\u00e3o nos endere\u00e7os ligados aos empres\u00e1rios investigados e no endere\u00e7o da funcion\u00e1ria p\u00fablica respons\u00e1vel pela reuni\u00e3o de abertura das propostas das empresas licitantes.<\/p><p>Participaram da opera\u00e7\u00e3o as equipes da Delegacia da Comarca de Ascurra, da DECOR\/DEIC, da 3\u00aaDECOR, do Laborat\u00f3rio de Tecnologia contra a Lavagem de Dinheiro e a Coordenadoria Estadual de Combate \u00e0 Corrup\u00e7\u00e3o da Pol\u00edcia Civil do Estado de Santa Catarina.<\/p>\t\t\t\t\t\t\t\t<\/div>\n\t\t\t\t<\/div>\n\t\t\t\t\t<\/div>\n\t\t<\/div>\n\t\t\t\t\t<\/div>\n\t\t<\/section>\n\t\t\t\t<section class=\"elementor-section elementor-top-section elementor-element elementor-element-a5bc122 elementor-section-boxed elementor-section-height-default elementor-section-height-default\" data-id=\"a5bc122\" data-element_type=\"section\">\n\t\t\t\t\t\t<div class=\"elementor-container elementor-column-gap-default\">\n\t\t\t\t\t<div class=\"elementor-column elementor-col-100 elementor-top-column elementor-element elementor-element-f9ffcae\" data-id=\"f9ffcae\" data-element_type=\"column\">\n\t\t\t<div class=\"elementor-widget-wrap elementor-element-populated\">\n\t\t\t\t\t\t<div class=\"elementor-element elementor-element-a6a9f57 elementor--h-position-center elementor--v-position-middle elementor-arrows-position-inside elementor-pagination-position-inside elementor-widget elementor-widget-slides\" data-id=\"a6a9f57\" data-element_type=\"widget\" data-settings=\"{&quot;navigation&quot;:&quot;both&quot;,&quot;autoplay&quot;:&quot;yes&quot;,&quot;pause_on_hover&quot;:&quot;yes&quot;,&quot;pause_on_interaction&quot;:&quot;yes&quot;,&quot;autoplay_speed&quot;:5000,&quot;infinite&quot;:&quot;yes&quot;,&quot;transition&quot;:&quot;slide&quot;,&quot;transition_speed&quot;:500}\" data-widget_type=\"slides.default\">\n\t\t\t\t<div class=\"elementor-widget-container\">\n\t\t\t\t\t\t\t\t\t<div class=\"elementor-swiper\">\n\t\t\t\t\t<div class=\"elementor-slides-wrapper elementor-main-swiper swiper\" role=\"region\" aria-roledescription=\"carousel\" aria-label=\"Slides\" dir=\"ltr\" data-animation=\"fadeInUp\">\n\t\t\t\t<div class=\"swiper-wrapper elementor-slides\">\n\t\t\t\t\t\t\t\t\t\t<div class=\"elementor-repeater-item-520dd62 swiper-slide\" role=\"group\" aria-roledescription=\"slide\"><div class=\"swiper-slide-bg\" role=\"img\" aria-label=\"WhatsApp Image 2023-08-01 at 17.22.25\"><\/div><div class=\"swiper-slide-inner\" ><div class=\"swiper-slide-contents\"><\/div><\/div><\/div><div class=\"elementor-repeater-item-7041062 swiper-slide\" role=\"group\" aria-roledescription=\"slide\"><div class=\"swiper-slide-bg\" role=\"img\" aria-label=\"WhatsApp Image 2023-08-01 at 17.22.24\"><\/div><div class=\"swiper-slide-inner\" ><div class=\"swiper-slide-contents\"><\/div><\/div><\/div>\t\t\t\t<\/div>\n\t\t\t\t\t\t\t\t\t\t\t\t\t\t\t<div class=\"elementor-swiper-button elementor-swiper-button-prev\" role=\"button\" tabindex=\"0\" aria-label=\"Previous slide\">\n\t\t\t\t\t\t\t<i aria-hidden=\"true\" class=\"eicon-chevron-left\"><\/i>\t\t\t\t\t\t<\/div>\n\t\t\t\t\t\t<div class=\"elementor-swiper-button elementor-swiper-button-next\" role=\"button\" tabindex=\"0\" aria-label=\"Next slide\">\n\t\t\t\t\t\t\t<i aria-hidden=\"true\" class=\"eicon-chevron-right\"><\/i>\t\t\t\t\t\t<\/div>\n\t\t\t\t\t\t\t\t\t\t\t\t\t\t\t\t<div class=\"swiper-pagination\"><\/div>\n\t\t\t\t\t\t\t\t\t\t\t\t<\/div>\n\t\t\t\t<\/div>\n\t\t\t\t\t\t\t\t<\/div>\n\t\t\t\t<\/div>\n\t\t\t\t\t<\/div>\n\t\t<\/div>\n\t\t\t\t\t<\/div>\n\t\t<\/section>\n\t\t\t\t<\/div>\n\t\t","protected":false},"excerpt":{"rendered":"<p>Pol\u00edcia Civil deflagra opera\u00e7\u00e3o \u201cSinal Fechado\u201d para investigar poss\u00edvel fraude ao car\u00e1ter competitivo de licita\u00e7\u00e3o em Ascurra A Pol\u00edcia Civil de Santa Catarina, por meio da 4\u00aa Delegacia Especializada em Combate \u00e0 Corrup\u00e7\u00e3o de Lages, deflagrou a opera\u00e7\u00e3o \u201cSinal Fechado\u201d, objetivando reprimir a pr\u00e1tica do crime de fraude ao car\u00e1ter competitivo de licita\u00e7\u00e3o na Comarca [&hellip;]<\/p>\n","protected":false},"author":5,"featured_media":12083,"comment_status":"closed","ping_status":"open","sticky":false,"template":"","format":"standard","meta":{"_monsterinsights_skip_tracking":false,"_monsterinsights_sitenote_active":false,"_monsterinsights_sitenote_note":"","_monsterinsights_sitenote_category":0,"footnotes":""},"categories":[1],"tags":[],"class_list":["post-12082","post","type-post","status-publish","format-standard","has-post-thumbnail","hentry","category-sem-categoria"],"_links":{"self":[{"href":"https:\/\/pc.sc.gov.br\/index.php?rest_route=\/wp\/v2\/posts\/12082","targetHints":{"allow":["GET"]}}],"collection":[{"href":"https:\/\/pc.sc.gov.br\/index.php?rest_route=\/wp\/v2\/posts"}],"about":[{"href":"https:\/\/pc.sc.gov.br\/index.php?rest_route=\/wp\/v2\/types\/post"}],"author":[{"embeddable":true,"href":"https:\/\/pc.sc.gov.br\/index.php?rest_route=\/wp\/v2\/users\/5"}],"replies":[{"embeddable":true,"href":"https:\/\/pc.sc.gov.br\/index.php?rest_route=%2Fwp%2Fv2%2Fcomments&post=12082"}],"version-history":[{"count":4,"href":"https:\/\/pc.sc.gov.br\/index.php?rest_route=\/wp\/v2\/posts\/12082\/revisions"}],"predecessor-version":[{"id":12091,"href":"https:\/\/pc.sc.gov.br\/index.php?rest_route=\/wp\/v2\/posts\/12082\/revisions\/12091"}],"wp:featuredmedia":[{"embeddable":true,"href":"https:\/\/pc.sc.gov.br\/index.php?rest_route=\/wp\/v2\/media\/12083"}],"wp:attachment":[{"href":"https:\/\/pc.sc.gov.br\/index.php?rest_route=%2Fwp%2Fv2%2Fmedia&parent=12082"}],"wp:term":[{"taxonomy":"category","embeddable":true,"href":"https:\/\/pc.sc.gov.br\/index.php?rest_route=%2Fwp%2Fv2%2Fcategories&post=12082"},{"taxonomy":"post_tag","embeddable":true,"href":"https:\/\/pc.sc.gov.br\/index.php?rest_route=%2Fwp%2Fv2%2Ftags&post=12082"}],"curies":[{"name":"wp","href":"https:\/\/api.w.org\/{rel}","templated":true}]}}