{"id":12093,"date":"2023-08-01T18:10:54","date_gmt":"2023-08-01T21:10:54","guid":{"rendered":"https:\/\/pc.sc.gov.br\/?p=12093"},"modified":"2023-08-01T18:11:41","modified_gmt":"2023-08-01T21:11:41","slug":"policia-civil-realiza-solenidade-para-agradecer-instituicoes-que-apoiam-a-delegacia-regional-de-palhoca","status":"publish","type":"post","link":"https:\/\/pc.sc.gov.br\/?p=12093","title":{"rendered":"Pol\u00edcia Civil realiza solenidade para agradecer institui\u00e7\u00f5es que apoiam a Delegacia Regional de Palho\u00e7a"},"content":{"rendered":"\t\t<div data-elementor-type=\"wp-post\" data-elementor-id=\"12093\" class=\"elementor elementor-12093\" data-elementor-post-type=\"post\">\n\t\t\t\t\t\t<section class=\"elementor-section elementor-top-section elementor-element elementor-element-6c5e133 elementor-section-boxed elementor-section-height-default elementor-section-height-default\" data-id=\"6c5e133\" data-element_type=\"section\">\n\t\t\t\t\t\t<div class=\"elementor-container elementor-column-gap-default\">\n\t\t\t\t\t<div class=\"elementor-column elementor-col-100 elementor-top-column elementor-element elementor-element-aa48f8b\" data-id=\"aa48f8b\" data-element_type=\"column\">\n\t\t\t<div class=\"elementor-widget-wrap elementor-element-populated\">\n\t\t\t\t\t\t<div class=\"elementor-element elementor-element-32a34ea elementor-widget elementor-widget-heading\" data-id=\"32a34ea\" data-element_type=\"widget\" data-widget_type=\"heading.default\">\n\t\t\t\t<div class=\"elementor-widget-container\">\n\t\t\t\t\t<h2 class=\"elementor-heading-title elementor-size-default\">Pol\u00edcia Civil realiza solenidade para agradecer institui\u00e7\u00f5es que apoiam a Delegacia Regional de Palho\u00e7a <\/h2>\t\t\t\t<\/div>\n\t\t\t\t<\/div>\n\t\t\t\t\t<\/div>\n\t\t<\/div>\n\t\t\t\t\t<\/div>\n\t\t<\/section>\n\t\t\t\t<section class=\"elementor-section elementor-top-section elementor-element elementor-element-c3124d6 elementor-section-boxed elementor-section-height-default elementor-section-height-default\" data-id=\"c3124d6\" data-element_type=\"section\">\n\t\t\t\t\t\t<div class=\"elementor-container elementor-column-gap-default\">\n\t\t\t\t\t<div class=\"elementor-column elementor-col-100 elementor-top-column elementor-element elementor-element-6dd42bd\" data-id=\"6dd42bd\" data-element_type=\"column\">\n\t\t\t<div class=\"elementor-widget-wrap elementor-element-populated\">\n\t\t\t\t\t\t<div class=\"elementor-element elementor-element-a848804 elementor-widget elementor-widget-text-editor\" data-id=\"a848804\" data-element_type=\"widget\" data-widget_type=\"text-editor.default\">\n\t\t\t\t<div class=\"elementor-widget-container\">\n\t\t\t\t\t\t\t\t\t<p>A Pol\u00edcia Civil de Santa Catarina, por meio da Delegacia Regional de Pol\u00edcia (DRP) de Palho\u00e7a, realizou nesta ter\u00e7a-feira (01), uma solenidade para agradecer a institui\u00e7\u00f5es p\u00fablicas e privadas que v\u00eam apoiando as a\u00e7\u00f5es e demandas da PCSC na \u00e1rea de atua\u00e7\u00e3o da delegacia Regional. O evento foi realizado no plen\u00e1rio da C\u00e2mara de Vereadores de Palho\u00e7a. O secret\u00e1rio adjunto da Secretaria da Seguran\u00e7a P\u00fablica (SSP), Freibergue Rubem do Nascimento representou o governador Jorginho Mello na solenidade.<\/p><p>Para ao delegado-geral da Pol\u00edcia Civil, Ulisses Gabriel, a parceria com as prefeituras e empresas \u00e9 fundamental para amplia\u00e7\u00e3o dos resultados da institui\u00e7\u00e3o, pois o objetivo maior \u00e9 a seguran\u00e7a de toda a popula\u00e7\u00e3o. \u201cO comprometimento dos nossos policiais civis se reflete nos nossos resultados. Apenas nos sete primeiros meses do ano aumentamos em 49,38% o n\u00famero de cumprimento de mandado de busca. Os mandados de pris\u00e3o registraram uma alta de 47,88%\u201d, assinalou o delegado-geral. Ulisses Gabriel tamb\u00e9m agradeceu \u00e0s empresas e \u00f3rg\u00e3os p\u00fablicos pelo apoio \u00e0 PCSC.<\/p><p>Idealizadora do evento, a delegada Regional de Palho\u00e7a, M\u00f4nica Manganelli Coimbra Forcellini agradeceu todas institui\u00e7\u00f5es. \u201cEste evento \u00e9 em reconhecimento a todos os nossos parceiros p\u00fablicos e privados que nos auxiliaram para que continuemos prestando sempre um servi\u00e7o de qualidade para os catarinenses\u201d, destacou a delegada M\u00f4nica. Ela destacou as obras de revitaliza\u00e7\u00e3o da Delegacia de Pol\u00edcia da Comarca de Palho\u00e7a finalizada em maio. \u201cAl\u00e9m das melhorias no telhado, o pr\u00e9dio passou por uma reforma estrutural e recebeu pintura. O espa\u00e7o tamb\u00e9m est\u00e1 equipado com c\u00e2meras de monitoramento em HD, placas de sinaliza\u00e7\u00e3o e uma central de alarme\u201d, assinalou a delegada M\u00f4nica.<\/p><p>No evento a delegada Raquel Souza Freire, que estava \u00e0 frente da Divis\u00e3o de Investiga\u00e7\u00e3o Criminal (DIC) recebeu uma Medalha de agradecimento pelos servi\u00e7os prestados, uma vez que passar\u00e1 a exercer suas atividades profissionais na Delegacia de Homic\u00eddios da Capital.<\/p><p>Na solenidade foram destacadas e homenageadas as seguintes institui\u00e7\u00f5es: Estaleiro Schaefer Yachts; Ventisol Ind\u00fastria e Com\u00e9rcio; CCS &#8211; Servi\u00e7os e Com\u00e9rcio de Sistemas de Comunica\u00e7\u00e3o e Seguran\u00e7a e Sinasc &#8211; Sinaliza\u00e7\u00e3o e Conserva\u00e7\u00e3o de Rodovias; ACIP de Palho\u00e7a; AM Constru\u00e7\u00f5es Incorpora\u00e7\u00f5es; Camel\u00e3o de Palho\u00e7a; CDL de Palho\u00e7a; Dirce Heiderscheidt; Grupo Emanoel Construtora e Empreiteira; Grupo Pedra Branca; Haline dos Santos; Jotas Empreendimentos; Shopping Via Catarina; Unopar (Unidade Palho\u00e7a) e Unisul (Pedra Branca).<span style=\"font-family: var( --e-global-typography-primary-font-family ), Sans-serif; font-size: var( --e-global-typography-primary-font-size ); font-weight: var( --e-global-typography-primary-font-weight ); letter-spacing: var( --e-global-typography-primary-letter-spacing );\">&nbsp;<\/span><\/p><p>Das institui\u00e7\u00f5es p\u00fablicas, destaque para a C\u00e2mara Municipal de Palho\u00e7a; Conseg; Corpo de Bombeiros de Palho\u00e7a; Detran, MPSC, OAB &#8211; Subse\u00e7\u00e3o Palho\u00e7a, Poder Judici\u00e1rio, Pol\u00edcia Cientifica, Pol\u00edcia Militar, Pol\u00edcia Penal, Prefeituras de Palho\u00e7a e Santo Amaro da Imperatriz; e Secretaria da Seguran\u00e7a P\u00fablica.<\/p>\t\t\t\t\t\t\t\t<\/div>\n\t\t\t\t<\/div>\n\t\t\t\t\t<\/div>\n\t\t<\/div>\n\t\t\t\t\t<\/div>\n\t\t<\/section>\n\t\t\t\t<section class=\"elementor-section elementor-top-section elementor-element elementor-element-418b563 elementor-section-boxed elementor-section-height-default elementor-section-height-default\" data-id=\"418b563\" data-element_type=\"section\">\n\t\t\t\t\t\t<div class=\"elementor-container elementor-column-gap-default\">\n\t\t\t\t\t<div class=\"elementor-column elementor-col-100 elementor-top-column elementor-element elementor-element-59af19d\" data-id=\"59af19d\" data-element_type=\"column\">\n\t\t\t<div class=\"elementor-widget-wrap elementor-element-populated\">\n\t\t\t\t\t\t<div class=\"elementor-element elementor-element-7987b61 elementor--h-position-center elementor--v-position-middle elementor-arrows-position-inside elementor-pagination-position-inside elementor-widget elementor-widget-slides\" data-id=\"7987b61\" data-element_type=\"widget\" data-settings=\"{&quot;navigation&quot;:&quot;both&quot;,&quot;autoplay&quot;:&quot;yes&quot;,&quot;pause_on_hover&quot;:&quot;yes&quot;,&quot;pause_on_interaction&quot;:&quot;yes&quot;,&quot;autoplay_speed&quot;:5000,&quot;infinite&quot;:&quot;yes&quot;,&quot;transition&quot;:&quot;slide&quot;,&quot;transition_speed&quot;:500}\" data-widget_type=\"slides.default\">\n\t\t\t\t<div class=\"elementor-widget-container\">\n\t\t\t\t\t\t\t\t\t<div class=\"elementor-swiper\">\n\t\t\t\t\t<div class=\"elementor-slides-wrapper elementor-main-swiper swiper\" role=\"region\" aria-roledescription=\"carousel\" aria-label=\"Slides\" dir=\"ltr\" data-animation=\"fadeInUp\">\n\t\t\t\t<div class=\"swiper-wrapper elementor-slides\">\n\t\t\t\t\t\t\t\t\t\t<div class=\"elementor-repeater-item-aff72db swiper-slide\" role=\"group\" aria-roledescription=\"slide\"><div class=\"swiper-slide-bg\" role=\"img\" aria-label=\"DSC_0097\"><\/div><div class=\"swiper-slide-inner\" ><div class=\"swiper-slide-contents\"><\/div><\/div><\/div><div class=\"elementor-repeater-item-effc189 swiper-slide\" role=\"group\" aria-roledescription=\"slide\"><div class=\"swiper-slide-bg\" role=\"img\" aria-label=\"DSC_0072\"><\/div><div class=\"swiper-slide-inner\" ><div class=\"swiper-slide-contents\"><\/div><\/div><\/div><div class=\"elementor-repeater-item-eb17621 swiper-slide\" role=\"group\" aria-roledescription=\"slide\"><div class=\"swiper-slide-bg\" role=\"img\" aria-label=\"DSC_0071\"><\/div><div class=\"swiper-slide-inner\" ><div class=\"swiper-slide-contents\"><\/div><\/div><\/div>\t\t\t\t<\/div>\n\t\t\t\t\t\t\t\t\t\t\t\t\t\t\t<div class=\"elementor-swiper-button elementor-swiper-button-prev\" role=\"button\" tabindex=\"0\" aria-label=\"Previous slide\">\n\t\t\t\t\t\t\t<i aria-hidden=\"true\" class=\"eicon-chevron-left\"><\/i>\t\t\t\t\t\t<\/div>\n\t\t\t\t\t\t<div class=\"elementor-swiper-button elementor-swiper-button-next\" role=\"button\" tabindex=\"0\" aria-label=\"Next slide\">\n\t\t\t\t\t\t\t<i aria-hidden=\"true\" class=\"eicon-chevron-right\"><\/i>\t\t\t\t\t\t<\/div>\n\t\t\t\t\t\t\t\t\t\t\t\t\t\t\t\t<div class=\"swiper-pagination\"><\/div>\n\t\t\t\t\t\t\t\t\t\t\t\t<\/div>\n\t\t\t\t<\/div>\n\t\t\t\t\t\t\t\t<\/div>\n\t\t\t\t<\/div>\n\t\t\t\t\t<\/div>\n\t\t<\/div>\n\t\t\t\t\t<\/div>\n\t\t<\/section>\n\t\t\t\t<\/div>\n\t\t","protected":false},"excerpt":{"rendered":"<p>Pol\u00edcia Civil realiza solenidade para agradecer institui\u00e7\u00f5es que apoiam a Delegacia Regional de Palho\u00e7a A Pol\u00edcia Civil de Santa Catarina, por meio da Delegacia Regional de Pol\u00edcia (DRP) de Palho\u00e7a, realizou nesta ter\u00e7a-feira (01), uma solenidade para agradecer a institui\u00e7\u00f5es p\u00fablicas e privadas que v\u00eam apoiando as a\u00e7\u00f5es e demandas da PCSC na \u00e1rea de [&hellip;]<\/p>\n","protected":false},"author":5,"featured_media":12074,"comment_status":"closed","ping_status":"open","sticky":false,"template":"","format":"standard","meta":{"_monsterinsights_skip_tracking":false,"_monsterinsights_sitenote_active":false,"_monsterinsights_sitenote_note":"","_monsterinsights_sitenote_category":0,"footnotes":""},"categories":[1],"tags":[],"class_list":["post-12093","post","type-post","status-publish","format-standard","has-post-thumbnail","hentry","category-sem-categoria"],"_links":{"self":[{"href":"https:\/\/pc.sc.gov.br\/index.php?rest_route=\/wp\/v2\/posts\/12093","targetHints":{"allow":["GET"]}}],"collection":[{"href":"https:\/\/pc.sc.gov.br\/index.php?rest_route=\/wp\/v2\/posts"}],"about":[{"href":"https:\/\/pc.sc.gov.br\/index.php?rest_route=\/wp\/v2\/types\/post"}],"author":[{"embeddable":true,"href":"https:\/\/pc.sc.gov.br\/index.php?rest_route=\/wp\/v2\/users\/5"}],"replies":[{"embeddable":true,"href":"https:\/\/pc.sc.gov.br\/index.php?rest_route=%2Fwp%2Fv2%2Fcomments&post=12093"}],"version-history":[{"count":5,"href":"https:\/\/pc.sc.gov.br\/index.php?rest_route=\/wp\/v2\/posts\/12093\/revisions"}],"predecessor-version":[{"id":12102,"href":"https:\/\/pc.sc.gov.br\/index.php?rest_route=\/wp\/v2\/posts\/12093\/revisions\/12102"}],"wp:featuredmedia":[{"embeddable":true,"href":"https:\/\/pc.sc.gov.br\/index.php?rest_route=\/wp\/v2\/media\/12074"}],"wp:attachment":[{"href":"https:\/\/pc.sc.gov.br\/index.php?rest_route=%2Fwp%2Fv2%2Fmedia&parent=12093"}],"wp:term":[{"taxonomy":"category","embeddable":true,"href":"https:\/\/pc.sc.gov.br\/index.php?rest_route=%2Fwp%2Fv2%2Fcategories&post=12093"},{"taxonomy":"post_tag","embeddable":true,"href":"https:\/\/pc.sc.gov.br\/index.php?rest_route=%2Fwp%2Fv2%2Ftags&post=12093"}],"curies":[{"name":"wp","href":"https:\/\/api.w.org\/{rel}","templated":true}]}}