{"id":12103,"date":"2023-08-02T13:36:16","date_gmt":"2023-08-02T16:36:16","guid":{"rendered":"https:\/\/pc.sc.gov.br\/?p=12103"},"modified":"2023-08-02T13:38:21","modified_gmt":"2023-08-02T16:38:21","slug":"na-capital-delegacia-de-capturas-da-deic-prende-homem-investigado-por-envolvimento-em-diversos-homicidios-no-estado-do-para","status":"publish","type":"post","link":"https:\/\/pc.sc.gov.br\/?p=12103","title":{"rendered":"Na Capital, Delegacia de Capturas da Deic prende homem investigado por envolvimento em diversos homic\u00eddios no estado do Par\u00e1"},"content":{"rendered":"\t\t<div data-elementor-type=\"wp-post\" data-elementor-id=\"12103\" class=\"elementor elementor-12103\" data-elementor-post-type=\"post\">\n\t\t\t\t\t\t<section class=\"elementor-section elementor-top-section elementor-element elementor-element-9fa1214 elementor-section-boxed elementor-section-height-default elementor-section-height-default\" data-id=\"9fa1214\" data-element_type=\"section\">\n\t\t\t\t\t\t<div class=\"elementor-container elementor-column-gap-default\">\n\t\t\t\t\t<div class=\"elementor-column elementor-col-100 elementor-top-column elementor-element elementor-element-9e91ce6\" data-id=\"9e91ce6\" data-element_type=\"column\">\n\t\t\t<div class=\"elementor-widget-wrap elementor-element-populated\">\n\t\t\t\t\t\t<div class=\"elementor-element elementor-element-d49631c elementor-widget elementor-widget-heading\" data-id=\"d49631c\" data-element_type=\"widget\" data-widget_type=\"heading.default\">\n\t\t\t\t<div class=\"elementor-widget-container\">\n\t\t\t\t\t<h2 class=\"elementor-heading-title elementor-size-default\">Na Capital, Delegacia de Capturas da Deic prende homem investigado por envolvimento em diversos homic\u00eddios no estado do Par\u00e1<\/h2>\t\t\t\t<\/div>\n\t\t\t\t<\/div>\n\t\t\t\t\t<\/div>\n\t\t<\/div>\n\t\t\t\t\t<\/div>\n\t\t<\/section>\n\t\t\t\t<section class=\"elementor-section elementor-top-section elementor-element elementor-element-1bd6f01 elementor-section-boxed elementor-section-height-default elementor-section-height-default\" data-id=\"1bd6f01\" data-element_type=\"section\">\n\t\t\t\t\t\t<div class=\"elementor-container elementor-column-gap-default\">\n\t\t\t\t\t<div class=\"elementor-column elementor-col-100 elementor-top-column elementor-element elementor-element-f124825\" data-id=\"f124825\" data-element_type=\"column\">\n\t\t\t<div class=\"elementor-widget-wrap elementor-element-populated\">\n\t\t\t\t\t\t<div class=\"elementor-element elementor-element-d443c55 elementor-widget elementor-widget-text-editor\" data-id=\"d443c55\" data-element_type=\"widget\" data-widget_type=\"text-editor.default\">\n\t\t\t\t<div class=\"elementor-widget-container\">\n\t\t\t\t\t\t\t\t\t<p>Na ter\u00e7a-feira (1), a Pol\u00edcia Civil de Santa Catarina, por meio da Delegacia de Capturas da Diretoria Estadual de Investiga\u00e7\u00f5es Criminais (DECAP-DEIC), prendeu um foragido do estado do Par\u00e1 em Florian\u00f3polis. O homem \u00e9 investigado pela Pol\u00edcia Civil paraense por integrar mil\u00edcias naquele estado, tendo envolvimento em diversos homic\u00eddios.<\/p><p>Ap\u00f3s solicita\u00e7\u00e3o de apoio operacional para localiza\u00e7\u00e3o e pris\u00e3o do foragido, feita por meio da Diretoria de Intelig\u00eancia da Pol\u00edcia Civil (DIPC) e da DEIC, foram realizadas diversas dilig\u00eancias em conjunto com equipe da Delegacia de Homic\u00eddios de Bel\u00e9m (PA), quando foi poss\u00edvel descobrir o paradeiro do homem.<\/p><p>Assim, policiais civis da DECAP\/DEIC, da DIPC e da Delegacia de Homic\u00eddios de Bel\u00e9m deslocaram-se at\u00e9 o local onde o homem foi localizado e preso. A DECAP-DEIC refor\u00e7a seu compromisso em prol da seguran\u00e7a da sociedade catarinense.<\/p><p>Den\u00fancias e informa\u00e7\u00f5es relacionadas a foragidos da Justi\u00e7a podem ser encaminhadas para o e-mail deic-capturas@pc.sc.gov.br. O anonimato \u00e9 garantido.<\/p>\t\t\t\t\t\t\t\t<\/div>\n\t\t\t\t<\/div>\n\t\t\t\t\t<\/div>\n\t\t<\/div>\n\t\t\t\t\t<\/div>\n\t\t<\/section>\n\t\t\t\t<section class=\"elementor-section elementor-top-section elementor-element elementor-element-1a412c4 elementor-section-boxed elementor-section-height-default elementor-section-height-default\" data-id=\"1a412c4\" data-element_type=\"section\">\n\t\t\t\t\t\t<div class=\"elementor-container elementor-column-gap-default\">\n\t\t\t\t\t<div class=\"elementor-column elementor-col-100 elementor-top-column elementor-element elementor-element-90898ad\" data-id=\"90898ad\" data-element_type=\"column\">\n\t\t\t<div class=\"elementor-widget-wrap elementor-element-populated\">\n\t\t\t\t\t\t<div class=\"elementor-element elementor-element-a0c8dd6 elementor-widget elementor-widget-image\" data-id=\"a0c8dd6\" data-element_type=\"widget\" data-widget_type=\"image.default\">\n\t\t\t\t<div class=\"elementor-widget-container\">\n\t\t\t\t\t\t\t\t\t\t\t\t\t\t\t<img fetchpriority=\"high\" decoding=\"async\" width=\"696\" height=\"521\" src=\"https:\/\/pc.sc.gov.br\/\/wp-content\/uploads\/2023\/08\/WhatsApp-Image-2022-12-20-at-11.07.13-768x575-1.jpeg\" class=\"attachment-large size-large wp-image-12104\" alt=\"\" srcset=\"https:\/\/pc.sc.gov.br\/\/wp-content\/uploads\/2023\/08\/WhatsApp-Image-2022-12-20-at-11.07.13-768x575-1.jpeg 768w, https:\/\/pc.sc.gov.br\/\/wp-content\/uploads\/2023\/08\/WhatsApp-Image-2022-12-20-at-11.07.13-768x575-1-300x225.jpeg 300w\" sizes=\"(max-width: 696px) 100vw, 696px\" \/>\t\t\t\t\t\t\t\t\t\t\t\t\t\t\t<\/div>\n\t\t\t\t<\/div>\n\t\t\t\t\t<\/div>\n\t\t<\/div>\n\t\t\t\t\t<\/div>\n\t\t<\/section>\n\t\t\t\t<\/div>\n\t\t","protected":false},"excerpt":{"rendered":"<p>Na Capital, Delegacia de Capturas da Deic prende homem investigado por envolvimento em diversos homic\u00eddios no estado do Par\u00e1 Na ter\u00e7a-feira (1), a Pol\u00edcia Civil de Santa Catarina, por meio da Delegacia de Capturas da Diretoria Estadual de Investiga\u00e7\u00f5es Criminais (DECAP-DEIC), prendeu um foragido do estado do Par\u00e1 em Florian\u00f3polis. O homem \u00e9 investigado pela [&hellip;]<\/p>\n","protected":false},"author":5,"featured_media":12104,"comment_status":"closed","ping_status":"open","sticky":false,"template":"","format":"standard","meta":{"_monsterinsights_skip_tracking":false,"_monsterinsights_sitenote_active":false,"_monsterinsights_sitenote_note":"","_monsterinsights_sitenote_category":0,"footnotes":""},"categories":[1],"tags":[],"class_list":["post-12103","post","type-post","status-publish","format-standard","has-post-thumbnail","hentry","category-sem-categoria"],"_links":{"self":[{"href":"https:\/\/pc.sc.gov.br\/index.php?rest_route=\/wp\/v2\/posts\/12103","targetHints":{"allow":["GET"]}}],"collection":[{"href":"https:\/\/pc.sc.gov.br\/index.php?rest_route=\/wp\/v2\/posts"}],"about":[{"href":"https:\/\/pc.sc.gov.br\/index.php?rest_route=\/wp\/v2\/types\/post"}],"author":[{"embeddable":true,"href":"https:\/\/pc.sc.gov.br\/index.php?rest_route=\/wp\/v2\/users\/5"}],"replies":[{"embeddable":true,"href":"https:\/\/pc.sc.gov.br\/index.php?rest_route=%2Fwp%2Fv2%2Fcomments&post=12103"}],"version-history":[{"count":4,"href":"https:\/\/pc.sc.gov.br\/index.php?rest_route=\/wp\/v2\/posts\/12103\/revisions"}],"predecessor-version":[{"id":12108,"href":"https:\/\/pc.sc.gov.br\/index.php?rest_route=\/wp\/v2\/posts\/12103\/revisions\/12108"}],"wp:featuredmedia":[{"embeddable":true,"href":"https:\/\/pc.sc.gov.br\/index.php?rest_route=\/wp\/v2\/media\/12104"}],"wp:attachment":[{"href":"https:\/\/pc.sc.gov.br\/index.php?rest_route=%2Fwp%2Fv2%2Fmedia&parent=12103"}],"wp:term":[{"taxonomy":"category","embeddable":true,"href":"https:\/\/pc.sc.gov.br\/index.php?rest_route=%2Fwp%2Fv2%2Fcategories&post=12103"},{"taxonomy":"post_tag","embeddable":true,"href":"https:\/\/pc.sc.gov.br\/index.php?rest_route=%2Fwp%2Fv2%2Ftags&post=12103"}],"curies":[{"name":"wp","href":"https:\/\/api.w.org\/{rel}","templated":true}]}}