{"id":12115,"date":"2023-08-02T14:13:44","date_gmt":"2023-08-02T17:13:44","guid":{"rendered":"https:\/\/pc.sc.gov.br\/?p=12115"},"modified":"2023-08-02T15:33:23","modified_gmt":"2023-08-02T18:33:23","slug":"policia-civil-realiza-operacao-que-investiga-roubo-armado-ocorrido-em-joalheria-de-criciuma","status":"publish","type":"post","link":"https:\/\/pc.sc.gov.br\/?p=12115","title":{"rendered":"Pol\u00edcia Civil realiza opera\u00e7\u00e3o que investiga roubo armado ocorrido em joalheria de Crici\u00fama"},"content":{"rendered":"\t\t<div data-elementor-type=\"wp-post\" data-elementor-id=\"12115\" class=\"elementor elementor-12115\" data-elementor-post-type=\"post\">\n\t\t\t\t\t\t<section class=\"elementor-section elementor-top-section elementor-element elementor-element-a390408 elementor-section-boxed elementor-section-height-default elementor-section-height-default\" data-id=\"a390408\" data-element_type=\"section\">\n\t\t\t\t\t\t<div class=\"elementor-container elementor-column-gap-default\">\n\t\t\t\t\t<div class=\"elementor-column elementor-col-100 elementor-top-column elementor-element elementor-element-ed0d47b\" data-id=\"ed0d47b\" data-element_type=\"column\">\n\t\t\t<div class=\"elementor-widget-wrap elementor-element-populated\">\n\t\t\t\t\t\t<div class=\"elementor-element elementor-element-27d3468 elementor-widget elementor-widget-heading\" data-id=\"27d3468\" data-element_type=\"widget\" data-widget_type=\"heading.default\">\n\t\t\t\t<div class=\"elementor-widget-container\">\n\t\t\t\t\t<h2 class=\"elementor-heading-title elementor-size-default\">Pol\u00edcia Civil realiza opera\u00e7\u00e3o que investiga roubo armado ocorrido em joalheria de Crici\u00fama<\/h2>\t\t\t\t<\/div>\n\t\t\t\t<\/div>\n\t\t\t\t\t<\/div>\n\t\t<\/div>\n\t\t\t\t\t<\/div>\n\t\t<\/section>\n\t\t\t\t<section class=\"elementor-section elementor-top-section elementor-element elementor-element-f65da8b elementor-section-boxed elementor-section-height-default elementor-section-height-default\" data-id=\"f65da8b\" data-element_type=\"section\">\n\t\t\t\t\t\t<div class=\"elementor-container elementor-column-gap-default\">\n\t\t\t\t\t<div class=\"elementor-column elementor-col-100 elementor-top-column elementor-element elementor-element-08478ce\" data-id=\"08478ce\" data-element_type=\"column\">\n\t\t\t<div class=\"elementor-widget-wrap elementor-element-populated\">\n\t\t\t\t\t\t<div class=\"elementor-element elementor-element-7881116 elementor-widget elementor-widget-image\" data-id=\"7881116\" data-element_type=\"widget\" data-widget_type=\"image.default\">\n\t\t\t\t<div class=\"elementor-widget-container\">\n\t\t\t\t\t\t\t\t\t\t\t\t\t\t\t<img fetchpriority=\"high\" decoding=\"async\" width=\"696\" height=\"372\" src=\"https:\/\/pc.sc.gov.br\/\/wp-content\/uploads\/2023\/08\/WhatsApp-Image-2023-08-02-at-14.10.42-1024x548.jpeg\" class=\"attachment-large size-large wp-image-12116\" alt=\"\" srcset=\"https:\/\/pc.sc.gov.br\/\/wp-content\/uploads\/2023\/08\/WhatsApp-Image-2023-08-02-at-14.10.42-1024x548.jpeg 1024w, https:\/\/pc.sc.gov.br\/\/wp-content\/uploads\/2023\/08\/WhatsApp-Image-2023-08-02-at-14.10.42-300x161.jpeg 300w, https:\/\/pc.sc.gov.br\/\/wp-content\/uploads\/2023\/08\/WhatsApp-Image-2023-08-02-at-14.10.42-768x411.jpeg 768w, https:\/\/pc.sc.gov.br\/\/wp-content\/uploads\/2023\/08\/WhatsApp-Image-2023-08-02-at-14.10.42-1536x822.jpeg 1536w, https:\/\/pc.sc.gov.br\/\/wp-content\/uploads\/2023\/08\/WhatsApp-Image-2023-08-02-at-14.10.42.jpeg 1600w\" sizes=\"(max-width: 696px) 100vw, 696px\" \/>\t\t\t\t\t\t\t\t\t\t\t\t\t\t\t<\/div>\n\t\t\t\t<\/div>\n\t\t\t\t\t<\/div>\n\t\t<\/div>\n\t\t\t\t\t<\/div>\n\t\t<\/section>\n\t\t\t\t<section class=\"elementor-section elementor-top-section elementor-element elementor-element-3f5104e elementor-section-boxed elementor-section-height-default elementor-section-height-default\" data-id=\"3f5104e\" data-element_type=\"section\">\n\t\t\t\t\t\t<div class=\"elementor-container elementor-column-gap-default\">\n\t\t\t\t\t<div class=\"elementor-column elementor-col-100 elementor-top-column elementor-element elementor-element-6560c21\" data-id=\"6560c21\" data-element_type=\"column\">\n\t\t\t<div class=\"elementor-widget-wrap elementor-element-populated\">\n\t\t\t\t\t\t<div class=\"elementor-element elementor-element-139892f elementor-widget elementor-widget-text-editor\" data-id=\"139892f\" data-element_type=\"widget\" data-widget_type=\"text-editor.default\">\n\t\t\t\t<div class=\"elementor-widget-container\">\n\t\t\t\t\t\t\t\t\t<p>Nesta quarta-feira (2), a Pol\u00edcia Civil de Santa Catarina, por meio da Divis\u00e3o de Investiga\u00e7\u00e3o Criminal de Crici\u00fama, deflagrou a opera\u00e7\u00e3o &#8220;Tomahawk&#8221; e cumpriu onze ordens judiciais, sendo sete mandados de busca e apreens\u00e3o e quatro de pris\u00f5es preventivas, nas cidades de Porto Alegre, Cachoeirinha e Cap\u00e3o da Canoa, todas no estado do Rio Grande do Sul. A a\u00e7\u00e3o \u00e9 decorrente de investiga\u00e7\u00e3o de<span style=\"font-family: var( --e-global-typography-primary-font-family ), Sans-serif; font-size: var( --e-global-typography-primary-font-size ); font-weight: var( --e-global-typography-primary-font-weight ); letter-spacing: -0.2px;\">&nbsp;um roubo armado, que aconteceu em janeiro deste ano em uma joalheria de um shopping em Crici\u00fama.<\/span><span style=\"font-family: var( --e-global-typography-primary-font-family ), Sans-serif; font-size: var( --e-global-typography-primary-font-size ); font-weight: var( --e-global-typography-primary-font-weight ); letter-spacing: var( --e-global-typography-primary-letter-spacing );\">&nbsp;<\/span><\/p>\n<p>Cinco integrantes do grupo criminoso foram identificados. Um deles foi preso no dia do crime. Nesta quarta-feira (2), duas pessoas foram presas no cumprimento de mandado de pris\u00e3o preventiva em Cachoeirinha e Cap\u00e3o da Canoa. Outros dois continuam foragidos.&nbsp;<\/p>\n<p>Al\u00e9m disso, nesta quarta-feira (2), ocorreu uma pris\u00e3o em flagrante em Cap\u00e3o da Canoa. Na ocasi\u00e3o, duas armas foram apreendidas com numera\u00e7\u00e3o suprimida e muni\u00e7\u00f5es.<span style=\"font-family: var( --e-global-typography-primary-font-family ), Sans-serif; font-size: var( --e-global-typography-primary-font-size ); font-weight: var( --e-global-typography-primary-font-weight ); letter-spacing: var( --e-global-typography-primary-letter-spacing );\">&nbsp;<\/span><\/p>\n<p>No total, participaram da opera\u00e7\u00e3o 60 policiais civis catarinenses das regionais de Crici\u00fama, Laguna e Ararangu\u00e1; da DRAS e da DRACO, ambas da DEIC; da DECOR de Tubar\u00e3o; da DGPC; da CORE e do K9 NOC Crici\u00fama.<\/p>\t\t\t\t\t\t\t\t<\/div>\n\t\t\t\t<\/div>\n\t\t\t\t\t<\/div>\n\t\t<\/div>\n\t\t\t\t\t<\/div>\n\t\t<\/section>\n\t\t\t\t<\/div>\n\t\t","protected":false},"excerpt":{"rendered":"<p>Pol\u00edcia Civil realiza opera\u00e7\u00e3o que investiga roubo armado ocorrido em joalheria de Crici\u00fama Nesta quarta-feira (2), a Pol\u00edcia Civil de Santa Catarina, por meio da Divis\u00e3o de Investiga\u00e7\u00e3o Criminal de Crici\u00fama, deflagrou a opera\u00e7\u00e3o &#8220;Tomahawk&#8221; e cumpriu onze ordens judiciais, sendo sete mandados de busca e apreens\u00e3o e quatro de pris\u00f5es preventivas, nas cidades de [&hellip;]<\/p>\n","protected":false},"author":5,"featured_media":12116,"comment_status":"closed","ping_status":"open","sticky":false,"template":"","format":"standard","meta":{"_monsterinsights_skip_tracking":false,"_monsterinsights_sitenote_active":false,"_monsterinsights_sitenote_note":"","_monsterinsights_sitenote_category":0,"footnotes":""},"categories":[1],"tags":[],"class_list":["post-12115","post","type-post","status-publish","format-standard","has-post-thumbnail","hentry","category-sem-categoria"],"_links":{"self":[{"href":"https:\/\/pc.sc.gov.br\/index.php?rest_route=\/wp\/v2\/posts\/12115","targetHints":{"allow":["GET"]}}],"collection":[{"href":"https:\/\/pc.sc.gov.br\/index.php?rest_route=\/wp\/v2\/posts"}],"about":[{"href":"https:\/\/pc.sc.gov.br\/index.php?rest_route=\/wp\/v2\/types\/post"}],"author":[{"embeddable":true,"href":"https:\/\/pc.sc.gov.br\/index.php?rest_route=\/wp\/v2\/users\/5"}],"replies":[{"embeddable":true,"href":"https:\/\/pc.sc.gov.br\/index.php?rest_route=%2Fwp%2Fv2%2Fcomments&post=12115"}],"version-history":[{"count":19,"href":"https:\/\/pc.sc.gov.br\/index.php?rest_route=\/wp\/v2\/posts\/12115\/revisions"}],"predecessor-version":[{"id":12149,"href":"https:\/\/pc.sc.gov.br\/index.php?rest_route=\/wp\/v2\/posts\/12115\/revisions\/12149"}],"wp:featuredmedia":[{"embeddable":true,"href":"https:\/\/pc.sc.gov.br\/index.php?rest_route=\/wp\/v2\/media\/12116"}],"wp:attachment":[{"href":"https:\/\/pc.sc.gov.br\/index.php?rest_route=%2Fwp%2Fv2%2Fmedia&parent=12115"}],"wp:term":[{"taxonomy":"category","embeddable":true,"href":"https:\/\/pc.sc.gov.br\/index.php?rest_route=%2Fwp%2Fv2%2Fcategories&post=12115"},{"taxonomy":"post_tag","embeddable":true,"href":"https:\/\/pc.sc.gov.br\/index.php?rest_route=%2Fwp%2Fv2%2Ftags&post=12115"}],"curies":[{"name":"wp","href":"https:\/\/api.w.org\/{rel}","templated":true}]}}