{"id":12121,"date":"2023-08-02T14:20:10","date_gmt":"2023-08-02T17:20:10","guid":{"rendered":"https:\/\/pc.sc.gov.br\/?p=12121"},"modified":"2023-08-02T14:21:46","modified_gmt":"2023-08-02T17:21:46","slug":"policia-civil-cumpre-mandados-de-busca-e-apreensao-em-investigacao-de-trafico-de-drogas-em-lages","status":"publish","type":"post","link":"https:\/\/pc.sc.gov.br\/?p=12121","title":{"rendered":"Pol\u00edcia Civil cumpre mandados de busca e apreens\u00e3o em investiga\u00e7\u00e3o de tr\u00e1fico de drogas em Lages"},"content":{"rendered":"\t\t<div data-elementor-type=\"wp-post\" data-elementor-id=\"12121\" class=\"elementor elementor-12121\" data-elementor-post-type=\"post\">\n\t\t\t\t\t\t<section class=\"elementor-section elementor-top-section elementor-element elementor-element-f9d7ff5 elementor-section-boxed elementor-section-height-default elementor-section-height-default\" data-id=\"f9d7ff5\" data-element_type=\"section\">\n\t\t\t\t\t\t<div class=\"elementor-container elementor-column-gap-default\">\n\t\t\t\t\t<div class=\"elementor-column elementor-col-100 elementor-top-column elementor-element elementor-element-47814a0\" data-id=\"47814a0\" data-element_type=\"column\">\n\t\t\t<div class=\"elementor-widget-wrap elementor-element-populated\">\n\t\t\t\t\t\t<div class=\"elementor-element elementor-element-53d6bb9 elementor-widget elementor-widget-heading\" data-id=\"53d6bb9\" data-element_type=\"widget\" data-widget_type=\"heading.default\">\n\t\t\t\t<div class=\"elementor-widget-container\">\n\t\t\t\t\t<h2 class=\"elementor-heading-title elementor-size-default\">Pol\u00edcia Civil cumpre mandados de busca e apreens\u00e3o em investiga\u00e7\u00e3o de tr\u00e1fico de drogas em Lages<\/h2>\t\t\t\t<\/div>\n\t\t\t\t<\/div>\n\t\t\t\t\t<\/div>\n\t\t<\/div>\n\t\t\t\t\t<\/div>\n\t\t<\/section>\n\t\t\t\t<section class=\"elementor-section elementor-top-section elementor-element elementor-element-ef7daa6 elementor-section-boxed elementor-section-height-default elementor-section-height-default\" data-id=\"ef7daa6\" data-element_type=\"section\">\n\t\t\t\t\t\t<div class=\"elementor-container elementor-column-gap-default\">\n\t\t\t\t\t<div class=\"elementor-column elementor-col-100 elementor-top-column elementor-element elementor-element-cf9f855\" data-id=\"cf9f855\" data-element_type=\"column\">\n\t\t\t<div class=\"elementor-widget-wrap elementor-element-populated\">\n\t\t\t\t\t\t<div class=\"elementor-element elementor-element-161b203 elementor-widget elementor-widget-image\" data-id=\"161b203\" data-element_type=\"widget\" data-widget_type=\"image.default\">\n\t\t\t\t<div class=\"elementor-widget-container\">\n\t\t\t\t\t\t\t\t\t\t\t\t\t\t\t<img fetchpriority=\"high\" decoding=\"async\" width=\"696\" height=\"928\" src=\"https:\/\/pc.sc.gov.br\/\/wp-content\/uploads\/2023\/08\/WhatsApp-Image-2023-08-02-at-14.18.08-1-768x1024.jpeg\" class=\"attachment-large size-large wp-image-12122\" alt=\"\" srcset=\"https:\/\/pc.sc.gov.br\/\/wp-content\/uploads\/2023\/08\/WhatsApp-Image-2023-08-02-at-14.18.08-1-768x1024.jpeg 768w, https:\/\/pc.sc.gov.br\/\/wp-content\/uploads\/2023\/08\/WhatsApp-Image-2023-08-02-at-14.18.08-1-225x300.jpeg 225w, https:\/\/pc.sc.gov.br\/\/wp-content\/uploads\/2023\/08\/WhatsApp-Image-2023-08-02-at-14.18.08-1-1152x1536.jpeg 1152w, https:\/\/pc.sc.gov.br\/\/wp-content\/uploads\/2023\/08\/WhatsApp-Image-2023-08-02-at-14.18.08-1.jpeg 1200w\" sizes=\"(max-width: 696px) 100vw, 696px\" \/>\t\t\t\t\t\t\t\t\t\t\t\t\t\t\t<\/div>\n\t\t\t\t<\/div>\n\t\t\t\t\t<\/div>\n\t\t<\/div>\n\t\t\t\t\t<\/div>\n\t\t<\/section>\n\t\t\t\t<section class=\"elementor-section elementor-top-section elementor-element elementor-element-b4de22d elementor-section-boxed elementor-section-height-default elementor-section-height-default\" data-id=\"b4de22d\" data-element_type=\"section\">\n\t\t\t\t\t\t<div class=\"elementor-container elementor-column-gap-default\">\n\t\t\t\t\t<div class=\"elementor-column elementor-col-100 elementor-top-column elementor-element elementor-element-f5d84db\" data-id=\"f5d84db\" data-element_type=\"column\">\n\t\t\t<div class=\"elementor-widget-wrap elementor-element-populated\">\n\t\t\t\t\t\t<div class=\"elementor-element elementor-element-300a228 elementor-widget elementor-widget-text-editor\" data-id=\"300a228\" data-element_type=\"widget\" data-widget_type=\"text-editor.default\">\n\t\t\t\t<div class=\"elementor-widget-container\">\n\t\t\t\t\t\t\t\t\t<p>Nesta quarta-feira (2), a Pol\u00edcia Civil de Santa Catarina, por meio da Divis\u00e3o de investiga\u00e7\u00e3o Criminal de Lages, com apoio do N\u00facleo de Opera\u00e7\u00f5es com C\u00e3es de Lages, cumpriu mandados de busca e apreens\u00e3o contra investigados pela pr\u00e1tica de tr\u00e1fico de drogas no bairro Guaruj\u00e1, em Lages.<\/p><p>As investiga\u00e7\u00f5es iniciaram ap\u00f3s den\u00fancias recebidas pela Pol\u00edcia Civil relatando tr\u00e1fico de rogas praticado por meio de \u201cdelivery\u201d, no qual, para evitar serem flagrados por policiais, traficantes fazem a entrega da droga em locais predeterminados para seus \u201cclientes\u201d.<span style=\"font-family: var( --e-global-typography-primary-font-family ), Sans-serif; font-size: var( --e-global-typography-primary-font-size ); font-weight: var( --e-global-typography-primary-font-weight ); letter-spacing: var( --e-global-typography-primary-letter-spacing );\">&nbsp;<\/span><\/p><p>Identificado o investigado, foi representado pela expedi\u00e7\u00e3o de mandados de busca e apreens\u00e3o. Ap\u00f3s o pedido ter sido deferido, foi desencadeada opera\u00e7\u00e3o para desarticular o esquema de tr\u00e1fico. No local, foram apreendidos dinheiro e um ve\u00edculo, usado para fazer o transporte e as entregas do entorpecente, e drogas.<span style=\"font-family: var( --e-global-typography-primary-font-family ), Sans-serif; font-size: var( --e-global-typography-primary-font-size ); font-weight: var( --e-global-typography-primary-font-weight ); letter-spacing: var( --e-global-typography-primary-letter-spacing );\">&nbsp;<\/span><\/p><p>Um homem foi preso e conduzido para a Divis\u00e3o de investiga\u00e7\u00e3o Criminal, onde foi interrogado e confessou a pr\u00e1tica do crime. Ele foi autuado em flagrante por tr\u00e1fico de drogas.<span style=\"font-family: var( --e-global-typography-primary-font-family ), Sans-serif; font-size: var( --e-global-typography-primary-font-size ); font-weight: var( --e-global-typography-primary-font-weight ); letter-spacing: var( --e-global-typography-primary-letter-spacing );\">&nbsp;<\/span><\/p><p>Formalizados os procedimentos legais, o homem foi encaminhado para o Sistema Penitenci\u00e1rio, onde ficar\u00e1 \u00e0 disposi\u00e7\u00e3o da Justi\u00e7a.<\/p>\t\t\t\t\t\t\t\t<\/div>\n\t\t\t\t<\/div>\n\t\t\t\t\t<\/div>\n\t\t<\/div>\n\t\t\t\t\t<\/div>\n\t\t<\/section>\n\t\t\t\t<\/div>\n\t\t","protected":false},"excerpt":{"rendered":"<p>Pol\u00edcia Civil cumpre mandados de busca e apreens\u00e3o em investiga\u00e7\u00e3o de tr\u00e1fico de drogas em Lages Nesta quarta-feira (2), a Pol\u00edcia Civil de Santa Catarina, por meio da Divis\u00e3o de investiga\u00e7\u00e3o Criminal de Lages, com apoio do N\u00facleo de Opera\u00e7\u00f5es com C\u00e3es de Lages, cumpriu mandados de busca e apreens\u00e3o contra investigados pela pr\u00e1tica de [&hellip;]<\/p>\n","protected":false},"author":5,"featured_media":12122,"comment_status":"closed","ping_status":"open","sticky":false,"template":"","format":"standard","meta":{"_monsterinsights_skip_tracking":false,"_monsterinsights_sitenote_active":false,"_monsterinsights_sitenote_note":"","_monsterinsights_sitenote_category":0,"footnotes":""},"categories":[1],"tags":[],"class_list":["post-12121","post","type-post","status-publish","format-standard","has-post-thumbnail","hentry","category-sem-categoria"],"_links":{"self":[{"href":"https:\/\/pc.sc.gov.br\/index.php?rest_route=\/wp\/v2\/posts\/12121","targetHints":{"allow":["GET"]}}],"collection":[{"href":"https:\/\/pc.sc.gov.br\/index.php?rest_route=\/wp\/v2\/posts"}],"about":[{"href":"https:\/\/pc.sc.gov.br\/index.php?rest_route=\/wp\/v2\/types\/post"}],"author":[{"embeddable":true,"href":"https:\/\/pc.sc.gov.br\/index.php?rest_route=\/wp\/v2\/users\/5"}],"replies":[{"embeddable":true,"href":"https:\/\/pc.sc.gov.br\/index.php?rest_route=%2Fwp%2Fv2%2Fcomments&post=12121"}],"version-history":[{"count":4,"href":"https:\/\/pc.sc.gov.br\/index.php?rest_route=\/wp\/v2\/posts\/12121\/revisions"}],"predecessor-version":[{"id":12126,"href":"https:\/\/pc.sc.gov.br\/index.php?rest_route=\/wp\/v2\/posts\/12121\/revisions\/12126"}],"wp:featuredmedia":[{"embeddable":true,"href":"https:\/\/pc.sc.gov.br\/index.php?rest_route=\/wp\/v2\/media\/12122"}],"wp:attachment":[{"href":"https:\/\/pc.sc.gov.br\/index.php?rest_route=%2Fwp%2Fv2%2Fmedia&parent=12121"}],"wp:term":[{"taxonomy":"category","embeddable":true,"href":"https:\/\/pc.sc.gov.br\/index.php?rest_route=%2Fwp%2Fv2%2Fcategories&post=12121"},{"taxonomy":"post_tag","embeddable":true,"href":"https:\/\/pc.sc.gov.br\/index.php?rest_route=%2Fwp%2Fv2%2Ftags&post=12121"}],"curies":[{"name":"wp","href":"https:\/\/api.w.org\/{rel}","templated":true}]}}