{"id":12185,"date":"2023-08-03T13:58:25","date_gmt":"2023-08-03T16:58:25","guid":{"rendered":"https:\/\/pc.sc.gov.br\/?p=12185"},"modified":"2023-08-03T14:00:47","modified_gmt":"2023-08-03T17:00:47","slug":"policia-civil-deflagra-a-operacao-tatu-para-combater-crimes-de-furto-em-itajai","status":"publish","type":"post","link":"https:\/\/pc.sc.gov.br\/?p=12185","title":{"rendered":"Pol\u00edcia Civil deflagra a opera\u00e7\u00e3o &#8220;Tatu&#8221; para combater crimes de furto em Itaja\u00ed"},"content":{"rendered":"\t\t<div data-elementor-type=\"wp-post\" data-elementor-id=\"12185\" class=\"elementor elementor-12185\" data-elementor-post-type=\"post\">\n\t\t\t\t\t\t<section class=\"elementor-section elementor-top-section elementor-element elementor-element-47f0b13 elementor-section-boxed elementor-section-height-default elementor-section-height-default\" data-id=\"47f0b13\" data-element_type=\"section\">\n\t\t\t\t\t\t<div class=\"elementor-container elementor-column-gap-default\">\n\t\t\t\t\t<div class=\"elementor-column elementor-col-100 elementor-top-column elementor-element elementor-element-10edab8\" data-id=\"10edab8\" data-element_type=\"column\">\n\t\t\t<div class=\"elementor-widget-wrap elementor-element-populated\">\n\t\t\t\t\t\t<div class=\"elementor-element elementor-element-dba1494 elementor-widget elementor-widget-heading\" data-id=\"dba1494\" data-element_type=\"widget\" data-widget_type=\"heading.default\">\n\t\t\t\t<div class=\"elementor-widget-container\">\n\t\t\t\t\t<h2 class=\"elementor-heading-title elementor-size-default\">Pol\u00edcia Civil deflagra a opera\u00e7\u00e3o \"Tatu\" para combater crimes de furto em Itaja\u00ed<\/h2>\t\t\t\t<\/div>\n\t\t\t\t<\/div>\n\t\t\t\t\t<\/div>\n\t\t<\/div>\n\t\t\t\t\t<\/div>\n\t\t<\/section>\n\t\t\t\t<section class=\"elementor-section elementor-top-section elementor-element elementor-element-b96c7d5 elementor-section-boxed elementor-section-height-default elementor-section-height-default\" data-id=\"b96c7d5\" data-element_type=\"section\">\n\t\t\t\t\t\t<div class=\"elementor-container elementor-column-gap-default\">\n\t\t\t\t\t<div class=\"elementor-column elementor-col-100 elementor-top-column elementor-element elementor-element-e16aaf2\" data-id=\"e16aaf2\" data-element_type=\"column\">\n\t\t\t<div class=\"elementor-widget-wrap elementor-element-populated\">\n\t\t\t\t\t\t<div class=\"elementor-element elementor-element-42d71ae elementor-widget elementor-widget-image\" data-id=\"42d71ae\" data-element_type=\"widget\" data-widget_type=\"image.default\">\n\t\t\t\t<div class=\"elementor-widget-container\">\n\t\t\t\t\t\t\t\t\t\t\t\t\t\t\t<img fetchpriority=\"high\" decoding=\"async\" width=\"696\" height=\"464\" src=\"https:\/\/pc.sc.gov.br\/\/wp-content\/uploads\/2023\/07\/PCSC-VTR-1024x683.jpg\" class=\"attachment-large size-large wp-image-11715\" alt=\"\" srcset=\"https:\/\/pc.sc.gov.br\/\/wp-content\/uploads\/2023\/07\/PCSC-VTR-1024x683.jpg 1024w, https:\/\/pc.sc.gov.br\/\/wp-content\/uploads\/2023\/07\/PCSC-VTR-300x200.jpg 300w, https:\/\/pc.sc.gov.br\/\/wp-content\/uploads\/2023\/07\/PCSC-VTR-768x512.jpg 768w, https:\/\/pc.sc.gov.br\/\/wp-content\/uploads\/2023\/07\/PCSC-VTR-1536x1024.jpg 1536w, https:\/\/pc.sc.gov.br\/\/wp-content\/uploads\/2023\/07\/PCSC-VTR-2048x1365.jpg 2048w\" sizes=\"(max-width: 696px) 100vw, 696px\" \/>\t\t\t\t\t\t\t\t\t\t\t\t\t\t\t<\/div>\n\t\t\t\t<\/div>\n\t\t\t\t\t<\/div>\n\t\t<\/div>\n\t\t\t\t\t<\/div>\n\t\t<\/section>\n\t\t\t\t<section class=\"elementor-section elementor-top-section elementor-element elementor-element-18d9deb elementor-section-boxed elementor-section-height-default elementor-section-height-default\" data-id=\"18d9deb\" data-element_type=\"section\">\n\t\t\t\t\t\t<div class=\"elementor-container elementor-column-gap-default\">\n\t\t\t\t\t<div class=\"elementor-column elementor-col-100 elementor-top-column elementor-element elementor-element-1f00a32\" data-id=\"1f00a32\" data-element_type=\"column\">\n\t\t\t<div class=\"elementor-widget-wrap elementor-element-populated\">\n\t\t\t\t\t\t<div class=\"elementor-element elementor-element-4b33848 elementor-widget elementor-widget-text-editor\" data-id=\"4b33848\" data-element_type=\"widget\" data-widget_type=\"text-editor.default\">\n\t\t\t\t<div class=\"elementor-widget-container\">\n\t\t\t\t\t\t\t\t\t<p>A Pol\u00edcia Civil de Santa Catarina, por meio do Setor de Investiga\u00e7\u00e3o Criminal (SIC), de Itaja\u00ed deflagrou na quarta-feira (02) a opera\u00e7\u00e3o \u201cTatu\u201d que visa combater a pr\u00e1tica do crime de furto em estabelecimento comercial em bairro nobre do munic\u00edpio de Itaja\u00ed. Foram cumpridos tr\u00eas mandados de busca e apreens\u00e3o em resid\u00eancias localizadas em Itaja\u00ed e Cambori\u00fa quando foram recolhidos objetos pessoais que indicam o cometimento do crime de furto.<\/p><p>A investiga\u00e7\u00e3o come\u00e7ou no final do m\u00eas de maio deste ano, onde um empres\u00e1rio foi v\u00edtima do crime de furto. O estabelecimento j\u00e1 havia sido invadido, em outras duas oportunidades no ano de 2022 sempre por um buraco na parede.<\/p><p>Ap\u00f3s investiga\u00e7\u00e3o realizada pelo SIC de Itaja\u00ed, constatou-se que os investigados atuavam de forma conjunta e sempre praticamente com o mesmo modo de agir, inclusive j\u00e1 respondendo pelo crime de furto tentado no ano de 2020. Os indiv\u00edduos fazem um buraco circular na parede do estabelecimento, por onde entram para o cometimento dos delitos.<\/p><p>A opera\u00e7\u00e3o do SIC de Itaja\u00ed contou com o apoio da DIC de Itaja\u00ed e DLAV\/DEIC.<\/p>\t\t\t\t\t\t\t\t<\/div>\n\t\t\t\t<\/div>\n\t\t\t\t\t<\/div>\n\t\t<\/div>\n\t\t\t\t\t<\/div>\n\t\t<\/section>\n\t\t\t\t<\/div>\n\t\t","protected":false},"excerpt":{"rendered":"<p>Pol\u00edcia Civil deflagra a opera\u00e7\u00e3o &#8220;Tatu&#8221; para combater crimes de furto em Itaja\u00ed A Pol\u00edcia Civil de Santa Catarina, por meio do Setor de Investiga\u00e7\u00e3o Criminal (SIC), de Itaja\u00ed deflagrou na quarta-feira (02) a opera\u00e7\u00e3o \u201cTatu\u201d que visa combater a pr\u00e1tica do crime de furto em estabelecimento comercial em bairro nobre do munic\u00edpio de Itaja\u00ed. [&hellip;]<\/p>\n","protected":false},"author":5,"featured_media":11857,"comment_status":"closed","ping_status":"open","sticky":false,"template":"","format":"standard","meta":{"_monsterinsights_skip_tracking":false,"_monsterinsights_sitenote_active":false,"_monsterinsights_sitenote_note":"","_monsterinsights_sitenote_category":0,"footnotes":""},"categories":[1],"tags":[],"class_list":["post-12185","post","type-post","status-publish","format-standard","has-post-thumbnail","hentry","category-sem-categoria"],"_links":{"self":[{"href":"https:\/\/pc.sc.gov.br\/index.php?rest_route=\/wp\/v2\/posts\/12185","targetHints":{"allow":["GET"]}}],"collection":[{"href":"https:\/\/pc.sc.gov.br\/index.php?rest_route=\/wp\/v2\/posts"}],"about":[{"href":"https:\/\/pc.sc.gov.br\/index.php?rest_route=\/wp\/v2\/types\/post"}],"author":[{"embeddable":true,"href":"https:\/\/pc.sc.gov.br\/index.php?rest_route=\/wp\/v2\/users\/5"}],"replies":[{"embeddable":true,"href":"https:\/\/pc.sc.gov.br\/index.php?rest_route=%2Fwp%2Fv2%2Fcomments&post=12185"}],"version-history":[{"count":5,"href":"https:\/\/pc.sc.gov.br\/index.php?rest_route=\/wp\/v2\/posts\/12185\/revisions"}],"predecessor-version":[{"id":12190,"href":"https:\/\/pc.sc.gov.br\/index.php?rest_route=\/wp\/v2\/posts\/12185\/revisions\/12190"}],"wp:featuredmedia":[{"embeddable":true,"href":"https:\/\/pc.sc.gov.br\/index.php?rest_route=\/wp\/v2\/media\/11857"}],"wp:attachment":[{"href":"https:\/\/pc.sc.gov.br\/index.php?rest_route=%2Fwp%2Fv2%2Fmedia&parent=12185"}],"wp:term":[{"taxonomy":"category","embeddable":true,"href":"https:\/\/pc.sc.gov.br\/index.php?rest_route=%2Fwp%2Fv2%2Fcategories&post=12185"},{"taxonomy":"post_tag","embeddable":true,"href":"https:\/\/pc.sc.gov.br\/index.php?rest_route=%2Fwp%2Fv2%2Ftags&post=12185"}],"curies":[{"name":"wp","href":"https:\/\/api.w.org\/{rel}","templated":true}]}}