{"id":12198,"date":"2023-08-03T15:47:02","date_gmt":"2023-08-03T18:47:02","guid":{"rendered":"https:\/\/pc.sc.gov.br\/?p=12198"},"modified":"2023-08-03T15:48:27","modified_gmt":"2023-08-03T18:48:27","slug":"policia-civil-identifica-autor-de-feminicidio-de-joinville-e-homem-e-preso-no-parana","status":"publish","type":"post","link":"https:\/\/pc.sc.gov.br\/?p=12198","title":{"rendered":"Pol\u00edcia Civil identifica autor de feminic\u00eddio de Joinville e homem \u00e9 preso no Paran\u00e1"},"content":{"rendered":"\t\t<div data-elementor-type=\"wp-post\" data-elementor-id=\"12198\" class=\"elementor elementor-12198\" data-elementor-post-type=\"post\">\n\t\t\t\t\t\t<section class=\"elementor-section elementor-top-section elementor-element elementor-element-b7e008d elementor-section-boxed elementor-section-height-default elementor-section-height-default\" data-id=\"b7e008d\" data-element_type=\"section\">\n\t\t\t\t\t\t<div class=\"elementor-container elementor-column-gap-default\">\n\t\t\t\t\t<div class=\"elementor-column elementor-col-100 elementor-top-column elementor-element elementor-element-5952429\" data-id=\"5952429\" data-element_type=\"column\">\n\t\t\t<div class=\"elementor-widget-wrap elementor-element-populated\">\n\t\t\t\t\t\t<div class=\"elementor-element elementor-element-1330a53 elementor-widget elementor-widget-heading\" data-id=\"1330a53\" data-element_type=\"widget\" data-widget_type=\"heading.default\">\n\t\t\t\t<div class=\"elementor-widget-container\">\n\t\t\t\t\t<h2 class=\"elementor-heading-title elementor-size-default\">\nPol\u00edcia Civil identifica autor de feminic\u00eddio de Joinville e homem \u00e9 preso no Paran\u00e1<\/h2>\t\t\t\t<\/div>\n\t\t\t\t<\/div>\n\t\t\t\t\t<\/div>\n\t\t<\/div>\n\t\t\t\t\t<\/div>\n\t\t<\/section>\n\t\t\t\t<section class=\"elementor-section elementor-top-section elementor-element elementor-element-c882086 elementor-section-boxed elementor-section-height-default elementor-section-height-default\" data-id=\"c882086\" data-element_type=\"section\">\n\t\t\t\t\t\t<div class=\"elementor-container elementor-column-gap-default\">\n\t\t\t\t\t<div class=\"elementor-column elementor-col-100 elementor-top-column elementor-element elementor-element-b955733\" data-id=\"b955733\" data-element_type=\"column\">\n\t\t\t<div class=\"elementor-widget-wrap elementor-element-populated\">\n\t\t\t\t\t\t<div class=\"elementor-element elementor-element-43f0397 elementor-widget elementor-widget-image\" data-id=\"43f0397\" data-element_type=\"widget\" data-widget_type=\"image.default\">\n\t\t\t\t<div class=\"elementor-widget-container\">\n\t\t\t\t\t\t\t\t\t\t\t\t\t\t\t<img fetchpriority=\"high\" decoding=\"async\" width=\"696\" height=\"479\" src=\"https:\/\/pc.sc.gov.br\/\/wp-content\/uploads\/2023\/08\/dic-joinville-1.jpg\" class=\"attachment-large size-large wp-image-12199\" alt=\"\" srcset=\"https:\/\/pc.sc.gov.br\/\/wp-content\/uploads\/2023\/08\/dic-joinville-1.jpg 768w, https:\/\/pc.sc.gov.br\/\/wp-content\/uploads\/2023\/08\/dic-joinville-1-300x207.jpg 300w\" sizes=\"(max-width: 696px) 100vw, 696px\" \/>\t\t\t\t\t\t\t\t\t\t\t\t\t\t\t<\/div>\n\t\t\t\t<\/div>\n\t\t\t\t\t<\/div>\n\t\t<\/div>\n\t\t\t\t\t<\/div>\n\t\t<\/section>\n\t\t\t\t<section class=\"elementor-section elementor-top-section elementor-element elementor-element-728cc83 elementor-section-boxed elementor-section-height-default elementor-section-height-default\" data-id=\"728cc83\" data-element_type=\"section\">\n\t\t\t\t\t\t<div class=\"elementor-container elementor-column-gap-default\">\n\t\t\t\t\t<div class=\"elementor-column elementor-col-100 elementor-top-column elementor-element elementor-element-abdb1a5\" data-id=\"abdb1a5\" data-element_type=\"column\">\n\t\t\t<div class=\"elementor-widget-wrap elementor-element-populated\">\n\t\t\t\t\t\t<div class=\"elementor-element elementor-element-58ba0ca elementor-widget elementor-widget-text-editor\" data-id=\"58ba0ca\" data-element_type=\"widget\" data-widget_type=\"text-editor.default\">\n\t\t\t\t<div class=\"elementor-widget-container\">\n\t\t\t\t\t\t\t\t\t<p>A Pol\u00edcia Civil de Santa Catarina, por meio da Delegacia de Homic\u00eddios de Joinville, identificou o autor do feminic\u00eddio registrado no dia 16 de julho no bairro Morro do Meio, em Joinville. Na quarta-feira (2), o homem foi capturado na cidade de Ubirat\u00e3, estado do Paran\u00e1.<span style=\"font-family: var( --e-global-typography-primary-font-family ), Sans-serif; font-size: var( --e-global-typography-primary-font-size ); font-weight: var( --e-global-typography-primary-font-weight ); letter-spacing: var( --e-global-typography-primary-letter-spacing );\">&nbsp;<\/span><\/p>\n<p>A pris\u00e3o do indiciado foi requerida pela DH com base nos elementos apurados desde a cena do crime, no entanto, o investigado havia deixado a cidade de Joinville logo ap\u00f3s cometer o crime contra sua companheira de 24 anos.<\/p><p><span style=\"font-family: var( --e-global-typography-primary-font-family ), Sans-serif; font-size: var( --e-global-typography-primary-font-size ); font-weight: var( --e-global-typography-primary-font-weight ); letter-spacing: var( --e-global-typography-primary-letter-spacing );\">Dessa forma, provid\u00eancias foram tomadas com a finalidade de identificar o paradeiro do homem, o que tornou poss\u00edvel saber que o autor se homiziou na regi\u00e3o oeste paranaense, a cerca de 700 quil\u00f4metros de Joinville.<\/span><\/p><p>A partir disso, com fundamental aux\u00edlio de policiais civis e demais \u00f3rg\u00e3os de seguran\u00e7a do Paran\u00e1, a investiga\u00e7\u00e3o apurou o paradeiro do procurado, culminando na captura promovida na quarta-feira (2).<br>O indiciado responder\u00e1 pelo crime de feminic\u00eddio e permanecer\u00e1 \u00e0 disposi\u00e7\u00e3o do Poder Judici\u00e1rio.<\/p>\t\t\t\t\t\t\t\t<\/div>\n\t\t\t\t<\/div>\n\t\t\t\t\t<\/div>\n\t\t<\/div>\n\t\t\t\t\t<\/div>\n\t\t<\/section>\n\t\t\t\t<\/div>\n\t\t","protected":false},"excerpt":{"rendered":"<p>Pol\u00edcia Civil identifica autor de feminic\u00eddio de Joinville e homem \u00e9 preso no Paran\u00e1 A Pol\u00edcia Civil de Santa Catarina, por meio da Delegacia de Homic\u00eddios de Joinville, identificou o autor do feminic\u00eddio registrado no dia 16 de julho no bairro Morro do Meio, em Joinville. Na quarta-feira (2), o homem foi capturado na cidade [&hellip;]<\/p>\n","protected":false},"author":5,"featured_media":12199,"comment_status":"closed","ping_status":"open","sticky":false,"template":"","format":"standard","meta":{"_monsterinsights_skip_tracking":false,"_monsterinsights_sitenote_active":false,"_monsterinsights_sitenote_note":"","_monsterinsights_sitenote_category":0,"footnotes":""},"categories":[1],"tags":[],"class_list":["post-12198","post","type-post","status-publish","format-standard","has-post-thumbnail","hentry","category-sem-categoria"],"_links":{"self":[{"href":"https:\/\/pc.sc.gov.br\/index.php?rest_route=\/wp\/v2\/posts\/12198","targetHints":{"allow":["GET"]}}],"collection":[{"href":"https:\/\/pc.sc.gov.br\/index.php?rest_route=\/wp\/v2\/posts"}],"about":[{"href":"https:\/\/pc.sc.gov.br\/index.php?rest_route=\/wp\/v2\/types\/post"}],"author":[{"embeddable":true,"href":"https:\/\/pc.sc.gov.br\/index.php?rest_route=\/wp\/v2\/users\/5"}],"replies":[{"embeddable":true,"href":"https:\/\/pc.sc.gov.br\/index.php?rest_route=%2Fwp%2Fv2%2Fcomments&post=12198"}],"version-history":[{"count":4,"href":"https:\/\/pc.sc.gov.br\/index.php?rest_route=\/wp\/v2\/posts\/12198\/revisions"}],"predecessor-version":[{"id":12203,"href":"https:\/\/pc.sc.gov.br\/index.php?rest_route=\/wp\/v2\/posts\/12198\/revisions\/12203"}],"wp:featuredmedia":[{"embeddable":true,"href":"https:\/\/pc.sc.gov.br\/index.php?rest_route=\/wp\/v2\/media\/12199"}],"wp:attachment":[{"href":"https:\/\/pc.sc.gov.br\/index.php?rest_route=%2Fwp%2Fv2%2Fmedia&parent=12198"}],"wp:term":[{"taxonomy":"category","embeddable":true,"href":"https:\/\/pc.sc.gov.br\/index.php?rest_route=%2Fwp%2Fv2%2Fcategories&post=12198"},{"taxonomy":"post_tag","embeddable":true,"href":"https:\/\/pc.sc.gov.br\/index.php?rest_route=%2Fwp%2Fv2%2Ftags&post=12198"}],"curies":[{"name":"wp","href":"https:\/\/api.w.org\/{rel}","templated":true}]}}