{"id":12205,"date":"2023-08-03T16:00:24","date_gmt":"2023-08-03T19:00:24","guid":{"rendered":"https:\/\/pc.sc.gov.br\/?p=12205"},"modified":"2023-08-03T16:02:43","modified_gmt":"2023-08-03T19:02:43","slug":"policia-civil-deflagra-operacao-desmanche-e-prende-nove-pessoas-pelos-crimes-de-furto-e-receptacao-em-joinville","status":"publish","type":"post","link":"https:\/\/pc.sc.gov.br\/?p=12205","title":{"rendered":"Pol\u00edcia Civil deflagra opera\u00e7\u00e3o \u201cDesmanche\u201d e prende nove pessoas pelos crimes de furto e recepta\u00e7\u00e3o em Joinville"},"content":{"rendered":"\t\t<div data-elementor-type=\"wp-post\" data-elementor-id=\"12205\" class=\"elementor elementor-12205\" data-elementor-post-type=\"post\">\n\t\t\t\t\t\t<section class=\"elementor-section elementor-top-section elementor-element elementor-element-2b2175f elementor-section-boxed elementor-section-height-default elementor-section-height-default\" data-id=\"2b2175f\" data-element_type=\"section\">\n\t\t\t\t\t\t<div class=\"elementor-container elementor-column-gap-default\">\n\t\t\t\t\t<div class=\"elementor-column elementor-col-100 elementor-top-column elementor-element elementor-element-e0e3d5a\" data-id=\"e0e3d5a\" data-element_type=\"column\">\n\t\t\t<div class=\"elementor-widget-wrap elementor-element-populated\">\n\t\t\t\t\t\t<div class=\"elementor-element elementor-element-d08c75c elementor-widget elementor-widget-heading\" data-id=\"d08c75c\" data-element_type=\"widget\" data-widget_type=\"heading.default\">\n\t\t\t\t<div class=\"elementor-widget-container\">\n\t\t\t\t\t<h2 class=\"elementor-heading-title elementor-size-default\">Pol\u00edcia Civil deflagra opera\u00e7\u00e3o \u201cDesmanche\u201d e prende nove pessoas pelos crimes de furto e recepta\u00e7\u00e3o em Joinville<\/h2>\t\t\t\t<\/div>\n\t\t\t\t<\/div>\n\t\t\t\t\t<\/div>\n\t\t<\/div>\n\t\t\t\t\t<\/div>\n\t\t<\/section>\n\t\t\t\t<section class=\"elementor-section elementor-top-section elementor-element elementor-element-dcc2bcc elementor-section-boxed elementor-section-height-default elementor-section-height-default\" data-id=\"dcc2bcc\" data-element_type=\"section\">\n\t\t\t\t\t\t<div class=\"elementor-container elementor-column-gap-default\">\n\t\t\t\t\t<div class=\"elementor-column elementor-col-100 elementor-top-column elementor-element elementor-element-cc3844f\" data-id=\"cc3844f\" data-element_type=\"column\">\n\t\t\t<div class=\"elementor-widget-wrap elementor-element-populated\">\n\t\t\t\t\t\t<div class=\"elementor-element elementor-element-db7d161 elementor-widget elementor-widget-image\" data-id=\"db7d161\" data-element_type=\"widget\" data-widget_type=\"image.default\">\n\t\t\t\t<div class=\"elementor-widget-container\">\n\t\t\t\t\t\t\t\t\t\t\t\t\t\t\t<img fetchpriority=\"high\" decoding=\"async\" width=\"696\" height=\"582\" src=\"https:\/\/pc.sc.gov.br\/\/wp-content\/uploads\/2023\/08\/WhatsApp-Image-2023-08-03-at-15.11.30-1024x856.jpeg\" class=\"attachment-large size-large wp-image-12206\" alt=\"\" srcset=\"https:\/\/pc.sc.gov.br\/\/wp-content\/uploads\/2023\/08\/WhatsApp-Image-2023-08-03-at-15.11.30-1024x856.jpeg 1024w, https:\/\/pc.sc.gov.br\/\/wp-content\/uploads\/2023\/08\/WhatsApp-Image-2023-08-03-at-15.11.30-300x251.jpeg 300w, https:\/\/pc.sc.gov.br\/\/wp-content\/uploads\/2023\/08\/WhatsApp-Image-2023-08-03-at-15.11.30-768x642.jpeg 768w, https:\/\/pc.sc.gov.br\/\/wp-content\/uploads\/2023\/08\/WhatsApp-Image-2023-08-03-at-15.11.30.jpeg 1080w\" sizes=\"(max-width: 696px) 100vw, 696px\" \/>\t\t\t\t\t\t\t\t\t\t\t\t\t\t\t<\/div>\n\t\t\t\t<\/div>\n\t\t\t\t\t<\/div>\n\t\t<\/div>\n\t\t\t\t\t<\/div>\n\t\t<\/section>\n\t\t\t\t<section class=\"elementor-section elementor-top-section elementor-element elementor-element-41d8a2a elementor-section-boxed elementor-section-height-default elementor-section-height-default\" data-id=\"41d8a2a\" data-element_type=\"section\">\n\t\t\t\t\t\t<div class=\"elementor-container elementor-column-gap-default\">\n\t\t\t\t\t<div class=\"elementor-column elementor-col-100 elementor-top-column elementor-element elementor-element-53014de\" data-id=\"53014de\" data-element_type=\"column\">\n\t\t\t<div class=\"elementor-widget-wrap elementor-element-populated\">\n\t\t\t\t\t\t<div class=\"elementor-element elementor-element-c0bc14b elementor-widget elementor-widget-text-editor\" data-id=\"c0bc14b\" data-element_type=\"widget\" data-widget_type=\"text-editor.default\">\n\t\t\t\t<div class=\"elementor-widget-container\">\n\t\t\t\t\t\t\t\t\t<p>A Pol\u00edcia Civil de Santa Catarina, por meio da 1\u00aa Delegacia de Pol\u00edcia de Joinville, com o apoio de delegacias da DRP de Joinville e DRP de Jaragu\u00e1 do Sul, deflagrou na quarta-feira (2) a opera\u00e7\u00e3o \u201cDesmanche\u201d. Nove pessoas foram presas, dentre elas propriet\u00e1rios de lojas de pe\u00e7as automotivas localizadas em Joinville. Tamb\u00e9m foram apreendidas diversas pe\u00e7as automotivas provenientes de furto\/roubo, al\u00e9m de drogas e muni\u00e7\u00f5es.<\/p>\n<p>O objetivo da a\u00e7\u00e3o que contou com 90 policiais civis e Pol\u00edcia Cient\u00edfica foi combater um esquema criminoso relacionado a furto e recepta\u00e7\u00e3o de ve\u00edculos.&nbsp;<span style=\"font-family: var( --e-global-typography-primary-font-family ), Sans-serif; font-size: var( --e-global-typography-primary-font-size ); font-weight: var( --e-global-typography-primary-font-weight ); letter-spacing: var( --e-global-typography-primary-letter-spacing );\">Durante as Investiga\u00e7\u00f5es, realizadas ao longo de quatro meses, o setor de investiga\u00e7\u00f5es e capturas da 1\u00b0DP produziu e encaminhou ao Poder Judici\u00e1rio um farto conte\u00fado probat\u00f3rio que resultou na expedi\u00e7\u00e3o de 14 mandados de pris\u00e3o e 25 mandados de busca em desfavor dos criminosos.<\/span><\/p>\n<p>Os indiv\u00edduos foram encaminhados ao Pres\u00eddio Regional de Joinville, sendo que outros cinco ainda seguem foragidos.<\/p>\t\t\t\t\t\t\t\t<\/div>\n\t\t\t\t<\/div>\n\t\t\t\t\t<\/div>\n\t\t<\/div>\n\t\t\t\t\t<\/div>\n\t\t<\/section>\n\t\t\t\t<\/div>\n\t\t","protected":false},"excerpt":{"rendered":"<p>Pol\u00edcia Civil deflagra opera\u00e7\u00e3o \u201cDesmanche\u201d e prende nove pessoas pelos crimes de furto e recepta\u00e7\u00e3o em Joinville A Pol\u00edcia Civil de Santa Catarina, por meio da 1\u00aa Delegacia de Pol\u00edcia de Joinville, com o apoio de delegacias da DRP de Joinville e DRP de Jaragu\u00e1 do Sul, deflagrou na quarta-feira (2) a opera\u00e7\u00e3o \u201cDesmanche\u201d. Nove [&hellip;]<\/p>\n","protected":false},"author":5,"featured_media":12206,"comment_status":"closed","ping_status":"open","sticky":false,"template":"","format":"standard","meta":{"_monsterinsights_skip_tracking":false,"_monsterinsights_sitenote_active":false,"_monsterinsights_sitenote_note":"","_monsterinsights_sitenote_category":0,"footnotes":""},"categories":[1],"tags":[],"class_list":["post-12205","post","type-post","status-publish","format-standard","has-post-thumbnail","hentry","category-sem-categoria"],"_links":{"self":[{"href":"https:\/\/pc.sc.gov.br\/index.php?rest_route=\/wp\/v2\/posts\/12205","targetHints":{"allow":["GET"]}}],"collection":[{"href":"https:\/\/pc.sc.gov.br\/index.php?rest_route=\/wp\/v2\/posts"}],"about":[{"href":"https:\/\/pc.sc.gov.br\/index.php?rest_route=\/wp\/v2\/types\/post"}],"author":[{"embeddable":true,"href":"https:\/\/pc.sc.gov.br\/index.php?rest_route=\/wp\/v2\/users\/5"}],"replies":[{"embeddable":true,"href":"https:\/\/pc.sc.gov.br\/index.php?rest_route=%2Fwp%2Fv2%2Fcomments&post=12205"}],"version-history":[{"count":4,"href":"https:\/\/pc.sc.gov.br\/index.php?rest_route=\/wp\/v2\/posts\/12205\/revisions"}],"predecessor-version":[{"id":12210,"href":"https:\/\/pc.sc.gov.br\/index.php?rest_route=\/wp\/v2\/posts\/12205\/revisions\/12210"}],"wp:featuredmedia":[{"embeddable":true,"href":"https:\/\/pc.sc.gov.br\/index.php?rest_route=\/wp\/v2\/media\/12206"}],"wp:attachment":[{"href":"https:\/\/pc.sc.gov.br\/index.php?rest_route=%2Fwp%2Fv2%2Fmedia&parent=12205"}],"wp:term":[{"taxonomy":"category","embeddable":true,"href":"https:\/\/pc.sc.gov.br\/index.php?rest_route=%2Fwp%2Fv2%2Fcategories&post=12205"},{"taxonomy":"post_tag","embeddable":true,"href":"https:\/\/pc.sc.gov.br\/index.php?rest_route=%2Fwp%2Fv2%2Ftags&post=12205"}],"curies":[{"name":"wp","href":"https:\/\/api.w.org\/{rel}","templated":true}]}}