{"id":12212,"date":"2023-08-03T17:23:33","date_gmt":"2023-08-03T20:23:33","guid":{"rendered":"https:\/\/pc.sc.gov.br\/?p=12212"},"modified":"2023-08-03T17:25:13","modified_gmt":"2023-08-03T20:25:13","slug":"investigacao-da-delegacia-de-homicidios-da-capital-resulta-em-condenacao-de-autores-pela-morte-de-um-homem-no-bairro-ingleses","status":"publish","type":"post","link":"https:\/\/pc.sc.gov.br\/?p=12212","title":{"rendered":"Investiga\u00e7\u00e3o da Delegacia de Homic\u00eddios da Capital resulta em condena\u00e7\u00e3o de autores pela morte de um homem no bairro Ingleses"},"content":{"rendered":"\t\t<div data-elementor-type=\"wp-post\" data-elementor-id=\"12212\" class=\"elementor elementor-12212\" data-elementor-post-type=\"post\">\n\t\t\t\t\t\t<section class=\"elementor-section elementor-top-section elementor-element elementor-element-571a854 elementor-section-boxed elementor-section-height-default elementor-section-height-default\" data-id=\"571a854\" data-element_type=\"section\">\n\t\t\t\t\t\t<div class=\"elementor-container elementor-column-gap-default\">\n\t\t\t\t\t<div class=\"elementor-column elementor-col-100 elementor-top-column elementor-element elementor-element-2ecf0cb\" data-id=\"2ecf0cb\" data-element_type=\"column\">\n\t\t\t<div class=\"elementor-widget-wrap elementor-element-populated\">\n\t\t\t\t\t\t<div class=\"elementor-element elementor-element-c174ba0 elementor-widget elementor-widget-heading\" data-id=\"c174ba0\" data-element_type=\"widget\" data-widget_type=\"heading.default\">\n\t\t\t\t<div class=\"elementor-widget-container\">\n\t\t\t\t\t<h2 class=\"elementor-heading-title elementor-size-default\">Investiga\u00e7\u00e3o da Delegacia de Homic\u00eddios da Capital resulta em condena\u00e7\u00e3o de autores pela morte de um homem no bairro Ingleses<\/h2>\t\t\t\t<\/div>\n\t\t\t\t<\/div>\n\t\t\t\t\t<\/div>\n\t\t<\/div>\n\t\t\t\t\t<\/div>\n\t\t<\/section>\n\t\t\t\t<section class=\"elementor-section elementor-top-section elementor-element elementor-element-2b41590 elementor-section-boxed elementor-section-height-default elementor-section-height-default\" data-id=\"2b41590\" data-element_type=\"section\">\n\t\t\t\t\t\t<div class=\"elementor-container elementor-column-gap-default\">\n\t\t\t\t\t<div class=\"elementor-column elementor-col-100 elementor-top-column elementor-element elementor-element-24cc66c\" data-id=\"24cc66c\" data-element_type=\"column\">\n\t\t\t<div class=\"elementor-widget-wrap elementor-element-populated\">\n\t\t\t\t\t\t<div class=\"elementor-element elementor-element-3ec477d elementor-widget elementor-widget-image\" data-id=\"3ec477d\" data-element_type=\"widget\" data-widget_type=\"image.default\">\n\t\t\t\t<div class=\"elementor-widget-container\">\n\t\t\t\t\t\t\t\t\t\t\t\t\t\t\t<img fetchpriority=\"high\" decoding=\"async\" width=\"696\" height=\"353\" src=\"https:\/\/pc.sc.gov.br\/\/wp-content\/uploads\/2023\/05\/VIATURA_HOMICIDIOS_CAPITAL.jpg\" class=\"attachment-large size-large wp-image-9386\" alt=\"\" srcset=\"https:\/\/pc.sc.gov.br\/\/wp-content\/uploads\/2023\/05\/VIATURA_HOMICIDIOS_CAPITAL.jpg 704w, https:\/\/pc.sc.gov.br\/\/wp-content\/uploads\/2023\/05\/VIATURA_HOMICIDIOS_CAPITAL-300x152.jpg 300w\" sizes=\"(max-width: 696px) 100vw, 696px\" \/>\t\t\t\t\t\t\t\t\t\t\t\t\t\t\t<\/div>\n\t\t\t\t<\/div>\n\t\t\t\t<div class=\"elementor-element elementor-element-20fc963 elementor-widget elementor-widget-text-editor\" data-id=\"20fc963\" data-element_type=\"widget\" data-widget_type=\"text-editor.default\">\n\t\t\t\t<div class=\"elementor-widget-container\">\n\t\t\t\t\t\t\t\t\t<p>A Pol\u00edcia Civil de Santa Catarina, por meio da Delegacia de Homic\u00eddios da Capital, indiciou um homem e uma mulher pelo cometimento de um crime de homic\u00eddio, ocorrido contra um homem em novembro de 2021, no bairro Ingleses, em Florian\u00f3polis. Na ter\u00e7a-feira (25 de julho), a Vara do Tribunal do J\u00fari da Capital condenou o homem a 18 anos de reclus\u00e3o e a mulher a 13 anos e 4 meses de reclus\u00e3o. <br><span style=\"font-family: var( --e-global-typography-text-font-family ), Sans-serif; font-size: var( --e-global-typography-text-font-size );\"><br>De acordo com as investiga\u00e7\u00f5es, todos os envolvidos estavam em uma casa noturna, onde a v\u00edtima e um dos agressores tiveram um desentendimento e foram expulsos. Na rua, a v\u00edtima foi agredida por v\u00e1rias pessoas com chutes, pauladas e garrafadas. A v\u00edtima, desacordada em via p\u00fablica, ainda foi atropelada pelos r\u00e9us. A v\u00edtima foi socorrida e hospitalizada, mas morreu em janeiro de 2022. Um terceiro acusado tamb\u00e9m foi identificado como autor desse crime e responde a processo em separado.<\/span><\/p>\t\t\t\t\t\t\t\t<\/div>\n\t\t\t\t<\/div>\n\t\t\t\t\t<\/div>\n\t\t<\/div>\n\t\t\t\t\t<\/div>\n\t\t<\/section>\n\t\t\t\t<\/div>\n\t\t","protected":false},"excerpt":{"rendered":"<p>Investiga\u00e7\u00e3o da Delegacia de Homic\u00eddios da Capital resulta em condena\u00e7\u00e3o de autores pela morte de um homem no bairro Ingleses A Pol\u00edcia Civil de Santa Catarina, por meio da Delegacia de Homic\u00eddios da Capital, indiciou um homem e uma mulher pelo cometimento de um crime de homic\u00eddio, ocorrido contra um homem em novembro de 2021, [&hellip;]<\/p>\n","protected":false},"author":5,"featured_media":9386,"comment_status":"closed","ping_status":"open","sticky":false,"template":"","format":"standard","meta":{"_monsterinsights_skip_tracking":false,"_monsterinsights_sitenote_active":false,"_monsterinsights_sitenote_note":"","_monsterinsights_sitenote_category":0,"footnotes":""},"categories":[1],"tags":[],"class_list":["post-12212","post","type-post","status-publish","format-standard","has-post-thumbnail","hentry","category-sem-categoria"],"_links":{"self":[{"href":"https:\/\/pc.sc.gov.br\/index.php?rest_route=\/wp\/v2\/posts\/12212","targetHints":{"allow":["GET"]}}],"collection":[{"href":"https:\/\/pc.sc.gov.br\/index.php?rest_route=\/wp\/v2\/posts"}],"about":[{"href":"https:\/\/pc.sc.gov.br\/index.php?rest_route=\/wp\/v2\/types\/post"}],"author":[{"embeddable":true,"href":"https:\/\/pc.sc.gov.br\/index.php?rest_route=\/wp\/v2\/users\/5"}],"replies":[{"embeddable":true,"href":"https:\/\/pc.sc.gov.br\/index.php?rest_route=%2Fwp%2Fv2%2Fcomments&post=12212"}],"version-history":[{"count":4,"href":"https:\/\/pc.sc.gov.br\/index.php?rest_route=\/wp\/v2\/posts\/12212\/revisions"}],"predecessor-version":[{"id":12216,"href":"https:\/\/pc.sc.gov.br\/index.php?rest_route=\/wp\/v2\/posts\/12212\/revisions\/12216"}],"wp:featuredmedia":[{"embeddable":true,"href":"https:\/\/pc.sc.gov.br\/index.php?rest_route=\/wp\/v2\/media\/9386"}],"wp:attachment":[{"href":"https:\/\/pc.sc.gov.br\/index.php?rest_route=%2Fwp%2Fv2%2Fmedia&parent=12212"}],"wp:term":[{"taxonomy":"category","embeddable":true,"href":"https:\/\/pc.sc.gov.br\/index.php?rest_route=%2Fwp%2Fv2%2Fcategories&post=12212"},{"taxonomy":"post_tag","embeddable":true,"href":"https:\/\/pc.sc.gov.br\/index.php?rest_route=%2Fwp%2Fv2%2Ftags&post=12212"}],"curies":[{"name":"wp","href":"https:\/\/api.w.org\/{rel}","templated":true}]}}