{"id":12217,"date":"2023-08-03T17:52:28","date_gmt":"2023-08-03T20:52:28","guid":{"rendered":"https:\/\/pc.sc.gov.br\/?p=12217"},"modified":"2023-08-03T17:53:29","modified_gmt":"2023-08-03T20:53:29","slug":"policia-civil-faz-operacao-para-combater-trafico-de-drogas-e-organizacao-criminosa-que-atuava-em-sao-joao-batista","status":"publish","type":"post","link":"https:\/\/pc.sc.gov.br\/?p=12217","title":{"rendered":"Pol\u00edcia Civil faz opera\u00e7\u00e3o para combater tr\u00e1fico de drogas e organiza\u00e7\u00e3o criminosa que atuava em S\u00e3o Jo\u00e3o Batista"},"content":{"rendered":"\t\t<div data-elementor-type=\"wp-post\" data-elementor-id=\"12217\" class=\"elementor elementor-12217\" data-elementor-post-type=\"post\">\n\t\t\t\t\t\t<section class=\"elementor-section elementor-top-section elementor-element elementor-element-f52dde8 elementor-section-boxed elementor-section-height-default elementor-section-height-default\" data-id=\"f52dde8\" data-element_type=\"section\">\n\t\t\t\t\t\t<div class=\"elementor-container elementor-column-gap-default\">\n\t\t\t\t\t<div class=\"elementor-column elementor-col-100 elementor-top-column elementor-element elementor-element-3918a22\" data-id=\"3918a22\" data-element_type=\"column\">\n\t\t\t<div class=\"elementor-widget-wrap elementor-element-populated\">\n\t\t\t\t\t\t<div class=\"elementor-element elementor-element-23b5c28 elementor-widget elementor-widget-heading\" data-id=\"23b5c28\" data-element_type=\"widget\" data-widget_type=\"heading.default\">\n\t\t\t\t<div class=\"elementor-widget-container\">\n\t\t\t\t\t<h2 class=\"elementor-heading-title elementor-size-default\">Pol\u00edcia Civil faz opera\u00e7\u00e3o para combater tr\u00e1fico de drogas e organiza\u00e7\u00e3o criminosa que atuava em S\u00e3o Jo\u00e3o Batista<\/h2>\t\t\t\t<\/div>\n\t\t\t\t<\/div>\n\t\t\t\t\t<\/div>\n\t\t<\/div>\n\t\t\t\t\t<\/div>\n\t\t<\/section>\n\t\t\t\t<section class=\"elementor-section elementor-top-section elementor-element elementor-element-7c1b838 elementor-section-boxed elementor-section-height-default elementor-section-height-default\" data-id=\"7c1b838\" data-element_type=\"section\">\n\t\t\t\t\t\t<div class=\"elementor-container elementor-column-gap-default\">\n\t\t\t\t\t<div class=\"elementor-column elementor-col-100 elementor-top-column elementor-element elementor-element-c07fe44\" data-id=\"c07fe44\" data-element_type=\"column\">\n\t\t\t<div class=\"elementor-widget-wrap elementor-element-populated\">\n\t\t\t\t\t\t<div class=\"elementor-element elementor-element-bccc468 elementor-widget elementor-widget-image\" data-id=\"bccc468\" data-element_type=\"widget\" data-widget_type=\"image.default\">\n\t\t\t\t<div class=\"elementor-widget-container\">\n\t\t\t\t\t\t\t\t\t\t\t\t\t\t\t<img fetchpriority=\"high\" decoding=\"async\" width=\"696\" height=\"522\" src=\"https:\/\/pc.sc.gov.br\/\/wp-content\/uploads\/2023\/08\/WhatsApp-Image-2023-08-03-at-17.37.57-1024x768.jpeg\" class=\"attachment-large size-large wp-image-12218\" alt=\"\" srcset=\"https:\/\/pc.sc.gov.br\/\/wp-content\/uploads\/2023\/08\/WhatsApp-Image-2023-08-03-at-17.37.57-1024x768.jpeg 1024w, https:\/\/pc.sc.gov.br\/\/wp-content\/uploads\/2023\/08\/WhatsApp-Image-2023-08-03-at-17.37.57-300x225.jpeg 300w, https:\/\/pc.sc.gov.br\/\/wp-content\/uploads\/2023\/08\/WhatsApp-Image-2023-08-03-at-17.37.57-768x576.jpeg 768w, https:\/\/pc.sc.gov.br\/\/wp-content\/uploads\/2023\/08\/WhatsApp-Image-2023-08-03-at-17.37.57-1536x1152.jpeg 1536w, https:\/\/pc.sc.gov.br\/\/wp-content\/uploads\/2023\/08\/WhatsApp-Image-2023-08-03-at-17.37.57.jpeg 1600w\" sizes=\"(max-width: 696px) 100vw, 696px\" \/>\t\t\t\t\t\t\t\t\t\t\t\t\t\t\t<\/div>\n\t\t\t\t<\/div>\n\t\t\t\t\t<\/div>\n\t\t<\/div>\n\t\t\t\t\t<\/div>\n\t\t<\/section>\n\t\t\t\t<section class=\"elementor-section elementor-top-section elementor-element elementor-element-dd03bd2 elementor-section-boxed elementor-section-height-default elementor-section-height-default\" data-id=\"dd03bd2\" data-element_type=\"section\">\n\t\t\t\t\t\t<div class=\"elementor-container elementor-column-gap-default\">\n\t\t\t\t\t<div class=\"elementor-column elementor-col-100 elementor-top-column elementor-element elementor-element-a47d98a\" data-id=\"a47d98a\" data-element_type=\"column\">\n\t\t\t<div class=\"elementor-widget-wrap elementor-element-populated\">\n\t\t\t\t\t\t<div class=\"elementor-element elementor-element-2849950 elementor-widget elementor-widget-text-editor\" data-id=\"2849950\" data-element_type=\"widget\" data-widget_type=\"text-editor.default\">\n\t\t\t\t<div class=\"elementor-widget-container\">\n\t\t\t\t\t\t\t\t\t<p>A Pol\u00edcia Civil, por meio da Delegacia de S\u00e3o Jo\u00e3o Batista, deflagrou nesta quinta-feira (03) a Opera\u00e7\u00e3o Cris\u00e2ntemo para combater tr\u00e1fico de drogas e organiza\u00e7\u00e3o criminosa que atuava na regi\u00e3o. Foram cumpridos 09 (nove) mandados de busca e apreens\u00e3o e um mandado de pris\u00e3o, todos no bairro Ribanceira do Sul. Outras duas pessoas foram presas em flagrante, al\u00e9m da apreens\u00e3o de droga e celulares.\u00a0<\/p><p>A a\u00e7\u00e3o teve o apoio de policiais civis das cidades de Brusque, Itaja\u00ed, Balne\u00e1rio Cambori\u00fa, Porto Belo, Itapema, Bombinhas e Tijucas, al\u00e9m da participa\u00e7\u00e3o da CORE (Coordenadoria de Recursos Especiais), NOC (N\u00facleo de Opera\u00e7\u00f5es com C\u00e3es), ambos da Pol\u00edcia Civil e Pol\u00edcia militar de S\u00e3o Jo\u00e3o Batista. A opera\u00e7\u00e3o reuniu, ao todo, cerca de 60 policiais.\u00a0<\/p><p>Ap\u00f3s os procedimentos legais na delegacia de pol\u00edcia, os indiv\u00edduos foram encaminhados para o Pres\u00eddio de Tijucas. As investiga\u00e7\u00f5es prosseguem.<\/p><div>\u00a0<\/div>\t\t\t\t\t\t\t\t<\/div>\n\t\t\t\t<\/div>\n\t\t\t\t\t<\/div>\n\t\t<\/div>\n\t\t\t\t\t<\/div>\n\t\t<\/section>\n\t\t\t\t<\/div>\n\t\t","protected":false},"excerpt":{"rendered":"<p>Pol\u00edcia Civil faz opera\u00e7\u00e3o para combater tr\u00e1fico de drogas e organiza\u00e7\u00e3o criminosa que atuava em S\u00e3o Jo\u00e3o Batista A Pol\u00edcia Civil, por meio da Delegacia de S\u00e3o Jo\u00e3o Batista, deflagrou nesta quinta-feira (03) a Opera\u00e7\u00e3o Cris\u00e2ntemo para combater tr\u00e1fico de drogas e organiza\u00e7\u00e3o criminosa que atuava na regi\u00e3o. Foram cumpridos 09 (nove) mandados de busca [&hellip;]<\/p>\n","protected":false},"author":5,"featured_media":12218,"comment_status":"closed","ping_status":"open","sticky":false,"template":"","format":"standard","meta":{"_monsterinsights_skip_tracking":false,"_monsterinsights_sitenote_active":false,"_monsterinsights_sitenote_note":"","_monsterinsights_sitenote_category":0,"footnotes":""},"categories":[1],"tags":[],"class_list":["post-12217","post","type-post","status-publish","format-standard","has-post-thumbnail","hentry","category-sem-categoria"],"_links":{"self":[{"href":"https:\/\/pc.sc.gov.br\/index.php?rest_route=\/wp\/v2\/posts\/12217","targetHints":{"allow":["GET"]}}],"collection":[{"href":"https:\/\/pc.sc.gov.br\/index.php?rest_route=\/wp\/v2\/posts"}],"about":[{"href":"https:\/\/pc.sc.gov.br\/index.php?rest_route=\/wp\/v2\/types\/post"}],"author":[{"embeddable":true,"href":"https:\/\/pc.sc.gov.br\/index.php?rest_route=\/wp\/v2\/users\/5"}],"replies":[{"embeddable":true,"href":"https:\/\/pc.sc.gov.br\/index.php?rest_route=%2Fwp%2Fv2%2Fcomments&post=12217"}],"version-history":[{"count":4,"href":"https:\/\/pc.sc.gov.br\/index.php?rest_route=\/wp\/v2\/posts\/12217\/revisions"}],"predecessor-version":[{"id":12222,"href":"https:\/\/pc.sc.gov.br\/index.php?rest_route=\/wp\/v2\/posts\/12217\/revisions\/12222"}],"wp:featuredmedia":[{"embeddable":true,"href":"https:\/\/pc.sc.gov.br\/index.php?rest_route=\/wp\/v2\/media\/12218"}],"wp:attachment":[{"href":"https:\/\/pc.sc.gov.br\/index.php?rest_route=%2Fwp%2Fv2%2Fmedia&parent=12217"}],"wp:term":[{"taxonomy":"category","embeddable":true,"href":"https:\/\/pc.sc.gov.br\/index.php?rest_route=%2Fwp%2Fv2%2Fcategories&post=12217"},{"taxonomy":"post_tag","embeddable":true,"href":"https:\/\/pc.sc.gov.br\/index.php?rest_route=%2Fwp%2Fv2%2Ftags&post=12217"}],"curies":[{"name":"wp","href":"https:\/\/api.w.org\/{rel}","templated":true}]}}