{"id":12223,"date":"2023-08-03T18:17:14","date_gmt":"2023-08-03T21:17:14","guid":{"rendered":"https:\/\/pc.sc.gov.br\/?p=12223"},"modified":"2023-08-03T18:18:24","modified_gmt":"2023-08-03T21:18:24","slug":"governador-entrega-equipamentos-e-viaturas-para-a-policia-civil-de-jaragua-do-sul-e-regiao","status":"publish","type":"post","link":"https:\/\/pc.sc.gov.br\/?p=12223","title":{"rendered":"Governador entrega equipamentos e viaturas para a Pol\u00edcia Civil de Jaragu\u00e1 do Sul e regi\u00e3o"},"content":{"rendered":"\t\t<div data-elementor-type=\"wp-post\" data-elementor-id=\"12223\" class=\"elementor elementor-12223\" data-elementor-post-type=\"post\">\n\t\t\t\t\t\t<section class=\"elementor-section elementor-top-section elementor-element elementor-element-a3ab90c elementor-section-boxed elementor-section-height-default elementor-section-height-default\" data-id=\"a3ab90c\" data-element_type=\"section\">\n\t\t\t\t\t\t<div class=\"elementor-container elementor-column-gap-default\">\n\t\t\t\t\t<div class=\"elementor-column elementor-col-100 elementor-top-column elementor-element elementor-element-0dc2ea3\" data-id=\"0dc2ea3\" data-element_type=\"column\">\n\t\t\t<div class=\"elementor-widget-wrap elementor-element-populated\">\n\t\t\t\t\t\t<div class=\"elementor-element elementor-element-f20da5a elementor-widget elementor-widget-heading\" data-id=\"f20da5a\" data-element_type=\"widget\" data-widget_type=\"heading.default\">\n\t\t\t\t<div class=\"elementor-widget-container\">\n\t\t\t\t\t<h2 class=\"elementor-heading-title elementor-size-default\">Governador entrega equipamentos e viaturas para a Pol\u00edcia Civil de Jaragu\u00e1 do Sul e regi\u00e3o<\/h2>\t\t\t\t<\/div>\n\t\t\t\t<\/div>\n\t\t\t\t\t<\/div>\n\t\t<\/div>\n\t\t\t\t\t<\/div>\n\t\t<\/section>\n\t\t\t\t<section class=\"elementor-section elementor-top-section elementor-element elementor-element-06c1d8b elementor-section-boxed elementor-section-height-default elementor-section-height-default\" data-id=\"06c1d8b\" data-element_type=\"section\">\n\t\t\t\t\t\t<div class=\"elementor-container elementor-column-gap-default\">\n\t\t\t\t\t<div class=\"elementor-column elementor-col-100 elementor-top-column elementor-element elementor-element-45f2e9d\" data-id=\"45f2e9d\" data-element_type=\"column\">\n\t\t\t<div class=\"elementor-widget-wrap elementor-element-populated\">\n\t\t\t\t\t\t<div class=\"elementor-element elementor-element-2286866 elementor-widget elementor-widget-image\" data-id=\"2286866\" data-element_type=\"widget\" data-widget_type=\"image.default\">\n\t\t\t\t<div class=\"elementor-widget-container\">\n\t\t\t\t\t\t\t\t\t\t\t\t\t\t\t<img fetchpriority=\"high\" decoding=\"async\" width=\"696\" height=\"464\" src=\"https:\/\/pc.sc.gov.br\/\/wp-content\/uploads\/2023\/08\/53091806530_3e0e9a77c9_k-1024x683.jpg\" class=\"attachment-large size-large wp-image-12224\" alt=\"\" srcset=\"https:\/\/pc.sc.gov.br\/\/wp-content\/uploads\/2023\/08\/53091806530_3e0e9a77c9_k-1024x683.jpg 1024w, https:\/\/pc.sc.gov.br\/\/wp-content\/uploads\/2023\/08\/53091806530_3e0e9a77c9_k-300x200.jpg 300w, https:\/\/pc.sc.gov.br\/\/wp-content\/uploads\/2023\/08\/53091806530_3e0e9a77c9_k-768x512.jpg 768w, https:\/\/pc.sc.gov.br\/\/wp-content\/uploads\/2023\/08\/53091806530_3e0e9a77c9_k-1536x1024.jpg 1536w, https:\/\/pc.sc.gov.br\/\/wp-content\/uploads\/2023\/08\/53091806530_3e0e9a77c9_k.jpg 2048w\" sizes=\"(max-width: 696px) 100vw, 696px\" \/>\t\t\t\t\t\t\t\t\t\t\t\t\t\t\t<\/div>\n\t\t\t\t<\/div>\n\t\t\t\t\t<\/div>\n\t\t<\/div>\n\t\t\t\t\t<\/div>\n\t\t<\/section>\n\t\t\t\t<section class=\"elementor-section elementor-top-section elementor-element elementor-element-c7896b2 elementor-section-boxed elementor-section-height-default elementor-section-height-default\" data-id=\"c7896b2\" data-element_type=\"section\">\n\t\t\t\t\t\t<div class=\"elementor-container elementor-column-gap-default\">\n\t\t\t\t\t<div class=\"elementor-column elementor-col-100 elementor-top-column elementor-element elementor-element-7c2e745\" data-id=\"7c2e745\" data-element_type=\"column\">\n\t\t\t<div class=\"elementor-widget-wrap elementor-element-populated\">\n\t\t\t\t\t\t<div class=\"elementor-element elementor-element-9d1946e elementor-widget elementor-widget-text-editor\" data-id=\"9d1946e\" data-element_type=\"widget\" data-widget_type=\"text-editor.default\">\n\t\t\t\t<div class=\"elementor-widget-container\">\n\t\t\t\t\t\t\t\t\t<p>O governador Jorginho Mello entregou nesta quinta-feira, 3, equipamentos e viaturas para a Pol\u00edcia Civil da regi\u00e3o da Associa\u00e7\u00e3o dos Munic\u00edpios do Vale do Itapocu (Amvali). O ato foi durante a apresenta\u00e7\u00e3o do Programa Santa Catarina Levada a S\u00e9rio + Perto de Voc\u00ea, em Jaragu\u00e1 do Sul, e contou com a presen\u00e7a tamb\u00e9m do delegado-geral da PCSC, Ulisses Gabriel.<\/p><p>Desde o in\u00edcio do ano, a Pol\u00edcia Civil j\u00e1 recebeu 256 viaturas, 719 esta\u00e7\u00f5es de trabalho e 282 webcams. As delegacias dos munic\u00edpios de Jaragu\u00e1 do Sul, Corup\u00e1 e Massaranduba foram contempladas com quatro viaturas e nove esta\u00e7\u00f5es de trabalho. O valor total do investimento \u00e9 de R$ 443 mil.<\/p><p>Para o governador Jorginho Mello, os investimentos em seguran\u00e7a p\u00fablica s\u00e3o prioridades da gest\u00e3o. \u201cEstamos investindo nas nossas pol\u00edcias e assim garantindo n\u00fameros ainda melhoras na seguran\u00e7a p\u00fablica do nosso estado. S\u00e3o novas viaturas, armamentos e outros equipamentos para aprimorar o trabalho nas delegacias\u201d, informou o governador.<\/p><p>O secret\u00e1rio de Estado da Seguran\u00e7a P\u00fablica, Paulo Cezar Ramos, assinalou que as for\u00e7as de Seguran\u00e7a de SC s\u00e3o refer\u00eancia no trabalho que desenvolvem. \u201cEm Jaragu\u00e1 do Sul e regi\u00e3o temos resultados expressivos em seguran\u00e7a e vamos melhorar ainda mais com os policiais bem equipados e motivados. Nesta linha de a\u00e7\u00e3o, com investimentos em tecnologia e tamb\u00e9m com a participa\u00e7\u00e3o dos munic\u00edpios, iremos avan\u00e7ar nos resultados \u00e0 popula\u00e7\u00e3o catarinense\u201d, enfatizou o secret\u00e1rio.<\/p><p>Ulisses Gabriel refor\u00e7ou a import\u00e2ncia dos investimentos em tecnologia, equipamentos, capacita\u00e7\u00e3o e busca de valoriza\u00e7\u00e3o dos policiais para que a Pol\u00edcia Civil continue atuando com efici\u00eancia e resultados para a popula\u00e7\u00e3o. \u201cNestes sete primeiros meses do ano melhoramos os nossos resultados. Como exemplo, posso citar que aumentamos em 49% o n\u00famero de mandados de busca e apreens\u00e3o e 47% no n\u00famero de mandados de pris\u00e3o. A apreens\u00e3o de coca\u00edna e maconha superaram mais de 300%, o que reduziu \u00edndices de latroc\u00ednios, homic\u00eddios, estelionatos e roubos, por exemplo\u201d, disse o delegado-geral Ulisses Gabriel.<\/p>\t\t\t\t\t\t\t\t<\/div>\n\t\t\t\t<\/div>\n\t\t\t\t\t<\/div>\n\t\t<\/div>\n\t\t\t\t\t<\/div>\n\t\t<\/section>\n\t\t\t\t<\/div>\n\t\t","protected":false},"excerpt":{"rendered":"<p>Governador entrega equipamentos e viaturas para a Pol\u00edcia Civil de Jaragu\u00e1 do Sul e regi\u00e3o O governador Jorginho Mello entregou nesta quinta-feira, 3, equipamentos e viaturas para a Pol\u00edcia Civil da regi\u00e3o da Associa\u00e7\u00e3o dos Munic\u00edpios do Vale do Itapocu (Amvali). O ato foi durante a apresenta\u00e7\u00e3o do Programa Santa Catarina Levada a S\u00e9rio + [&hellip;]<\/p>\n","protected":false},"author":5,"featured_media":12224,"comment_status":"closed","ping_status":"open","sticky":false,"template":"","format":"standard","meta":{"_monsterinsights_skip_tracking":false,"_monsterinsights_sitenote_active":false,"_monsterinsights_sitenote_note":"","_monsterinsights_sitenote_category":0,"footnotes":""},"categories":[1],"tags":[],"class_list":["post-12223","post","type-post","status-publish","format-standard","has-post-thumbnail","hentry","category-sem-categoria"],"_links":{"self":[{"href":"https:\/\/pc.sc.gov.br\/index.php?rest_route=\/wp\/v2\/posts\/12223","targetHints":{"allow":["GET"]}}],"collection":[{"href":"https:\/\/pc.sc.gov.br\/index.php?rest_route=\/wp\/v2\/posts"}],"about":[{"href":"https:\/\/pc.sc.gov.br\/index.php?rest_route=\/wp\/v2\/types\/post"}],"author":[{"embeddable":true,"href":"https:\/\/pc.sc.gov.br\/index.php?rest_route=\/wp\/v2\/users\/5"}],"replies":[{"embeddable":true,"href":"https:\/\/pc.sc.gov.br\/index.php?rest_route=%2Fwp%2Fv2%2Fcomments&post=12223"}],"version-history":[{"count":4,"href":"https:\/\/pc.sc.gov.br\/index.php?rest_route=\/wp\/v2\/posts\/12223\/revisions"}],"predecessor-version":[{"id":12228,"href":"https:\/\/pc.sc.gov.br\/index.php?rest_route=\/wp\/v2\/posts\/12223\/revisions\/12228"}],"wp:featuredmedia":[{"embeddable":true,"href":"https:\/\/pc.sc.gov.br\/index.php?rest_route=\/wp\/v2\/media\/12224"}],"wp:attachment":[{"href":"https:\/\/pc.sc.gov.br\/index.php?rest_route=%2Fwp%2Fv2%2Fmedia&parent=12223"}],"wp:term":[{"taxonomy":"category","embeddable":true,"href":"https:\/\/pc.sc.gov.br\/index.php?rest_route=%2Fwp%2Fv2%2Fcategories&post=12223"},{"taxonomy":"post_tag","embeddable":true,"href":"https:\/\/pc.sc.gov.br\/index.php?rest_route=%2Fwp%2Fv2%2Ftags&post=12223"}],"curies":[{"name":"wp","href":"https:\/\/api.w.org\/{rel}","templated":true}]}}