{"id":12255,"date":"2023-08-04T14:38:59","date_gmt":"2023-08-04T17:38:59","guid":{"rendered":"https:\/\/pc.sc.gov.br\/?p=12255"},"modified":"2023-08-04T14:40:17","modified_gmt":"2023-08-04T17:40:17","slug":"em-blumenau-governador-jorginho-entrega-viaturas-e-equipamentos-para-policia-civil","status":"publish","type":"post","link":"https:\/\/pc.sc.gov.br\/?p=12255","title":{"rendered":"Em Blumenau, governador Jorginho entrega viaturas e equipamentos para Pol\u00edcia Civil"},"content":{"rendered":"\t\t<div data-elementor-type=\"wp-post\" data-elementor-id=\"12255\" class=\"elementor elementor-12255\" data-elementor-post-type=\"post\">\n\t\t\t\t\t\t<section class=\"elementor-section elementor-top-section elementor-element elementor-element-52bbf98 elementor-section-boxed elementor-section-height-default elementor-section-height-default\" data-id=\"52bbf98\" data-element_type=\"section\">\n\t\t\t\t\t\t<div class=\"elementor-container elementor-column-gap-default\">\n\t\t\t\t\t<div class=\"elementor-column elementor-col-100 elementor-top-column elementor-element elementor-element-11b7826\" data-id=\"11b7826\" data-element_type=\"column\">\n\t\t\t<div class=\"elementor-widget-wrap elementor-element-populated\">\n\t\t\t\t\t\t<div class=\"elementor-element elementor-element-eca8a58 elementor-widget elementor-widget-heading\" data-id=\"eca8a58\" data-element_type=\"widget\" data-widget_type=\"heading.default\">\n\t\t\t\t<div class=\"elementor-widget-container\">\n\t\t\t\t\t<h2 class=\"elementor-heading-title elementor-size-default\">Em Blumenau, governador Jorginho entrega viaturas e equipamentos para Pol\u00edcia Civil<\/h2>\t\t\t\t<\/div>\n\t\t\t\t<\/div>\n\t\t\t\t\t<\/div>\n\t\t<\/div>\n\t\t\t\t\t<\/div>\n\t\t<\/section>\n\t\t\t\t<section class=\"elementor-section elementor-top-section elementor-element elementor-element-a8270c8 elementor-section-boxed elementor-section-height-default elementor-section-height-default\" data-id=\"a8270c8\" data-element_type=\"section\">\n\t\t\t\t\t\t<div class=\"elementor-container elementor-column-gap-default\">\n\t\t\t\t\t<div class=\"elementor-column elementor-col-100 elementor-top-column elementor-element elementor-element-ae5e000\" data-id=\"ae5e000\" data-element_type=\"column\">\n\t\t\t<div class=\"elementor-widget-wrap elementor-element-populated\">\n\t\t\t\t\t\t<div class=\"elementor-element elementor-element-888a828 elementor-widget elementor-widget-image\" data-id=\"888a828\" data-element_type=\"widget\" data-widget_type=\"image.default\">\n\t\t\t\t<div class=\"elementor-widget-container\">\n\t\t\t\t\t\t\t\t\t\t\t\t\t\t\t<img fetchpriority=\"high\" decoding=\"async\" width=\"696\" height=\"464\" src=\"https:\/\/pc.sc.gov.br\/\/wp-content\/uploads\/2023\/08\/53091888923_b74f0da044_k-1024x683.jpg\" class=\"attachment-large size-large wp-image-12256\" alt=\"\" srcset=\"https:\/\/pc.sc.gov.br\/\/wp-content\/uploads\/2023\/08\/53091888923_b74f0da044_k-1024x683.jpg 1024w, https:\/\/pc.sc.gov.br\/\/wp-content\/uploads\/2023\/08\/53091888923_b74f0da044_k-300x200.jpg 300w, https:\/\/pc.sc.gov.br\/\/wp-content\/uploads\/2023\/08\/53091888923_b74f0da044_k-768x512.jpg 768w, https:\/\/pc.sc.gov.br\/\/wp-content\/uploads\/2023\/08\/53091888923_b74f0da044_k-1536x1024.jpg 1536w, https:\/\/pc.sc.gov.br\/\/wp-content\/uploads\/2023\/08\/53091888923_b74f0da044_k.jpg 2048w\" sizes=\"(max-width: 696px) 100vw, 696px\" \/>\t\t\t\t\t\t\t\t\t\t\t\t\t\t\t<\/div>\n\t\t\t\t<\/div>\n\t\t\t\t\t<\/div>\n\t\t<\/div>\n\t\t\t\t\t<\/div>\n\t\t<\/section>\n\t\t\t\t<section class=\"elementor-section elementor-top-section elementor-element elementor-element-31c2608 elementor-section-boxed elementor-section-height-default elementor-section-height-default\" data-id=\"31c2608\" data-element_type=\"section\">\n\t\t\t\t\t\t<div class=\"elementor-container elementor-column-gap-default\">\n\t\t\t\t\t<div class=\"elementor-column elementor-col-100 elementor-top-column elementor-element elementor-element-027d017\" data-id=\"027d017\" data-element_type=\"column\">\n\t\t\t<div class=\"elementor-widget-wrap elementor-element-populated\">\n\t\t\t\t\t\t<div class=\"elementor-element elementor-element-3845300 elementor-widget elementor-widget-text-editor\" data-id=\"3845300\" data-element_type=\"widget\" data-widget_type=\"text-editor.default\">\n\t\t\t\t<div class=\"elementor-widget-container\">\n\t\t\t\t\t\t\t\t\t<p>Durante agenda em Blumenau nesta sexta-feira, 4, dentro das atividades do Programa Santa Catarina Levada a S\u00e9rio + Perto de Voc\u00ea, o governador Jorginho Mello fez a entrega de novos equipamentos para atender as demandas dos munic\u00edpios atendidos pela 3\u00aa Delegacia Regional de Pol\u00edcia (DRP) de Blumenau.<\/p>\n<p>A DRP foi contemplada com oito viaturas que v\u00e3o atender as delegacias de Pomerode, Ascurra, Indaial, Blumenau e Doutor Pedrinho. Tamb\u00e9m foram entregues 32 esta\u00e7\u00f5es de trabalho e 10 webcams para as delegacias de Api\u00fana, Ascurra, Benedito Novo, Doutor Pedrinho, Gaspar, Ilhota, Indaial, Rodeio, Timb\u00f3, Blumenau. O investimento total nessas melhorias foi de R$ 973 mil.<\/p>\n<p>Desde o in\u00edcio do governo Jorginho, a Pol\u00edcia Civil j\u00e1 recebeu 264 novas viaturas descaracterizadas, 751 esta\u00e7\u00f5es de trabalho e 282 webcams, o que representa um investimento de mais de R$ 30 milh\u00f5es.<\/p>\n<p>O governador destacou a import\u00e2ncia do trabalho da Pol\u00edcia Civil para a seguran\u00e7a p\u00fablica dos catarinenses. \u201cTemos investido nas nossas policiais para melhorar o servi\u00e7o l\u00e1 na ponta. S\u00e3o novas viaturas, armamentos e equipamentos que est\u00e3o adquiridos e sendo entregues para todas as regi\u00f5es do estado\u201d, destacou Jorginho Mello.<\/p>\n<p>A renova\u00e7\u00e3o da parte tecnol\u00f3gica da atua\u00e7\u00e3o \u00e9 fundamental para este novo momento da Pol\u00edcia Civil. \u201cNo in\u00edcio do ano implantamos o atestado de antecedentes online, evitando que o cidad\u00e3o tenha que se deslocar at\u00e9 uma delegacia para obter o documento, criamos o Sistema \u00danico de Den\u00fancias e teremos o Inqu\u00e9rito Digital, entre outras a\u00e7\u00f5es importantes para dar celeridade no atendimento das demandas\u201d, destacou o delegado-geral, Ulisses Gabriel.<span style=\"color: var( --e-global-color-text ); font-family: var( --e-global-typography-primary-font-family ), Sans-serif; font-size: var( --e-global-typography-primary-font-size ); font-weight: var( --e-global-typography-primary-font-weight ); letter-spacing: var( --e-global-typography-primary-letter-spacing );\">&nbsp;<\/span><\/p>\t\t\t\t\t\t\t\t<\/div>\n\t\t\t\t<\/div>\n\t\t\t\t\t<\/div>\n\t\t<\/div>\n\t\t\t\t\t<\/div>\n\t\t<\/section>\n\t\t\t\t<\/div>\n\t\t","protected":false},"excerpt":{"rendered":"<p>Em Blumenau, governador Jorginho entrega viaturas e equipamentos para Pol\u00edcia Civil Durante agenda em Blumenau nesta sexta-feira, 4, dentro das atividades do Programa Santa Catarina Levada a S\u00e9rio + Perto de Voc\u00ea, o governador Jorginho Mello fez a entrega de novos equipamentos para atender as demandas dos munic\u00edpios atendidos pela 3\u00aa Delegacia Regional de Pol\u00edcia [&hellip;]<\/p>\n","protected":false},"author":5,"featured_media":12256,"comment_status":"closed","ping_status":"open","sticky":false,"template":"","format":"standard","meta":{"_monsterinsights_skip_tracking":false,"_monsterinsights_sitenote_active":false,"_monsterinsights_sitenote_note":"","_monsterinsights_sitenote_category":0,"footnotes":""},"categories":[1],"tags":[],"class_list":["post-12255","post","type-post","status-publish","format-standard","has-post-thumbnail","hentry","category-sem-categoria"],"_links":{"self":[{"href":"https:\/\/pc.sc.gov.br\/index.php?rest_route=\/wp\/v2\/posts\/12255","targetHints":{"allow":["GET"]}}],"collection":[{"href":"https:\/\/pc.sc.gov.br\/index.php?rest_route=\/wp\/v2\/posts"}],"about":[{"href":"https:\/\/pc.sc.gov.br\/index.php?rest_route=\/wp\/v2\/types\/post"}],"author":[{"embeddable":true,"href":"https:\/\/pc.sc.gov.br\/index.php?rest_route=\/wp\/v2\/users\/5"}],"replies":[{"embeddable":true,"href":"https:\/\/pc.sc.gov.br\/index.php?rest_route=%2Fwp%2Fv2%2Fcomments&post=12255"}],"version-history":[{"count":4,"href":"https:\/\/pc.sc.gov.br\/index.php?rest_route=\/wp\/v2\/posts\/12255\/revisions"}],"predecessor-version":[{"id":12260,"href":"https:\/\/pc.sc.gov.br\/index.php?rest_route=\/wp\/v2\/posts\/12255\/revisions\/12260"}],"wp:featuredmedia":[{"embeddable":true,"href":"https:\/\/pc.sc.gov.br\/index.php?rest_route=\/wp\/v2\/media\/12256"}],"wp:attachment":[{"href":"https:\/\/pc.sc.gov.br\/index.php?rest_route=%2Fwp%2Fv2%2Fmedia&parent=12255"}],"wp:term":[{"taxonomy":"category","embeddable":true,"href":"https:\/\/pc.sc.gov.br\/index.php?rest_route=%2Fwp%2Fv2%2Fcategories&post=12255"},{"taxonomy":"post_tag","embeddable":true,"href":"https:\/\/pc.sc.gov.br\/index.php?rest_route=%2Fwp%2Fv2%2Ftags&post=12255"}],"curies":[{"name":"wp","href":"https:\/\/api.w.org\/{rel}","templated":true}]}}