{"id":12277,"date":"2023-08-04T15:12:19","date_gmt":"2023-08-04T18:12:19","guid":{"rendered":"https:\/\/pc.sc.gov.br\/?p=12277"},"modified":"2023-08-04T15:16:06","modified_gmt":"2023-08-04T18:16:06","slug":"policia-civil-prende-homem-que-agrediu-brutalmente-a-mulher-em-guaramirim","status":"publish","type":"post","link":"https:\/\/pc.sc.gov.br\/?p=12277","title":{"rendered":"Pol\u00edcia Civil prende homem que agrediu brutalmente a mulher em Guaramirim"},"content":{"rendered":"\t\t<div data-elementor-type=\"wp-post\" data-elementor-id=\"12277\" class=\"elementor elementor-12277\" data-elementor-post-type=\"post\">\n\t\t\t\t\t\t<section class=\"elementor-section elementor-top-section elementor-element elementor-element-a7f8337 elementor-section-boxed elementor-section-height-default elementor-section-height-default\" data-id=\"a7f8337\" data-element_type=\"section\">\n\t\t\t\t\t\t<div class=\"elementor-container elementor-column-gap-default\">\n\t\t\t\t\t<div class=\"elementor-column elementor-col-100 elementor-top-column elementor-element elementor-element-180fd47\" data-id=\"180fd47\" data-element_type=\"column\">\n\t\t\t<div class=\"elementor-widget-wrap elementor-element-populated\">\n\t\t\t\t\t\t<div class=\"elementor-element elementor-element-83d2a76 elementor-widget elementor-widget-heading\" data-id=\"83d2a76\" data-element_type=\"widget\" data-widget_type=\"heading.default\">\n\t\t\t\t<div class=\"elementor-widget-container\">\n\t\t\t\t\t<h2 class=\"elementor-heading-title elementor-size-default\">Pol\u00edcia Civil prende homem que agrediu brutalmente a esposa em Guaramirim<\/h2>\t\t\t\t<\/div>\n\t\t\t\t<\/div>\n\t\t\t\t\t<\/div>\n\t\t<\/div>\n\t\t\t\t\t<\/div>\n\t\t<\/section>\n\t\t\t\t<section class=\"elementor-section elementor-top-section elementor-element elementor-element-4333057 elementor-section-boxed elementor-section-height-default elementor-section-height-default\" data-id=\"4333057\" data-element_type=\"section\">\n\t\t\t\t\t\t<div class=\"elementor-container elementor-column-gap-default\">\n\t\t\t\t\t<div class=\"elementor-column elementor-col-100 elementor-top-column elementor-element elementor-element-8354c37\" data-id=\"8354c37\" data-element_type=\"column\">\n\t\t\t<div class=\"elementor-widget-wrap elementor-element-populated\">\n\t\t\t\t\t\t<div class=\"elementor-element elementor-element-dced3da elementor-widget elementor-widget-image\" data-id=\"dced3da\" data-element_type=\"widget\" data-widget_type=\"image.default\">\n\t\t\t\t<div class=\"elementor-widget-container\">\n\t\t\t\t\t\t\t\t\t\t\t\t\t\t\t<img fetchpriority=\"high\" decoding=\"async\" width=\"696\" height=\"553\" src=\"https:\/\/pc.sc.gov.br\/\/wp-content\/uploads\/2023\/07\/WhatsApp-Image-2023-07-06-at-17.44.06.jpeg\" class=\"attachment-large size-large wp-image-11229\" alt=\"\" srcset=\"https:\/\/pc.sc.gov.br\/\/wp-content\/uploads\/2023\/07\/WhatsApp-Image-2023-07-06-at-17.44.06.jpeg 791w, https:\/\/pc.sc.gov.br\/\/wp-content\/uploads\/2023\/07\/WhatsApp-Image-2023-07-06-at-17.44.06-300x239.jpeg 300w, https:\/\/pc.sc.gov.br\/\/wp-content\/uploads\/2023\/07\/WhatsApp-Image-2023-07-06-at-17.44.06-768x611.jpeg 768w\" sizes=\"(max-width: 696px) 100vw, 696px\" \/>\t\t\t\t\t\t\t\t\t\t\t\t\t\t\t<\/div>\n\t\t\t\t<\/div>\n\t\t\t\t\t<\/div>\n\t\t<\/div>\n\t\t\t\t\t<\/div>\n\t\t<\/section>\n\t\t\t\t<section class=\"elementor-section elementor-top-section elementor-element elementor-element-0d93d3e elementor-section-boxed elementor-section-height-default elementor-section-height-default\" data-id=\"0d93d3e\" data-element_type=\"section\">\n\t\t\t\t\t\t<div class=\"elementor-container elementor-column-gap-default\">\n\t\t\t\t\t<div class=\"elementor-column elementor-col-100 elementor-top-column elementor-element elementor-element-2f6b4fb\" data-id=\"2f6b4fb\" data-element_type=\"column\">\n\t\t\t<div class=\"elementor-widget-wrap elementor-element-populated\">\n\t\t\t\t\t\t<div class=\"elementor-element elementor-element-ef70fe2 elementor-widget elementor-widget-text-editor\" data-id=\"ef70fe2\" data-element_type=\"widget\" data-widget_type=\"text-editor.default\">\n\t\t\t\t<div class=\"elementor-widget-container\">\n\t\t\t\t\t\t\t\t\t<p>Nesta sexta-feira (4), a Pol\u00edcia Civil de Santa Catarina, por meio da delegacia de Guaramirim, cumpriu mandado de pris\u00e3o contra homem em decorr\u00eancia de crime de les\u00e3o corporal contra a esposa, no \u00e2mbito da viol\u00eancia dom\u00e9stica.&nbsp;<span style=\"font-family: var( --e-global-typography-text-font-family ), Sans-serif; font-size: var( --e-global-typography-text-font-size );\">O autor agrediu brutalmente a v\u00edtima com socos na regi\u00e3o rosto, resultando em fratura no nariz, perda de um dente e les\u00f5es nas orelhas e pesco\u00e7o.&nbsp;<\/span><\/p>\n<p>As agress\u00f5es come\u00e7aram pelo fato do suspeito querer acessar o celular da v\u00edtima por ci\u00fames e s\u00f3 cessaram quando a filha do casal de um ano de idade, que estava no local, acordou e come\u00e7ou a chorar.&nbsp;<span style=\"font-family: var( --e-global-typography-text-font-family ), Sans-serif; font-size: var( --e-global-typography-text-font-size );\">Durante depoimento, a v\u00edtima, que havia reatado o relacionamento com o preso h\u00e1 dois meses, alegou ter sido agredida em outras oportunidades.&nbsp;<\/span><\/p>\n<p>Em consulta ao Sistema Integrado de Seguran\u00e7a P\u00fablica, constatou-se que o suspeito possui extensa ficha criminal, sendo autor de diversos crimes, alguns envolvendo viol\u00eancia.&nbsp;<span style=\"font-family: var( --e-global-typography-text-font-family ), Sans-serif; font-size: var( --e-global-typography-text-font-size );\">Atualmente, fazia uso de tornozeleira eletr\u00f4nica em raz\u00e3o de pris\u00e3o resultante do descumprimento de medidas protetivas de urg\u00eancia.<\/span><\/p>\n<p>O agressor foi encaminhado para o Pres\u00eddio de Jaragu\u00e1 do Sul, onde permanece \u00e0 disposi\u00e7\u00e3o da Justi\u00e7a.<\/p>\n<div>&nbsp;<\/div>\t\t\t\t\t\t\t\t<\/div>\n\t\t\t\t<\/div>\n\t\t\t\t\t<\/div>\n\t\t<\/div>\n\t\t\t\t\t<\/div>\n\t\t<\/section>\n\t\t\t\t<\/div>\n\t\t","protected":false},"excerpt":{"rendered":"<p>Pol\u00edcia Civil prende homem que agrediu brutalmente a esposa em Guaramirim Nesta sexta-feira (4), a Pol\u00edcia Civil de Santa Catarina, por meio da delegacia de Guaramirim, cumpriu mandado de pris\u00e3o contra homem em decorr\u00eancia de crime de les\u00e3o corporal contra a esposa, no \u00e2mbito da viol\u00eancia dom\u00e9stica.&nbsp;O autor agrediu brutalmente a v\u00edtima com socos na [&hellip;]<\/p>\n","protected":false},"author":5,"featured_media":12199,"comment_status":"closed","ping_status":"open","sticky":false,"template":"","format":"standard","meta":{"_monsterinsights_skip_tracking":false,"_monsterinsights_sitenote_active":false,"_monsterinsights_sitenote_note":"","_monsterinsights_sitenote_category":0,"footnotes":""},"categories":[1],"tags":[],"class_list":["post-12277","post","type-post","status-publish","format-standard","has-post-thumbnail","hentry","category-sem-categoria"],"_links":{"self":[{"href":"https:\/\/pc.sc.gov.br\/index.php?rest_route=\/wp\/v2\/posts\/12277","targetHints":{"allow":["GET"]}}],"collection":[{"href":"https:\/\/pc.sc.gov.br\/index.php?rest_route=\/wp\/v2\/posts"}],"about":[{"href":"https:\/\/pc.sc.gov.br\/index.php?rest_route=\/wp\/v2\/types\/post"}],"author":[{"embeddable":true,"href":"https:\/\/pc.sc.gov.br\/index.php?rest_route=\/wp\/v2\/users\/5"}],"replies":[{"embeddable":true,"href":"https:\/\/pc.sc.gov.br\/index.php?rest_route=%2Fwp%2Fv2%2Fcomments&post=12277"}],"version-history":[{"count":5,"href":"https:\/\/pc.sc.gov.br\/index.php?rest_route=\/wp\/v2\/posts\/12277\/revisions"}],"predecessor-version":[{"id":12282,"href":"https:\/\/pc.sc.gov.br\/index.php?rest_route=\/wp\/v2\/posts\/12277\/revisions\/12282"}],"wp:featuredmedia":[{"embeddable":true,"href":"https:\/\/pc.sc.gov.br\/index.php?rest_route=\/wp\/v2\/media\/12199"}],"wp:attachment":[{"href":"https:\/\/pc.sc.gov.br\/index.php?rest_route=%2Fwp%2Fv2%2Fmedia&parent=12277"}],"wp:term":[{"taxonomy":"category","embeddable":true,"href":"https:\/\/pc.sc.gov.br\/index.php?rest_route=%2Fwp%2Fv2%2Fcategories&post=12277"},{"taxonomy":"post_tag","embeddable":true,"href":"https:\/\/pc.sc.gov.br\/index.php?rest_route=%2Fwp%2Fv2%2Ftags&post=12277"}],"curies":[{"name":"wp","href":"https:\/\/api.w.org\/{rel}","templated":true}]}}