{"id":12283,"date":"2023-08-04T15:51:41","date_gmt":"2023-08-04T18:51:41","guid":{"rendered":"https:\/\/pc.sc.gov.br\/?p=12283"},"modified":"2023-08-04T16:18:02","modified_gmt":"2023-08-04T19:18:02","slug":"dic-de-tubarao-prende-autores-de-assalto-a-idoso-que-foi-agredido-e-teve-r-20-mil-roubados-de-seu-estabelecimento-comercial","status":"publish","type":"post","link":"https:\/\/pc.sc.gov.br\/?p=12283","title":{"rendered":"DIC de Tubar\u00e3o prende autores de assalto a idoso que foi agredido e teve R$ 20 mil roubados de seu estabelecimento comercial"},"content":{"rendered":"\t\t<div data-elementor-type=\"wp-post\" data-elementor-id=\"12283\" class=\"elementor elementor-12283\" data-elementor-post-type=\"post\">\n\t\t\t\t\t\t<section class=\"elementor-section elementor-top-section elementor-element elementor-element-f89cd4f elementor-section-boxed elementor-section-height-default elementor-section-height-default\" data-id=\"f89cd4f\" data-element_type=\"section\">\n\t\t\t\t\t\t<div class=\"elementor-container elementor-column-gap-default\">\n\t\t\t\t\t<div class=\"elementor-column elementor-col-100 elementor-top-column elementor-element elementor-element-c068f6d\" data-id=\"c068f6d\" data-element_type=\"column\">\n\t\t\t<div class=\"elementor-widget-wrap elementor-element-populated\">\n\t\t\t\t\t\t<div class=\"elementor-element elementor-element-7ac11a3 elementor-widget elementor-widget-heading\" data-id=\"7ac11a3\" data-element_type=\"widget\" data-widget_type=\"heading.default\">\n\t\t\t\t<div class=\"elementor-widget-container\">\n\t\t\t\t\t<h2 class=\"elementor-heading-title elementor-size-default\">DIC de Tubar\u00e3o prende autores de assalto a idoso que foi agredido e teve R$ 20 mil roubados de seu estabelecimento comercial<\/h2>\t\t\t\t<\/div>\n\t\t\t\t<\/div>\n\t\t\t\t\t<\/div>\n\t\t<\/div>\n\t\t\t\t\t<\/div>\n\t\t<\/section>\n\t\t\t\t<section class=\"elementor-section elementor-top-section elementor-element elementor-element-4f55580 elementor-section-boxed elementor-section-height-default elementor-section-height-default\" data-id=\"4f55580\" data-element_type=\"section\">\n\t\t\t\t\t\t<div class=\"elementor-container elementor-column-gap-default\">\n\t\t\t\t\t<div class=\"elementor-column elementor-col-100 elementor-top-column elementor-element elementor-element-8a6de5e\" data-id=\"8a6de5e\" data-element_type=\"column\">\n\t\t\t<div class=\"elementor-widget-wrap elementor-element-populated\">\n\t\t\t\t\t\t<div class=\"elementor-element elementor-element-3fca6be elementor-widget elementor-widget-image\" data-id=\"3fca6be\" data-element_type=\"widget\" data-widget_type=\"image.default\">\n\t\t\t\t<div class=\"elementor-widget-container\">\n\t\t\t\t\t\t\t\t\t\t\t\t\t\t\t<img fetchpriority=\"high\" decoding=\"async\" width=\"605\" height=\"507\" src=\"https:\/\/pc.sc.gov.br\/\/wp-content\/uploads\/2023\/08\/DIC-TUBA.jpeg\" class=\"attachment-large size-large wp-image-12286\" alt=\"\" srcset=\"https:\/\/pc.sc.gov.br\/\/wp-content\/uploads\/2023\/08\/DIC-TUBA.jpeg 605w, https:\/\/pc.sc.gov.br\/\/wp-content\/uploads\/2023\/08\/DIC-TUBA-300x251.jpeg 300w\" sizes=\"(max-width: 605px) 100vw, 605px\" \/>\t\t\t\t\t\t\t\t\t\t\t\t\t\t\t<\/div>\n\t\t\t\t<\/div>\n\t\t\t\t\t<\/div>\n\t\t<\/div>\n\t\t\t\t\t<\/div>\n\t\t<\/section>\n\t\t\t\t<section class=\"elementor-section elementor-top-section elementor-element elementor-element-0aa37dc elementor-section-boxed elementor-section-height-default elementor-section-height-default\" data-id=\"0aa37dc\" data-element_type=\"section\">\n\t\t\t\t\t\t<div class=\"elementor-container elementor-column-gap-default\">\n\t\t\t\t\t<div class=\"elementor-column elementor-col-100 elementor-top-column elementor-element elementor-element-fe4d84b\" data-id=\"fe4d84b\" data-element_type=\"column\">\n\t\t\t<div class=\"elementor-widget-wrap elementor-element-populated\">\n\t\t\t\t\t\t<div class=\"elementor-element elementor-element-e046a52 elementor-widget elementor-widget-text-editor\" data-id=\"e046a52\" data-element_type=\"widget\" data-widget_type=\"text-editor.default\">\n\t\t\t\t<div class=\"elementor-widget-container\">\n\t\t\t\t\t\t\t\t\t<p>A Pol\u00edcia Civil de Santa Catarina, por meio da Divis\u00e3o de Investiga\u00e7\u00e3o Criminal de Tubar\u00e3o, elucidou um roubo ocorrido em um estabelecimento comercial situado no bairro Monte Castelo, na cidade de Tubar\u00e3o. No dia 08\/05\/2023, por volta das 17h40min, dois indiv\u00edduos ingressaram no local, agrediram um senhor de 75 anos e subtra\u00edram cerca de R$ 20 mil.\u00a0<\/p><p>Assim que tomou conhecimento do fato, a DIC de Tubar\u00e3o procedeu as dilig\u00eancias e, ap\u00f3s quase tr\u00eas meses de investiga\u00e7\u00e3o, identificou os tr\u00eas indiv\u00edduos que participaram do assalto. Na data do fato, dois indiv\u00edduos ingressaram no local, mas a Pol\u00edcia Civil catarinense apurou que um terceiro indiv\u00edduo teria repassado informa\u00e7\u00f5es privilegiadas, levou a dupla at\u00e9 o local e depois buscado a dupla.\u00a0<\/p><p>Ap\u00f3s o cumprimento de mandado de busca e apreens\u00e3o na casa de um dos suspeitos, a DIC de Tubar\u00e3o chegou \u00e0 identifica\u00e7\u00e3o dos outros dois autores, ambos naturais de Bento Gon\u00e7alves (RS).\u00a0<\/p><p>Diante dos fatos e de robusto conjunto probat\u00f3rio, a Pol\u00edcia Civil representou pela pris\u00e3o preventiva dos tr\u00eas envolvidos, pleito deferido pelo Ju\u00edzo da 2\u00ba Vara Criminal desta Comarca. De posse dos mandados de pris\u00e3o, os investigadores desta unidade procederam em dilig\u00eancias no intuito de capturar os indiciados.\u00a0<\/p><p>Um dos autores foi capturado em um cl\u00ednica de dependentes qu\u00edmicos na cidade de Tubar\u00e3o e outro encontrava-se preso na cidade de Crici\u00fama por outro fato e foi dado cumprimento ao mandado de pris\u00e3o de Tubar\u00e3o em seu desfavor.\u00a0<\/p><p>O terceiro indiv\u00edduo j\u00e1 teria retornado a Bento Gon\u00e7alves e, nesta sexta-feira (4), ap\u00f3s troca de informa\u00e7\u00f5es com a DIC de Tubar\u00e3o, policiais civis da PCRS lograram \u00eaxito em captur\u00e1-lo.\u00a0<\/p><p>O inqu\u00e9rito policial foi finalizado e encaminhado ao Poder Judici\u00e1rio e ao Minist\u00e9rio P\u00fablico para a continuidade da Persecu\u00e7\u00e3o Penal.\u00a0<\/p><p>\u00a0<\/p><p>\u00a0<\/p>\t\t\t\t\t\t\t\t<\/div>\n\t\t\t\t<\/div>\n\t\t\t\t\t<\/div>\n\t\t<\/div>\n\t\t\t\t\t<\/div>\n\t\t<\/section>\n\t\t\t\t<\/div>\n\t\t","protected":false},"excerpt":{"rendered":"<p>DIC de Tubar\u00e3o prende autores de assalto a idoso que foi agredido e teve R$ 20 mil roubados de seu estabelecimento comercial A Pol\u00edcia Civil de Santa Catarina, por meio da Divis\u00e3o de Investiga\u00e7\u00e3o Criminal de Tubar\u00e3o, elucidou um roubo ocorrido em um estabelecimento comercial situado no bairro Monte Castelo, na cidade de Tubar\u00e3o. No [&hellip;]<\/p>\n","protected":false},"author":5,"featured_media":12290,"comment_status":"closed","ping_status":"open","sticky":false,"template":"","format":"standard","meta":{"_monsterinsights_skip_tracking":false,"_monsterinsights_sitenote_active":false,"_monsterinsights_sitenote_note":"","_monsterinsights_sitenote_category":0,"footnotes":""},"categories":[1],"tags":[],"class_list":["post-12283","post","type-post","status-publish","format-standard","has-post-thumbnail","hentry","category-sem-categoria"],"_links":{"self":[{"href":"https:\/\/pc.sc.gov.br\/index.php?rest_route=\/wp\/v2\/posts\/12283","targetHints":{"allow":["GET"]}}],"collection":[{"href":"https:\/\/pc.sc.gov.br\/index.php?rest_route=\/wp\/v2\/posts"}],"about":[{"href":"https:\/\/pc.sc.gov.br\/index.php?rest_route=\/wp\/v2\/types\/post"}],"author":[{"embeddable":true,"href":"https:\/\/pc.sc.gov.br\/index.php?rest_route=\/wp\/v2\/users\/5"}],"replies":[{"embeddable":true,"href":"https:\/\/pc.sc.gov.br\/index.php?rest_route=%2Fwp%2Fv2%2Fcomments&post=12283"}],"version-history":[{"count":5,"href":"https:\/\/pc.sc.gov.br\/index.php?rest_route=\/wp\/v2\/posts\/12283\/revisions"}],"predecessor-version":[{"id":12291,"href":"https:\/\/pc.sc.gov.br\/index.php?rest_route=\/wp\/v2\/posts\/12283\/revisions\/12291"}],"wp:featuredmedia":[{"embeddable":true,"href":"https:\/\/pc.sc.gov.br\/index.php?rest_route=\/wp\/v2\/media\/12290"}],"wp:attachment":[{"href":"https:\/\/pc.sc.gov.br\/index.php?rest_route=%2Fwp%2Fv2%2Fmedia&parent=12283"}],"wp:term":[{"taxonomy":"category","embeddable":true,"href":"https:\/\/pc.sc.gov.br\/index.php?rest_route=%2Fwp%2Fv2%2Fcategories&post=12283"},{"taxonomy":"post_tag","embeddable":true,"href":"https:\/\/pc.sc.gov.br\/index.php?rest_route=%2Fwp%2Fv2%2Ftags&post=12283"}],"curies":[{"name":"wp","href":"https:\/\/api.w.org\/{rel}","templated":true}]}}