{"id":12298,"date":"2023-08-07T19:11:35","date_gmt":"2023-08-07T22:11:35","guid":{"rendered":"https:\/\/pc.sc.gov.br\/?p=12298"},"modified":"2023-08-07T19:15:39","modified_gmt":"2023-08-07T22:15:39","slug":"policia-civil-assina-termo-de-cooperacao-com-senac-para-oferecer-cursos-as-mulheres-em-situacao-de-violencia","status":"publish","type":"post","link":"https:\/\/pc.sc.gov.br\/?p=12298","title":{"rendered":"Pol\u00edcia Civil assina termo de coopera\u00e7\u00e3o com Senac para oferecer cursos \u00e0s mulheres em situa\u00e7\u00e3o de viol\u00eancia"},"content":{"rendered":"\t\t<div data-elementor-type=\"wp-post\" data-elementor-id=\"12298\" class=\"elementor elementor-12298\" data-elementor-post-type=\"post\">\n\t\t\t\t\t\t<section class=\"elementor-section elementor-top-section elementor-element elementor-element-8f32206 elementor-section-boxed elementor-section-height-default elementor-section-height-default\" data-id=\"8f32206\" data-element_type=\"section\">\n\t\t\t\t\t\t<div class=\"elementor-container elementor-column-gap-default\">\n\t\t\t\t\t<div class=\"elementor-column elementor-col-100 elementor-top-column elementor-element elementor-element-68f67d9\" data-id=\"68f67d9\" data-element_type=\"column\">\n\t\t\t<div class=\"elementor-widget-wrap elementor-element-populated\">\n\t\t\t\t\t\t<div class=\"elementor-element elementor-element-a1c4b2a elementor-widget elementor-widget-heading\" data-id=\"a1c4b2a\" data-element_type=\"widget\" data-widget_type=\"heading.default\">\n\t\t\t\t<div class=\"elementor-widget-container\">\n\t\t\t\t\t<h2 class=\"elementor-heading-title elementor-size-default\">Pol\u00edcia Civil assina termo de coopera\u00e7\u00e3o t\u00e9cnica com Senac para oferecer cursos \u00e0s mulheres em situa\u00e7\u00e3o de viol\u00eancia<\/h2>\t\t\t\t<\/div>\n\t\t\t\t<\/div>\n\t\t\t\t\t<\/div>\n\t\t<\/div>\n\t\t\t\t\t<\/div>\n\t\t<\/section>\n\t\t\t\t<section class=\"elementor-section elementor-top-section elementor-element elementor-element-e2a1aa7 elementor-section-boxed elementor-section-height-default elementor-section-height-default\" data-id=\"e2a1aa7\" data-element_type=\"section\">\n\t\t\t\t\t\t<div class=\"elementor-container elementor-column-gap-default\">\n\t\t\t\t\t<div class=\"elementor-column elementor-col-100 elementor-top-column elementor-element elementor-element-da3a588\" data-id=\"da3a588\" data-element_type=\"column\">\n\t\t\t<div class=\"elementor-widget-wrap elementor-element-populated\">\n\t\t\t\t\t\t<div class=\"elementor-element elementor-element-6c09941 elementor-widget elementor-widget-image\" data-id=\"6c09941\" data-element_type=\"widget\" data-widget_type=\"image.default\">\n\t\t\t\t<div class=\"elementor-widget-container\">\n\t\t\t\t\t\t\t\t\t\t\t\t\t\t\t<img fetchpriority=\"high\" decoding=\"async\" width=\"696\" height=\"392\" src=\"https:\/\/pc.sc.gov.br\/\/wp-content\/uploads\/2023\/08\/ULISSES-01-SENAC-1024x576.jpeg\" class=\"attachment-large size-large wp-image-12299\" alt=\"\" srcset=\"https:\/\/pc.sc.gov.br\/\/wp-content\/uploads\/2023\/08\/ULISSES-01-SENAC-1024x576.jpeg 1024w, https:\/\/pc.sc.gov.br\/\/wp-content\/uploads\/2023\/08\/ULISSES-01-SENAC-300x169.jpeg 300w, https:\/\/pc.sc.gov.br\/\/wp-content\/uploads\/2023\/08\/ULISSES-01-SENAC-768x432.jpeg 768w, https:\/\/pc.sc.gov.br\/\/wp-content\/uploads\/2023\/08\/ULISSES-01-SENAC-1536x864.jpeg 1536w, https:\/\/pc.sc.gov.br\/\/wp-content\/uploads\/2023\/08\/ULISSES-01-SENAC.jpeg 1600w\" sizes=\"(max-width: 696px) 100vw, 696px\" \/>\t\t\t\t\t\t\t\t\t\t\t\t\t\t\t<\/div>\n\t\t\t\t<\/div>\n\t\t\t\t\t<\/div>\n\t\t<\/div>\n\t\t\t\t\t<\/div>\n\t\t<\/section>\n\t\t\t\t<section class=\"elementor-section elementor-top-section elementor-element elementor-element-c904740 elementor-section-boxed elementor-section-height-default elementor-section-height-default\" data-id=\"c904740\" data-element_type=\"section\">\n\t\t\t\t\t\t<div class=\"elementor-container elementor-column-gap-default\">\n\t\t\t\t\t<div class=\"elementor-column elementor-col-100 elementor-top-column elementor-element elementor-element-3d1dfc3\" data-id=\"3d1dfc3\" data-element_type=\"column\">\n\t\t\t<div class=\"elementor-widget-wrap elementor-element-populated\">\n\t\t\t\t\t\t<div class=\"elementor-element elementor-element-e246ff7 elementor-widget elementor-widget-text-editor\" data-id=\"e246ff7\" data-element_type=\"widget\" data-widget_type=\"text-editor.default\">\n\t\t\t\t<div class=\"elementor-widget-container\">\n\t\t\t\t\t\t\t\t\t<p>A Pol\u00edcia Civil de Santa Catarina assinou nesta segunda-feira, 7,\u00a0 Termo de Coopera\u00e7\u00e3o T\u00e9cnica com o Senac que prev\u00ea a retomada dos cursos de capacita\u00e7\u00e3o profissional para mulheres v\u00edtimas de viol\u00eancia. A a\u00e7\u00e3o integra o projeto PC por Elas, cuja a parceria visa a promo\u00e7\u00e3o da autonomia das mulheres v\u00edtimas de viol\u00eancia dom\u00e9stica, por meio do Programa SENAC Gratuidade.<\/p><p>Para o delegado-geral da Pol\u00edcia Civil, Ulisses Gabriel, a parceria entre a PCSC e o Senac \u00e9 muito importante para a sociedade catarinense no contexto de preven\u00e7\u00e3o \u00e0 viol\u00eancia. \u201cHoje, dia do anivers\u00e1rio da Lei Maria da Penha, estamos dando um passo importante e essencial para prevenir \u00e0 viol\u00eancia dom\u00e9stica com a assinatura deste termo para a cria\u00e7\u00e3o de mecanismo de preven\u00e7\u00e3o \u00e0 viol\u00eancia dom\u00e9stica\u201d, assinalou.\u00a0<\/p><p>Conforme a Coordenadora das DPCAMIs, delegada Patr\u00edcia Zimmermann, oferecer capacita\u00e7\u00e3o t\u00e9cnica para mulheres \u00e9 uma ferramenta fundamental para prevenir atos de viol\u00eancia. \u201cNa maioria das vezes as mulheres dependem financeiramente do marido, o que as impede de sair do ciclo da viol\u00eancia. Nossa parceria \u00e9 tamb\u00e9m para mostrar que existem alternativas, que \u00e9 poss\u00edvel sair de uma situa\u00e7\u00e3o de viol\u00eancia e reconstruir sua vida\u201d, disse a delegada Patr\u00edcia Zimmermann.\u00a0<\/p><p>O diretor Regional do Senac, Alexandre Bevilacqua Meneguetti, destacou a uni\u00e3o de esfor\u00e7os de todas as entidades, como Sesc, Fiesc e Fecom\u00e9rcio, em torno de a\u00e7\u00f5es sistem\u00e1ticas para combater crimes contra a mulher. Tamb\u00e9m participaram do ato a agente de Pol\u00edcia, Vanessa Caminha; , o diretor financeiro do Sesc SC, Jeison Jos\u00e9 da Matta;\u00a0 superintendente da Fecom\u00e9rcio SC, Renato Barcellos; o presidente e vice da Adepol, delegados John Vieira e Gustavo Kremer e o chefe de gabinete da DG, delegado Marcelo Nogueira.<\/p><div>\u00a0<\/div>\t\t\t\t\t\t\t\t<\/div>\n\t\t\t\t<\/div>\n\t\t\t\t\t<\/div>\n\t\t<\/div>\n\t\t\t\t\t<\/div>\n\t\t<\/section>\n\t\t\t\t<\/div>\n\t\t","protected":false},"excerpt":{"rendered":"<p>Pol\u00edcia Civil assina termo de coopera\u00e7\u00e3o t\u00e9cnica com Senac para oferecer cursos \u00e0s mulheres em situa\u00e7\u00e3o de viol\u00eancia A Pol\u00edcia Civil de Santa Catarina assinou nesta segunda-feira, 7,&nbsp; Termo de Coopera\u00e7\u00e3o T\u00e9cnica com o Senac que prev\u00ea a retomada dos cursos de capacita\u00e7\u00e3o profissional para mulheres v\u00edtimas de viol\u00eancia. A a\u00e7\u00e3o integra o projeto PC [&hellip;]<\/p>\n","protected":false},"author":5,"featured_media":12299,"comment_status":"closed","ping_status":"open","sticky":false,"template":"","format":"standard","meta":{"_monsterinsights_skip_tracking":false,"_monsterinsights_sitenote_active":false,"_monsterinsights_sitenote_note":"","_monsterinsights_sitenote_category":0,"footnotes":""},"categories":[1],"tags":[],"class_list":["post-12298","post","type-post","status-publish","format-standard","has-post-thumbnail","hentry","category-sem-categoria"],"_links":{"self":[{"href":"https:\/\/pc.sc.gov.br\/index.php?rest_route=\/wp\/v2\/posts\/12298","targetHints":{"allow":["GET"]}}],"collection":[{"href":"https:\/\/pc.sc.gov.br\/index.php?rest_route=\/wp\/v2\/posts"}],"about":[{"href":"https:\/\/pc.sc.gov.br\/index.php?rest_route=\/wp\/v2\/types\/post"}],"author":[{"embeddable":true,"href":"https:\/\/pc.sc.gov.br\/index.php?rest_route=\/wp\/v2\/users\/5"}],"replies":[{"embeddable":true,"href":"https:\/\/pc.sc.gov.br\/index.php?rest_route=%2Fwp%2Fv2%2Fcomments&post=12298"}],"version-history":[{"count":4,"href":"https:\/\/pc.sc.gov.br\/index.php?rest_route=\/wp\/v2\/posts\/12298\/revisions"}],"predecessor-version":[{"id":12306,"href":"https:\/\/pc.sc.gov.br\/index.php?rest_route=\/wp\/v2\/posts\/12298\/revisions\/12306"}],"wp:featuredmedia":[{"embeddable":true,"href":"https:\/\/pc.sc.gov.br\/index.php?rest_route=\/wp\/v2\/media\/12299"}],"wp:attachment":[{"href":"https:\/\/pc.sc.gov.br\/index.php?rest_route=%2Fwp%2Fv2%2Fmedia&parent=12298"}],"wp:term":[{"taxonomy":"category","embeddable":true,"href":"https:\/\/pc.sc.gov.br\/index.php?rest_route=%2Fwp%2Fv2%2Fcategories&post=12298"},{"taxonomy":"post_tag","embeddable":true,"href":"https:\/\/pc.sc.gov.br\/index.php?rest_route=%2Fwp%2Fv2%2Ftags&post=12298"}],"curies":[{"name":"wp","href":"https:\/\/api.w.org\/{rel}","templated":true}]}}