{"id":12307,"date":"2023-08-08T14:38:40","date_gmt":"2023-08-08T17:38:40","guid":{"rendered":"https:\/\/pc.sc.gov.br\/?p=12307"},"modified":"2023-08-08T14:58:14","modified_gmt":"2023-08-08T17:58:14","slug":"em-joinville-policia-civil-prende-em-flagrante-pelo-crime-de-posse-irregular-de-arma-de-fogo-homem-que-ameacou-a-companheira-de-morte","status":"publish","type":"post","link":"https:\/\/pc.sc.gov.br\/?p=12307","title":{"rendered":"Em Joinville, Pol\u00edcia Civil prende em flagrante, pelo crime de posse irregular de arma de fogo, homem que amea\u00e7ou a companheira de morte"},"content":{"rendered":"\t\t<div data-elementor-type=\"wp-post\" data-elementor-id=\"12307\" class=\"elementor elementor-12307\" data-elementor-post-type=\"post\">\n\t\t\t\t\t\t<section class=\"elementor-section elementor-top-section elementor-element elementor-element-ed4a018 elementor-section-boxed elementor-section-height-default elementor-section-height-default\" data-id=\"ed4a018\" data-element_type=\"section\">\n\t\t\t\t\t\t<div class=\"elementor-container elementor-column-gap-default\">\n\t\t\t\t\t<div class=\"elementor-column elementor-col-100 elementor-top-column elementor-element elementor-element-b0b9f31\" data-id=\"b0b9f31\" data-element_type=\"column\">\n\t\t\t<div class=\"elementor-widget-wrap elementor-element-populated\">\n\t\t\t\t\t\t<div class=\"elementor-element elementor-element-c5fd2d0 elementor-widget elementor-widget-heading\" data-id=\"c5fd2d0\" data-element_type=\"widget\" data-widget_type=\"heading.default\">\n\t\t\t\t<div class=\"elementor-widget-container\">\n\t\t\t\t\t<h2 class=\"elementor-heading-title elementor-size-default\">Em Joinville, Pol\u00edcia Civil prende em flagrante, pelo crime de posse irregular de arma de fogo, homem que amea\u00e7ou a companheira de morte<\/h2>\t\t\t\t<\/div>\n\t\t\t\t<\/div>\n\t\t\t\t\t<\/div>\n\t\t<\/div>\n\t\t\t\t\t<\/div>\n\t\t<\/section>\n\t\t\t\t<section class=\"elementor-section elementor-top-section elementor-element elementor-element-3c28367 elementor-section-boxed elementor-section-height-default elementor-section-height-default\" data-id=\"3c28367\" data-element_type=\"section\">\n\t\t\t\t\t\t<div class=\"elementor-container elementor-column-gap-default\">\n\t\t\t\t\t<div class=\"elementor-column elementor-col-100 elementor-top-column elementor-element elementor-element-574ccde\" data-id=\"574ccde\" data-element_type=\"column\">\n\t\t\t<div class=\"elementor-widget-wrap elementor-element-populated\">\n\t\t\t\t\t\t<div class=\"elementor-element elementor-element-8dd8ab4 elementor-widget elementor-widget-text-editor\" data-id=\"8dd8ab4\" data-element_type=\"widget\" data-widget_type=\"text-editor.default\">\n\t\t\t\t<div class=\"elementor-widget-container\">\n\t\t\t\t\t\t\t\t\t<p>A Pol\u00edcia Civil de Santa Catarina, por meio da Delegacia de Prote\u00e7\u00e3o \u00e0 Crian\u00e7a, \u00e0 Mulher ao Adolescente e ao Idoso (DPCAMI) de Joinville prendeu em flagrante na segunda-feira, 7, um homem de 56 anos, autor do crime de posse irregular de arma de fogo e muni\u00e7\u00f5es de uso permitido, ap\u00f3s este ter amea\u00e7ado a sua esposa.<\/p><p>A v\u00edtima de viol\u00eancia dom\u00e9stica, temendo por sua vida e de seus filhos, procurou a delegacia logo no in\u00edcio da tarde para denunciar as amea\u00e7as que estava recebendo de seu marido, tendo relatado que, em uma das amea\u00e7as, ele teria utilizado uma arma de fogo, a qual, segundo ela, n\u00e3o tinha registro.<\/p><p>Em raz\u00e3o dessa informa\u00e7\u00e3o, a equipe de policiais da DPCAMI, de imediato, deslocou-se at\u00e9 a resid\u00eancia da v\u00edtima, onde encontrou o suposto autor e duas armas de fogo sem o devido registro, sendo uma espingarda Calibre 28 e uma espingarda calibre 20, al\u00e9m de muni\u00e7\u00f5es.<span style=\"font-family: var( --e-global-typography-primary-font-family ), Sans-serif; font-size: var( --e-global-typography-primary-font-size ); font-weight: var( --e-global-typography-primary-font-weight ); letter-spacing: var( --e-global-typography-primary-letter-spacing );\">&nbsp;<\/span><\/p><p>O homem foi levado at\u00e9 a Delegacia de Prote\u00e7\u00e3o \u00e0 Crian\u00e7a, \u00e0 Mulher ao Adolescente e ao Idoso \u2013 DPCAMI de Joinville, local onde foi lavrado o Auto de Pris\u00e3o em Flagrante (APF) e realizados os procedimentos de pol\u00edcia judici\u00e1ria.<\/p><p>Colabore com a Pol\u00edcia Civil fazendo den\u00fancias pelo telefone 181.<\/p>\t\t\t\t\t\t\t\t<\/div>\n\t\t\t\t<\/div>\n\t\t\t\t\t<\/div>\n\t\t<\/div>\n\t\t\t\t\t<\/div>\n\t\t<\/section>\n\t\t\t\t<section class=\"elementor-section elementor-top-section elementor-element elementor-element-843dc96 elementor-section-boxed elementor-section-height-default elementor-section-height-default\" data-id=\"843dc96\" data-element_type=\"section\">\n\t\t\t\t\t\t<div class=\"elementor-container elementor-column-gap-default\">\n\t\t\t\t\t<div class=\"elementor-column elementor-col-100 elementor-top-column elementor-element elementor-element-7854aa2\" data-id=\"7854aa2\" data-element_type=\"column\">\n\t\t\t<div class=\"elementor-widget-wrap elementor-element-populated\">\n\t\t\t\t\t\t<div class=\"elementor-element elementor-element-a6c3068 elementor-widget elementor-widget-image\" data-id=\"a6c3068\" data-element_type=\"widget\" data-widget_type=\"image.default\">\n\t\t\t\t<div class=\"elementor-widget-container\">\n\t\t\t\t\t\t\t\t\t\t\t\t\t\t\t<img fetchpriority=\"high\" decoding=\"async\" width=\"696\" height=\"440\" src=\"https:\/\/pc.sc.gov.br\/\/wp-content\/uploads\/2023\/08\/WhatsApp-Image-2023-08-08-at-14.26.15-1024x647.jpeg\" class=\"attachment-large size-large wp-image-12312\" alt=\"\" srcset=\"https:\/\/pc.sc.gov.br\/\/wp-content\/uploads\/2023\/08\/WhatsApp-Image-2023-08-08-at-14.26.15-1024x647.jpeg 1024w, https:\/\/pc.sc.gov.br\/\/wp-content\/uploads\/2023\/08\/WhatsApp-Image-2023-08-08-at-14.26.15-300x190.jpeg 300w, https:\/\/pc.sc.gov.br\/\/wp-content\/uploads\/2023\/08\/WhatsApp-Image-2023-08-08-at-14.26.15-768x486.jpeg 768w, https:\/\/pc.sc.gov.br\/\/wp-content\/uploads\/2023\/08\/WhatsApp-Image-2023-08-08-at-14.26.15.jpeg 1422w\" sizes=\"(max-width: 696px) 100vw, 696px\" \/>\t\t\t\t\t\t\t\t\t\t\t\t\t\t\t<\/div>\n\t\t\t\t<\/div>\n\t\t\t\t\t<\/div>\n\t\t<\/div>\n\t\t\t\t\t<\/div>\n\t\t<\/section>\n\t\t\t\t<\/div>\n\t\t","protected":false},"excerpt":{"rendered":"<p>Em Joinville, Pol\u00edcia Civil prende em flagrante, pelo crime de posse irregular de arma de fogo, homem que amea\u00e7ou a companheira de morte A Pol\u00edcia Civil de Santa Catarina, por meio da Delegacia de Prote\u00e7\u00e3o \u00e0 Crian\u00e7a, \u00e0 Mulher ao Adolescente e ao Idoso (DPCAMI) de Joinville prendeu em flagrante na segunda-feira, 7, um homem [&hellip;]<\/p>\n","protected":false},"author":5,"featured_media":12312,"comment_status":"closed","ping_status":"open","sticky":false,"template":"","format":"standard","meta":{"_monsterinsights_skip_tracking":false,"_monsterinsights_sitenote_active":false,"_monsterinsights_sitenote_note":"","_monsterinsights_sitenote_category":0,"footnotes":""},"categories":[1],"tags":[],"class_list":["post-12307","post","type-post","status-publish","format-standard","has-post-thumbnail","hentry","category-sem-categoria"],"_links":{"self":[{"href":"https:\/\/pc.sc.gov.br\/index.php?rest_route=\/wp\/v2\/posts\/12307","targetHints":{"allow":["GET"]}}],"collection":[{"href":"https:\/\/pc.sc.gov.br\/index.php?rest_route=\/wp\/v2\/posts"}],"about":[{"href":"https:\/\/pc.sc.gov.br\/index.php?rest_route=\/wp\/v2\/types\/post"}],"author":[{"embeddable":true,"href":"https:\/\/pc.sc.gov.br\/index.php?rest_route=\/wp\/v2\/users\/5"}],"replies":[{"embeddable":true,"href":"https:\/\/pc.sc.gov.br\/index.php?rest_route=%2Fwp%2Fv2%2Fcomments&post=12307"}],"version-history":[{"count":8,"href":"https:\/\/pc.sc.gov.br\/index.php?rest_route=\/wp\/v2\/posts\/12307\/revisions"}],"predecessor-version":[{"id":12316,"href":"https:\/\/pc.sc.gov.br\/index.php?rest_route=\/wp\/v2\/posts\/12307\/revisions\/12316"}],"wp:featuredmedia":[{"embeddable":true,"href":"https:\/\/pc.sc.gov.br\/index.php?rest_route=\/wp\/v2\/media\/12312"}],"wp:attachment":[{"href":"https:\/\/pc.sc.gov.br\/index.php?rest_route=%2Fwp%2Fv2%2Fmedia&parent=12307"}],"wp:term":[{"taxonomy":"category","embeddable":true,"href":"https:\/\/pc.sc.gov.br\/index.php?rest_route=%2Fwp%2Fv2%2Fcategories&post=12307"},{"taxonomy":"post_tag","embeddable":true,"href":"https:\/\/pc.sc.gov.br\/index.php?rest_route=%2Fwp%2Fv2%2Ftags&post=12307"}],"curies":[{"name":"wp","href":"https:\/\/api.w.org\/{rel}","templated":true}]}}